{"id":196022,"date":"2025-06-22T14:39:09","date_gmt":"2025-06-22T14:39:09","guid":{"rendered":"https:\/\/www.europesays.com\/fr\/196022\/"},"modified":"2025-06-22T14:39:09","modified_gmt":"2025-06-22T14:39:09","slug":"info-va-fete-de-la-musique-un-policier-traine-sur-plusieurs-metres-par-un-chauffard-a-paris","status":"publish","type":"post","link":"https:\/\/www.europesays.com\/fr\/196022\/","title":{"rendered":"[Info VA] F\u00eate de la musique : un policier tra\u00een\u00e9 sur plusieurs m\u00e8tres par un chauffard \u00e0 Paris"},"content":{"rendered":"<p>\t[Info VA] F\u00eate de la musique : un policier tra\u00een\u00e9 sur plusieurs m\u00e8tres par un chauffard \u00e0 Paris &#8211; Valeurs actuelles<\/p>\n<p><a href=\"https:\/\/www.valeursactuelles.com\/\" target=\"_blank\" rel=\"noopener\">Accueil<\/a> \u00bb <a href=\"https:\/\/www.valeursactuelles.com\/faits-divers\" target=\"_blank\" rel=\"noopener\">Faits divers<\/a> \u00bb [Info VA] F\u00eate de la musique : un policier tra\u00een\u00e9 sur plusieurs m\u00e8tres par un chauffard \u00e0 Paris<\/p>\n","protected":false},"excerpt":{"rendered":"[Info VA] F\u00eate de la musique : un policier tra\u00een\u00e9 sur plusieurs m\u00e8tres par un chauffard \u00e0 Paris&hellip;\n","protected":false},"author":2,"featured_media":87105,"comment_status":"","ping_status":"","sticky":false,"template":"","format":"standard","meta":{"footnotes":""},"categories":[1888],"tags":[33512,11,4378,1052,1777,674,1011,27,12,626,1072,2852,25],"class_list":{"0":"post-196022","1":"post","2":"type-post","3":"status-publish","4":"format-standard","5":"has-post-thumbnail","7":"category-paris","8":"tag-11e-arrondissement","9":"tag-actualites","10":"tag-chauffard","11":"tag-drogue","12":"tag-eu","13":"tag-europe","14":"tag-fr","15":"tag-france","16":"tag-news","17":"tag-paris","18":"tag-police","19":"tag-refus-dobtemperer","20":"tag-republique-francaise"},"share_on_mastodon":{"url":"https:\/\/pubeurope.com\/@fr\/114727535500581743","error":""},"_links":{"self":[{"href":"https:\/\/www.europesays.com\/fr\/wp-json\/wp\/v2\/posts\/196022","targetHints":{"allow":["GET"]}}],"collection":[{"href":"https:\/\/www.europesays.com\/fr\/wp-json\/wp\/v2\/posts"}],"about":[{"href":"https:\/\/www.europesays.com\/fr\/wp-json\/wp\/v2\/types\/post"}],"author":[{"embeddable":true,"href":"https:\/\/www.europesays.com\/fr\/wp-json\/wp\/v2\/users\/2"}],"replies":[{"embeddable":true,"href":"https:\/\/www.europesays.com\/fr\/wp-json\/wp\/v2\/comments?post=196022"}],"version-history":[{"count":0,"href":"https:\/\/www.europesays.com\/fr\/wp-json\/wp\/v2\/posts\/196022\/revisions"}],"wp:featuredmedia":[{"embeddable":true,"href":"https:\/\/www.europesays.com\/fr\/wp-json\/wp\/v2\/media\/87105"}],"wp:attachment":[{"href":"https:\/\/www.europesays.com\/fr\/wp-json\/wp\/v2\/media?parent=196022"}],"wp:term":[{"taxonomy":"category","embeddable":true,"href":"https:\/\/www.europesays.com\/fr\/wp-json\/wp\/v2\/categories?post=196022"},{"taxonomy":"post_tag","embeddable":true,"href":"https:\/\/www.europesays.com\/fr\/wp-json\/wp\/v2\/tags?post=196022"}],"curies":[{"name":"wp","href":"https:\/\/api.w.org\/{rel}","templated":true}]}}