{"id":196023,"date":"2025-06-22T14:40:13","date_gmt":"2025-06-22T14:40:13","guid":{"rendered":"https:\/\/www.europesays.com\/fr\/196023\/"},"modified":"2025-06-22T14:40:13","modified_gmt":"2025-06-22T14:40:13","slug":"direct-monaco-paris-basketball-nouvelle-balle-de-titre-pour-les-parisiens-suivez-le-match-4-de-la-finale-de-betclic-elite","status":"publish","type":"post","link":"https:\/\/www.europesays.com\/fr\/196023\/","title":{"rendered":"DIRECT. Monaco &#8211; Paris basketball : nouvelle balle de titre pour les Parisiens, suivez le match 4 de la finale de Betclic Elite"},"content":{"rendered":"<p>A Monaco, la star de l&rsquo;\u00e9quipe, <a href=\"https:\/\/www.leparisien.fr\/sports\/basket\/basket-mike-james-toujours-suspendu-par-monaco-avant-le-debut-de-la-finale-de-betlic-elite-face-a-paris-14-06-2025-GNGWC3Z2T5GB5COG6A2E4C4NWQ.php\" target=\"_blank\" rel=\"noopener\">Mike James<\/a>, est \u00e9videmment toujours absente, suspendue par son club pour un mauvais comportement. Mais la Roca Team a de quoi faire derri\u00e8re. Elie Okobo et Matthew Strazel portent le poste 1. Alpha Diallo, meilleur d\u00e9fenseur de la saison et Papagiannis meilleur contreur.<\/p>\n<p>Mais \u00e0 Paris aussi il y a du beau monde. Le double MVP de Betclic Elite, TJ Shorts, est en pleine forme. Nadir Hifi, meilleur scoreur du championnat est \u00e9galement dans le coup.<\/p>\n","protected":false},"excerpt":{"rendered":"A Monaco, la star de l&rsquo;\u00e9quipe, Mike James, est \u00e9videmment toujours absente, suspendue par son club pour un&hellip;\n","protected":false},"author":2,"featured_media":196024,"comment_status":"","ping_status":"","sticky":false,"template":"","format":"standard","meta":{"footnotes":""},"categories":[1888],"tags":[11,1465,1777,674,1011,27,1227,12,626,25],"class_list":{"0":"post-196023","1":"post","2":"type-post","3":"status-publish","4":"format-standard","5":"has-post-thumbnail","7":"category-paris","8":"tag-actualites","9":"tag-basket","10":"tag-eu","11":"tag-europe","12":"tag-fr","13":"tag-france","14":"tag-horizontal","15":"tag-news","16":"tag-paris","17":"tag-republique-francaise"},"share_on_mastodon":{"url":"https:\/\/pubeurope.com\/@fr\/114727539463185886","error":""},"_links":{"self":[{"href":"https:\/\/www.europesays.com\/fr\/wp-json\/wp\/v2\/posts\/196023","targetHints":{"allow":["GET"]}}],"collection":[{"href":"https:\/\/www.europesays.com\/fr\/wp-json\/wp\/v2\/posts"}],"about":[{"href":"https:\/\/www.europesays.com\/fr\/wp-json\/wp\/v2\/types\/post"}],"author":[{"embeddable":true,"href":"https:\/\/www.europesays.com\/fr\/wp-json\/wp\/v2\/users\/2"}],"replies":[{"embeddable":true,"href":"https:\/\/www.europesays.com\/fr\/wp-json\/wp\/v2\/comments?post=196023"}],"version-history":[{"count":0,"href":"https:\/\/www.europesays.com\/fr\/wp-json\/wp\/v2\/posts\/196023\/revisions"}],"wp:featuredmedia":[{"embeddable":true,"href":"https:\/\/www.europesays.com\/fr\/wp-json\/wp\/v2\/media\/196024"}],"wp:attachment":[{"href":"https:\/\/www.europesays.com\/fr\/wp-json\/wp\/v2\/media?parent=196023"}],"wp:term":[{"taxonomy":"category","embeddable":true,"href":"https:\/\/www.europesays.com\/fr\/wp-json\/wp\/v2\/categories?post=196023"},{"taxonomy":"post_tag","embeddable":true,"href":"https:\/\/www.europesays.com\/fr\/wp-json\/wp\/v2\/tags?post=196023"}],"curies":[{"name":"wp","href":"https:\/\/api.w.org\/{rel}","templated":true}]}}