{"id":196031,"date":"2025-06-22T14:44:20","date_gmt":"2025-06-22T14:44:20","guid":{"rendered":"https:\/\/www.europesays.com\/fr\/196031\/"},"modified":"2025-06-22T14:44:20","modified_gmt":"2025-06-22T14:44:20","slug":"sous-pression-sur-limmigration-starmer-promet-de-reprendre-le-controle-des-frontieres-lexpress","status":"publish","type":"post","link":"https:\/\/www.europesays.com\/fr\/196031\/","title":{"rendered":"sous pression sur l&rsquo;immigration, Starmer promet de \u00ab\u00a0reprendre le contr\u00f4le\u00a0\u00bb des fronti\u00e8res \u2013 L&rsquo;Express"},"content":{"rendered":"<p class=\"paragraph article-body-paragraph article__item   article-body-paragraph--first \">Tous les domaines du syst\u00e8me d&rsquo;immigration, y compris (les visas) de travail, de regroupement familial, d&rsquo;\u00e9tude, seront renforc\u00e9s afin que nous puissions mieux les contr\u00f4ler, a d\u00e9clar\u00e9 le dirigeant travailliste lors d&rsquo;une conf\u00e9rence de presse \u00e0 Downing Street.<\/p>\n<p class=\"paragraph article-body-paragraph article__item   \">Parmi ces mesures radicales, il faudra dix ans, et non plus cinq, pass\u00e9s sur le territoire pour demander un titre de r\u00e9sident permanent ou la nationalit\u00e9 britannique, et le secteur des soins aux personnes \u00e2g\u00e9es, actuellement tr\u00e8s d\u00e9pendant de la main d&rsquo;\u0153uvre \u00e9trang\u00e8re, ne pourra plus recruter hors du pays.<\/p>\n<p class=\"paragraph article-body-paragraph article__item   \">Le niveau d&rsquo;anglais n\u00e9cessaire pour immigrer sera renforc\u00e9, y compris, pour la premi\u00e8re fois, pour les adultes d\u00e9pendants d&rsquo;un titulaire de visa. La dur\u00e9e pendant laquelle les \u00e9tudiants \u00e9trangers pourront rester au Royaume-Uni apr\u00e8s leurs \u00e9tudes va \u00e9galement diminuer. <\/p>\n<p class=\"paragraph article-body-paragraph article__item   \">Ce plan doit permettre de reprendre enfin le contr\u00f4le de nos fronti\u00e8res, a affirm\u00e9 Keir Starmer, reprenant un slogan des partisans du Brexit. <\/p>\n<p class=\"paragraph article-body-paragraph article__item   \">Le Royaume-Uni risque de devenir une \u00eele d&rsquo;\u00e9trangers, et non une nation qui avance ensemble, sans une meilleure int\u00e9gration, a-t-il \u00e9galement d\u00e9clar\u00e9, s&rsquo;attirant de vives critiques d&rsquo;ONG de d\u00e9fense des migrants et d&rsquo;\u00e9lus \u00e0 la gauche du parti travailliste.<\/p>\n<p class=\"paragraph article-body-paragraph article__item   \">Le nombre d&rsquo;immigrants diminuera de fa\u00e7on significative d&rsquo;ici les l\u00e9gislatives de 2029, a promis Starmer.<\/p>\n<p class=\"paragraph article-body-paragraph article__item   \">Depuis leur arriv\u00e9e au gouvernement en juillet, les travaillistes promettent de r\u00e9duire l&rsquo;immigration nette &#8211; la diff\u00e9rence entre arriv\u00e9es et d\u00e9parts &#8211; qui s&rsquo;est \u00e9tablie \u00e0 728.000 personnes entre juin 2023 et juin 2024. <\/p>\n<p class=\"paragraph article-body-paragraph article__item   \">Elle avait atteint un record de 906.000 entre juin 2022 et juin 2023, contre 200.000 en moyenne dans les ann\u00e9es 2010.<\/p>\n<p> D\u00e9j\u00e0 \u00e0 terre <img decoding=\"async\" src=\"https:\/\/www.europesays.com\/fr\/wp-content\/uploads\/2025\/06\/DZ4ZYNFJD5HDZAAMPJZ34Z5VMU.jpg\" class=\"image-with-legend__cover-img\" alt=\"Nigel Farage (c), leader du parti Reform UK, c\u00e9l\u00e8bre la victoire de Sarah Pochin, candidate du parti, \u00e0 l'\u00e9lection partielle dans la circonscription de Runcorn &amp; Helsby \u00e0 Widnes, dans le nord-ouest de l'Angleterre, le 2 mai 2025\" width=\"883\" height=\"0\" loading=\"lazy\"\/><\/p>\n<p class=\"image-with-legend__legend\">Nigel Farage (c), leader du parti Reform UK, c\u00e9l\u00e8bre la victoire de Sarah Pochin, candidate du parti, \u00e0 l&rsquo;\u00e9lection partielle dans la circonscription de Runcorn &amp; Helsby \u00e0 Widnes, dans le nord-ouest de l&rsquo;Angleterre, le 2 mai 2025<\/p>\n<p class=\"image-with-legend__credits\"> \u00a9  \/ afp.com\/Oli SCARFF<\/p>\n<p class=\"paragraph article-body-paragraph article__item   \">Le gouvernement avait distill\u00e9 ces derniers jours une grande partie de son plan, press\u00e9 de montrer qu&rsquo;il r\u00e9pond aux \u00e9lecteurs apr\u00e8s le succ\u00e8s du parti anti-immigration Reform UK de Nigel Farage lors des \u00e9lections locales du 1er mai.<\/p>\n<p class=\"paragraph article-body-paragraph article__item   \">Keir Starmer a \u00e9cout\u00e9 et appris de Reform UK, a jug\u00e9 lundi sur la BBC le d\u00e9put\u00e9 et chef adjoint de Reform Richard Tice, tout en doutant de sa capacit\u00e9 \u00e0 tenir ses promesses.<\/p>\n<p class=\"paragraph article-body-paragraph article__item   \">Pour s&rsquo;assurer que les \u00e9trangers d\u00e9sireux de s&rsquo;installer au Royaume-Uni m\u00e9ritent de rester, selon le gouvernement, il faudra dix ans pour demander le titre de r\u00e9sident permanent, que 162.000 personnes ont re\u00e7u l&rsquo;an pass\u00e9 (+35% sur un an).<\/p>\n<p class=\"paragraph article-body-paragraph article__item   \">Les infirmi\u00e8res, m\u00e9decins, ing\u00e9nieurs et dirigeants dans l&rsquo;intelligence artificielle pourront continuer \u00e0 candidater au bout de cinq ans.<\/p>\n<p class=\"paragraph article-body-paragraph article__item   \">Le plan pr\u00e9voit aussi un durcissement des conditions d&rsquo;octroi des visas de travail (369.000 en 2024).<\/p>\n<p><img decoding=\"async\" src=\"https:\/\/www.europesays.com\/fr\/wp-content\/uploads\/2025\/06\/L2P3FDQQQFCYBAIGEWSPQTYBEY.jpg\" class=\"image-with-legend__cover-img\" alt=\"La ministre britannique de l'Int\u00e9rieur, Yvette Cooper, prononce un discours lors du Sommet international sur la s\u00e9curit\u00e9 des fronti\u00e8res \u00e0 Londres, le 31 mars 2025\" width=\"883\" height=\"0\" loading=\"lazy\"\/><\/p>\n<p class=\"image-with-legend__legend\">La ministre britannique de l&rsquo;Int\u00e9rieur, Yvette Cooper, prononce un discours lors du Sommet international sur la s\u00e9curit\u00e9 des fronti\u00e8res \u00e0 Londres, le 31 mars 2025<\/p>\n<p class=\"image-with-legend__credits\"> \u00a9  \/ afp.com\/Stefan Rousseau<\/p>\n<p class=\"paragraph article-body-paragraph article__item   \">Selon la ministre de l&rsquo;Int\u00e9rieur Yvette Cooper, les nouvelles mesures vont r\u00e9duire d&rsquo;environ 100.000 par an le nombre de visas accord\u00e9s. <\/p>\n<p class=\"paragraph article-body-paragraph article__item   \">Elles vont permettre de r\u00e9tablir l&rsquo;ordre dans le syst\u00e8me, de tourner la page du chaos, a-t-elle d\u00e9clar\u00e9 devant la chambre des Communes \u00e0 Westminster. <\/p>\n<p class=\"paragraph article-body-paragraph article__item   \">Les employeurs qui veulent recruter des personnes \u00e0 l&rsquo;\u00e9tranger devront investir dans la formation de travailleurs britanniques.<\/p>\n<p class=\"paragraph article-body-paragraph article__item   \">Le gouvernement nous porte un coup alors que nous sommes d\u00e9j\u00e0 \u00e0 terre, a d\u00e9plor\u00e9 Martin Green, directeur g\u00e9n\u00e9ral de Care England, association du secteur de l&rsquo;aide aux personnes \u00e2g\u00e9es, pour lequel la main d\u2019\u0153uvre \u00e9trang\u00e8re est une bou\u00e9e de sauvetage.<\/p>\n<p class=\"paragraph article-body-paragraph article__item   \">La semaine derni\u00e8re, le gouvernement avait d\u00e9j\u00e0 annonc\u00e9 vouloir restreindre les visas de travail et \u00e9tudiants pour les ressortissants de pays comme le Pakistan, le Nigeria et le Sri Lanka, les plus susceptibles de demander l&rsquo;asile.<\/p>\n<p class=\"paragraph article-body-paragraph article__item   \">Le gouvernement veut aussi pouvoir expulser plus d&rsquo;\u00e9trangers condamn\u00e9s pour des d\u00e9lits. Actuellement ils ne sont g\u00e9n\u00e9ralement expuls\u00e9s que s&rsquo;ils sont condamn\u00e9s \u00e0 plus d&rsquo;un an de prison.<\/p>\n<p class=\"paragraph article-body-paragraph article__item   \">Outre l&rsquo;immigration l\u00e9gale, le gouvernement est \u00e9galement sous pression pour endiguer l&rsquo;arriv\u00e9e de migrants traversant la Manche sur de petites embarcations. Quelque 36.800 sont arriv\u00e9s l&rsquo;an dernier, et plus de 11.000 depuis le d\u00e9but de l&rsquo;ann\u00e9e.<\/p>\n<p class=\"paragraph article-body-paragraph article__item    article__text__endpicto\">Dans la nuit de dimanche \u00e0 lundi, une personne est morte et plusieurs autres ont \u00e9t\u00e9 bless\u00e9es lors d&rsquo;une tentative de travers\u00e9e clandestine, a annonc\u00e9 la pr\u00e9fecture maritime fran\u00e7aise.<\/p>\n","protected":false},"excerpt":{"rendered":"Tous les domaines du syst\u00e8me d&rsquo;immigration, y compris (les visas) de travail, de regroupement familial, d&rsquo;\u00e9tude, seront renforc\u00e9s&hellip;\n","protected":false},"author":2,"featured_media":196032,"comment_status":"","ping_status":"","sticky":false,"template":"","format":"standard","meta":{"footnotes":""},"categories":[1588],"tags":[11,10944,1777,674,12,473,1853,1851,1850,1852],"class_list":{"0":"post-196031","1":"post","2":"type-post","3":"status-publish","4":"format-standard","5":"has-post-thumbnail","7":"category-royaume-uni","8":"tag-actualites","9":"tag-archives","10":"tag-eu","11":"tag-europe","12":"tag-news","13":"tag-royaume-uni","14":"tag-royaume-uni-de-grande-bretagne-et-dirlande-du-nord","15":"tag-uk","16":"tag-united-kingdom","17":"tag-united-kingdom-of-great-britain-and-northern-ireland"},"share_on_mastodon":{"url":"https:\/\/pubeurope.com\/@fr\/114727555221239127","error":""},"_links":{"self":[{"href":"https:\/\/www.europesays.com\/fr\/wp-json\/wp\/v2\/posts\/196031","targetHints":{"allow":["GET"]}}],"collection":[{"href":"https:\/\/www.europesays.com\/fr\/wp-json\/wp\/v2\/posts"}],"about":[{"href":"https:\/\/www.europesays.com\/fr\/wp-json\/wp\/v2\/types\/post"}],"author":[{"embeddable":true,"href":"https:\/\/www.europesays.com\/fr\/wp-json\/wp\/v2\/users\/2"}],"replies":[{"embeddable":true,"href":"https:\/\/www.europesays.com\/fr\/wp-json\/wp\/v2\/comments?post=196031"}],"version-history":[{"count":0,"href":"https:\/\/www.europesays.com\/fr\/wp-json\/wp\/v2\/posts\/196031\/revisions"}],"wp:featuredmedia":[{"embeddable":true,"href":"https:\/\/www.europesays.com\/fr\/wp-json\/wp\/v2\/media\/196032"}],"wp:attachment":[{"href":"https:\/\/www.europesays.com\/fr\/wp-json\/wp\/v2\/media?parent=196031"}],"wp:term":[{"taxonomy":"category","embeddable":true,"href":"https:\/\/www.europesays.com\/fr\/wp-json\/wp\/v2\/categories?post=196031"},{"taxonomy":"post_tag","embeddable":true,"href":"https:\/\/www.europesays.com\/fr\/wp-json\/wp\/v2\/tags?post=196031"}],"curies":[{"name":"wp","href":"https:\/\/api.w.org\/{rel}","templated":true}]}}