{"id":196033,"date":"2025-06-22T14:45:12","date_gmt":"2025-06-22T14:45:12","guid":{"rendered":"https:\/\/www.europesays.com\/fr\/196033\/"},"modified":"2025-06-22T14:45:12","modified_gmt":"2025-06-22T14:45:12","slug":"litalie-u21-prete-pour-le-defi-contre-lallemagne","status":"publish","type":"post","link":"https:\/\/www.europesays.com\/fr\/196033\/","title":{"rendered":"L&rsquo;Italie U21 pr\u00eate pour le d\u00e9fi contre l&rsquo;Allemagne"},"content":{"rendered":"<p>Apr\u00e8s avoir pass\u00e9 la phase de groupes en tant que deuxi\u00e8me de leur groupe, l&rsquo;Italie U21 de Carmine Nunziata est pr\u00eate \u00e0 affronter l&rsquo;Allemagne dans un match comptant pour l&rsquo;un des quarts de finale du Championnat d&rsquo;Europe de la cat\u00e9gorie. Le vainqueur du match affrontera, en demi-finale, soit le Danemark soit la France. Le quart de finale de l&rsquo;Euro U21, qui verra l&rsquo;Italie et l&rsquo;Allemagne s&rsquo;affronter, est programm\u00e9 pour le dimanche 22 juin. Le match se jouera \u00e0 la DAC Arena de Dunajsk\u00e1 Streda (Slovaquie) avec un coup d&rsquo;envoi \u00e0 21h00. Allemagne-Italie Under 21 sera visible en direct gratuit et en clair sur la Rai : Rai 2 diffusera le match qui verra les jeunes italiens engag\u00e9s en quart de finale de l&rsquo;Euro. Vous pourrez \u00e9galement regarder Allemagne-Italie Under 21 en direct en streaming sur RaiPlay, toujours gratuitement et en clair, en t\u00e9l\u00e9chargeant l&rsquo;application ou en acc\u00e9dant au site via n&rsquo;importe quel appareil (tv ou mobile). Allemagne UNDER 21 (4-3-3) : Atubolu ; Collins, Rosenfelder, Arrey-Mbi, Brown ; Nebel, Martel, Reitz ; Gruda, Tresoldi, Woltemade. Ct. Di Salvo Italie UNDER 21 (4-3-2-1) : Desplanches ; Zanotti, Coppola, Pirola, Ruggeri ; Fabbian, Prati, Ndour ; Baldanzi, Casadei ; Gnonto. Ct. Nunziata Italie-Allemagne vaut une place parmi les quatre meilleures \u00e9quipes nationales Under 21 d&rsquo;Europe et pour injecter dans les veines des Italiens cette grinta indispensable contre un adversaire si difficile, qui mieux que le s\u00e9lectionneur des &lsquo;grands&rsquo;, Rino Gattuso ? Dans les tribunes de la Dac Arena de Dunajska Streda, le tout nouveau s\u00e9lectionneur fera sa premi\u00e8re apparition officielle dimanche, revenant dans cette Slovaquie o\u00f9 il y a 25 ans il est devenu champion continental avec les Under, alors dirig\u00e9 par Marco Tardelli. Un pr\u00e9sage et une motivation en m\u00eame temps, pour les gar\u00e7ons de Carmine Nunziata, que Gattuso rencontrera avant le match avec le chef de d\u00e9l\u00e9gation italien, Gianluigi Buffon.<\/p>\n<p>\n\u00a9 TOUS DROITS R\u00c9SERV\u00c9S <br \/>Cet article est traduit automatiquement <\/p>\n","protected":false},"excerpt":{"rendered":"Apr\u00e8s avoir pass\u00e9 la phase de groupes en tant que deuxi\u00e8me de leur groupe, l&rsquo;Italie U21 de Carmine&hellip;\n","protected":false},"author":2,"featured_media":196034,"comment_status":"","ping_status":"","sticky":false,"template":"","format":"standard","meta":{"footnotes":""},"categories":[1587],"tags":[11,672,1804,1805,1803,1777,674,1801,12,1802],"class_list":{"0":"post-196033","1":"post","2":"type-post","3":"status-publish","4":"format-standard","5":"has-post-thumbnail","7":"category-allemagne","8":"tag-actualites","9":"tag-allemagne","10":"tag-bundesrepublik-deutschland","11":"tag-de","12":"tag-deutschland","13":"tag-eu","14":"tag-europe","15":"tag-germany","16":"tag-news","17":"tag-republique-federale-dallemagne"},"share_on_mastodon":{"url":"https:\/\/pubeurope.com\/@fr\/114727559116077683","error":""},"_links":{"self":[{"href":"https:\/\/www.europesays.com\/fr\/wp-json\/wp\/v2\/posts\/196033","targetHints":{"allow":["GET"]}}],"collection":[{"href":"https:\/\/www.europesays.com\/fr\/wp-json\/wp\/v2\/posts"}],"about":[{"href":"https:\/\/www.europesays.com\/fr\/wp-json\/wp\/v2\/types\/post"}],"author":[{"embeddable":true,"href":"https:\/\/www.europesays.com\/fr\/wp-json\/wp\/v2\/users\/2"}],"replies":[{"embeddable":true,"href":"https:\/\/www.europesays.com\/fr\/wp-json\/wp\/v2\/comments?post=196033"}],"version-history":[{"count":0,"href":"https:\/\/www.europesays.com\/fr\/wp-json\/wp\/v2\/posts\/196033\/revisions"}],"wp:featuredmedia":[{"embeddable":true,"href":"https:\/\/www.europesays.com\/fr\/wp-json\/wp\/v2\/media\/196034"}],"wp:attachment":[{"href":"https:\/\/www.europesays.com\/fr\/wp-json\/wp\/v2\/media?parent=196033"}],"wp:term":[{"taxonomy":"category","embeddable":true,"href":"https:\/\/www.europesays.com\/fr\/wp-json\/wp\/v2\/categories?post=196033"},{"taxonomy":"post_tag","embeddable":true,"href":"https:\/\/www.europesays.com\/fr\/wp-json\/wp\/v2\/tags?post=196033"}],"curies":[{"name":"wp","href":"https:\/\/api.w.org\/{rel}","templated":true}]}}