{"id":196045,"date":"2025-06-22T14:52:11","date_gmt":"2025-06-22T14:52:11","guid":{"rendered":"https:\/\/www.europesays.com\/fr\/196045\/"},"modified":"2025-06-22T14:52:11","modified_gmt":"2025-06-22T14:52:11","slug":"volley-les-yellow-tigers-renversent-le-canada-et-font-un-grand-pas-vers-le-maintien-en-ligue-des-nations","status":"publish","type":"post","link":"https:\/\/www.europesays.com\/fr\/196045\/","title":{"rendered":"Volley : les Yellow Tigers renversent le Canada et font un grand pas vers le maintien en Ligue des Nations"},"content":{"rendered":"<p>La Belgique (FIVB 17) a \u00e9t\u00e9 au bout des cinq sets pour renverser le Canada (FIVB 9): 22-25, 25-13, 21-25, 25-22, 18-16. Cette victoire, la 3e dans cette Volley Nations League (VNL), permet aux Tigers d&rsquo;envisager sereinement le maintien.\u00a0<strong>Britt Herbots<\/strong> a une nouvelle fois mis son empreinte sur le marquoir avec 31 points dont 27 en attaque. <strong>Pauline Martin<\/strong> y a ajout\u00e9 17 unit\u00e9s, <strong>Nathalie Lemmens <\/strong>10.\u00a0<\/p>\n<p>Avec ce succ\u00e8s, la Belgique se hisse \u00e0 la 12e place du classement. Elle compte 3 victoires et 8 points en 8 matchs. Les Tigers avaient battu la Tha\u00eflande lors de la premi\u00e8re semaine de comp\u00e9tition, mais elles se sont inclin\u00e9es devant la Chine, la France et la Pologne. En deuxi\u00e8me semaine, elles ont c\u00e9d\u00e9 face au Br\u00e9sil et \u00e0 la R\u00e9publique dominicaine, avant de battre la Cor\u00e9e du Sud et le Canada.\u00a0<\/p>\n<p>Seule la derni\u00e8re des 18 \u00e9quipes du classement de la Ligue des Nations sera rel\u00e9gu\u00e9e. Si le maintien n&rsquo;est pas encore math\u00e9matiquement assur\u00e9, la Belgique compte toutefois une avance de trois victoires sur la Serbie, lanterne rouge, qui n&rsquo;a pas encore remport\u00e9 le moindre de ses 7 matchs et compte 5 points. <strong>Les Tigers peuvent m\u00eame th\u00e9oriquement r\u00eaver d&rsquo;un top 8<\/strong>, puisqu&rsquo;elles n&rsquo;ont qu&rsquo;une victoire et 2 points de retard sur la Tch\u00e9quie, qu&rsquo;elles affronteront la semaine prochaine.\u00a0<\/p>\n<p>Le programme de la troisi\u00e8me semaine s&rsquo;ouvrira le 9 juillet \u00e0 Apeldoorn (Pays-Bas) avec un grand d\u00e9fi contre l&rsquo;Italie, leader invaincue de la VNL. Suivront les Pays-Bas, la Serbie, et la Tch\u00e9quie. Apr\u00e8s la Ligue des Nations s&rsquo;encha\u00eeneront la fin des qualifications pour l&rsquo;Euro\u00a0ainsi que le Mondial.<\/p>\n","protected":false},"excerpt":{"rendered":"La Belgique (FIVB 17) a \u00e9t\u00e9 au bout des cinq sets pour renverser le Canada (FIVB 9): 22-25,&hellip;\n","protected":false},"author":2,"featured_media":196046,"comment_status":"","ping_status":"","sticky":false,"template":"","format":"standard","meta":{"footnotes":""},"categories":[1417],"tags":[1011,27,60,1470,1469],"class_list":{"0":"post-196045","1":"post","2":"type-post","3":"status-publish","4":"format-standard","5":"has-post-thumbnail","7":"category-volley","8":"tag-fr","9":"tag-france","10":"tag-sports","11":"tag-volley","12":"tag-volleyball"},"share_on_mastodon":{"url":"https:\/\/pubeurope.com\/@fr\/114727586597311842","error":""},"_links":{"self":[{"href":"https:\/\/www.europesays.com\/fr\/wp-json\/wp\/v2\/posts\/196045","targetHints":{"allow":["GET"]}}],"collection":[{"href":"https:\/\/www.europesays.com\/fr\/wp-json\/wp\/v2\/posts"}],"about":[{"href":"https:\/\/www.europesays.com\/fr\/wp-json\/wp\/v2\/types\/post"}],"author":[{"embeddable":true,"href":"https:\/\/www.europesays.com\/fr\/wp-json\/wp\/v2\/users\/2"}],"replies":[{"embeddable":true,"href":"https:\/\/www.europesays.com\/fr\/wp-json\/wp\/v2\/comments?post=196045"}],"version-history":[{"count":0,"href":"https:\/\/www.europesays.com\/fr\/wp-json\/wp\/v2\/posts\/196045\/revisions"}],"wp:featuredmedia":[{"embeddable":true,"href":"https:\/\/www.europesays.com\/fr\/wp-json\/wp\/v2\/media\/196046"}],"wp:attachment":[{"href":"https:\/\/www.europesays.com\/fr\/wp-json\/wp\/v2\/media?parent=196045"}],"wp:term":[{"taxonomy":"category","embeddable":true,"href":"https:\/\/www.europesays.com\/fr\/wp-json\/wp\/v2\/categories?post=196045"},{"taxonomy":"post_tag","embeddable":true,"href":"https:\/\/www.europesays.com\/fr\/wp-json\/wp\/v2\/tags?post=196045"}],"curies":[{"name":"wp","href":"https:\/\/api.w.org\/{rel}","templated":true}]}}