{"id":19605,"date":"2025-04-12T10:23:29","date_gmt":"2025-04-12T10:23:29","guid":{"rendered":"https:\/\/www.europesays.com\/fr\/19605\/"},"modified":"2025-04-12T10:23:29","modified_gmt":"2025-04-12T10:23:29","slug":"le-syndicalisme-les-emmerde-nouvelle-mobilisation-des-artistes-en-colere-a-nice","status":"publish","type":"post","link":"https:\/\/www.europesays.com\/fr\/19605\/","title":{"rendered":"\u00ab\u00a0Le syndicalisme les emmerde\u00a0\u00bb: nouvelle mobilisation des artistes en col\u00e8re \u00e0 Nice"},"content":{"rendered":"<p>Anti-rouge primaire? \u00ab\u00a0\u00c7a se passe ici et nulle part ailleurs, le syndicalisme, la lutte, la contestation les emmerde\u00a0\u00bb, d\u00e9nonce, micro en mains, le com\u00e9dien Jonathan Gensburger.<\/p>\n<p>Ils \u00e9taient une cinquantaine, jeudi soir, devant le Th\u00e9\u00e2tre des Franciscains, drapeau du syndicat fran\u00e7ais des <strong>artistes interpr\u00e8tes SFA-CGT 06<\/strong> en mains, pancartes \u00e0 terre: <strong>\u00ab\u00a0A quoi sert Rachida Dati?\u00a0\u00bb<\/strong>. Les professionnels de la culture et du spectacle, soutenus par l\u2019ex-\u00e9lu socialiste Patrick Allemand, manifestent leur col\u00e8re et leur inqui\u00e9tude. Avec un double message \u00e0 Nice. Bien s\u00fbr, il y a les revendications nationales.<\/p>\n<p><strong>La culture est en danger, trop souvent une variable d\u2019ajustement, les subventions baissent, disent-ils.<\/strong> Mais il y a aussi \u00ab\u00a0un microclimat anti-rouge primaire\u00a0\u00bb, mart\u00e8le Jonathan Gensburger, porte-parole des artistes d\u00e9sabus\u00e9s, dont beaucoup du TNN, le th\u00e9\u00e2tre national de Nice.<\/p>\n<p>Lettre ouverte<\/p>\n<p>Il y a quelques jours, ils ont \u00e9crit une lettre ouverte pour r\u00e9v\u00e9ler ce qu\u2019ils appellent une situation unique en France: on leur refuse, jurent-ils de se r\u00e9unir sur leur lieu de travail \u00ab\u00a0pour d\u00e9fendre leur profession et leur avenir\u00a0\u00bb. Ils ont, assurent-ils, demander la salle des Franciscains pour se r\u00e9unir entre le 14 et 18 avril \u00ab\u00a0pour tenir une assembl\u00e9e g\u00e9n\u00e9rale qui s\u2019inscrit dans un mouvement social\u00a0\u00bb. \u00ab\u00a0Ils ne veulent pas!\u00a0\u00bb ass\u00e8nent les com\u00e9diens. <\/p>\n<p>\u00ab\u00a0Et finalement ils nous donnent la salle La Cuisine pour le 30 avril\u00a0\u00bb, peste Jonathan Gensburger. Proposition d\u00e9clin\u00e9e, la date est trop tardive, mais pas seulement. <strong>La Cuisine, la deuxi\u00e8me sc\u00e8ne du TNN, situ\u00e9e aux Moulins, est <\/strong><strong>\u00ab\u00a0trop loin, d\u00e9sincarn\u00e9e et coup\u00e9e de la vie de la ville\u00a0\u00bb.<\/strong> Des artistes bien exigeants? Le com\u00e9dien balaie l\u2019accusation d\u2019un revers de la main. \u00ab\u00a0Ils ne veulent pas nous laisser les Franciscains, c\u2019est id\u00e9ologique. Ils ne veulent pas de drapeaux rouges ici\u00a0\u00bb, r\u00e9torque-t-il.<\/p>\n<p>La salle des Franciscains pas libre<\/p>\n<p>La direction du centre national dramatique s\u2019inscrit en faux. \u00ab\u00a0Les deux salles sont prises entre le 14 et le 18 avril\u00a0\u00bb, insiste Ella Perrier, directrice adjointe du TNN. Faux, lance Jonathan Gensburger, qui d\u00e9gaine une capture d\u2019\u00e9cran \u00e0 l\u2019appui: \u00ab\u00a0Le 17 avril par exemple, il n\u2019y a rien de pr\u00e9vu\u00a0\u00bb. Le bras droit de Muriel Mayette-Holtz qui s\u2019\u00e9tonne de ne pas avoir re\u00e7u la lettre ouverte soupire: \u00ab\u00a0Nous sommes solidaires de ce combat puisque nous sommes parties prenantes. Et les deux salles ne sont vraiment pas libres ces dates-l\u00e0\u00a0\u00bb. \u00ab\u00a0La Ville de Nice a cependant propos\u00e9 des salles au syndicat\u00a0\u00bb, r\u00e9v\u00e8le-t-elle.<\/p>\n","protected":false},"excerpt":{"rendered":"Anti-rouge primaire? \u00ab\u00a0\u00c7a se passe ici et nulle part ailleurs, le syndicalisme, la lutte, la contestation les emmerde\u00a0\u00bb,&hellip;\n","protected":false},"author":2,"featured_media":19606,"comment_status":"","ping_status":"","sticky":false,"template":"","format":"standard","meta":{"footnotes":""},"categories":[2819],"tags":[1111,11,1777,674,332,1011,27,12,2401,882,25],"class_list":{"0":"post-19605","1":"post","2":"type-post","3":"status-publish","4":"format-standard","5":"has-post-thumbnail","7":"category-nice","8":"tag-actu","9":"tag-actualites","10":"tag-eu","11":"tag-europe","12":"tag-faits-de-societe","13":"tag-fr","14":"tag-france","15":"tag-news","16":"tag-nice","17":"tag-provence-alpes-cote-dazur","18":"tag-republique-francaise"},"share_on_mastodon":{"url":"https:\/\/pubeurope.com\/@fr\/114324504761698332","error":""},"_links":{"self":[{"href":"https:\/\/www.europesays.com\/fr\/wp-json\/wp\/v2\/posts\/19605","targetHints":{"allow":["GET"]}}],"collection":[{"href":"https:\/\/www.europesays.com\/fr\/wp-json\/wp\/v2\/posts"}],"about":[{"href":"https:\/\/www.europesays.com\/fr\/wp-json\/wp\/v2\/types\/post"}],"author":[{"embeddable":true,"href":"https:\/\/www.europesays.com\/fr\/wp-json\/wp\/v2\/users\/2"}],"replies":[{"embeddable":true,"href":"https:\/\/www.europesays.com\/fr\/wp-json\/wp\/v2\/comments?post=19605"}],"version-history":[{"count":0,"href":"https:\/\/www.europesays.com\/fr\/wp-json\/wp\/v2\/posts\/19605\/revisions"}],"wp:featuredmedia":[{"embeddable":true,"href":"https:\/\/www.europesays.com\/fr\/wp-json\/wp\/v2\/media\/19606"}],"wp:attachment":[{"href":"https:\/\/www.europesays.com\/fr\/wp-json\/wp\/v2\/media?parent=19605"}],"wp:term":[{"taxonomy":"category","embeddable":true,"href":"https:\/\/www.europesays.com\/fr\/wp-json\/wp\/v2\/categories?post=19605"},{"taxonomy":"post_tag","embeddable":true,"href":"https:\/\/www.europesays.com\/fr\/wp-json\/wp\/v2\/tags?post=19605"}],"curies":[{"name":"wp","href":"https:\/\/api.w.org\/{rel}","templated":true}]}}