{"id":196053,"date":"2025-06-22T14:57:12","date_gmt":"2025-06-22T14:57:12","guid":{"rendered":"https:\/\/www.europesays.com\/fr\/196053\/"},"modified":"2025-06-22T14:57:12","modified_gmt":"2025-06-22T14:57:12","slug":"tu-as-perdu-notre-respect-une-fresque-de-nico-williams-vandalisee-a-bilbao","status":"publish","type":"post","link":"https:\/\/www.europesays.com\/fr\/196053\/","title":{"rendered":"\u00abtu as perdu notre respect\u00bb, une fresque de Nico Williams vandalis\u00e9e \u00e0 Bilbao"},"content":{"rendered":"<p>Form\u00e9 \u00e0 l\u2019Athletic Bilbao, l\u2019ailier de 22 ans pourrait aller voir ailleurs cet \u00e9t\u00e9, possiblement au FC Barcelone.<\/p>\n<p class=\"fig-paragraph\">Les supporters basques ont la rancune tenace, et ce alors que\u00a0<a href=\"http:\/\/www.lefigaro.fr\/sports\/football\/foot-nico-williams-doit-quitter-le-rassemblement-de-l-espagne-sergio-gomez-appele-en-renfort-20241008\" data-fig-type=\"NewsFlash\" data-gtm-custom-categorie=\"navigation\" data-gtm-custom-action=\"crossclick\" data-gtm-custom-label=\"Contextuel\" data-gtm-event=\"customEventSPE\" data-fig-domain=\"LEFIGARO\" target=\"_blank\" rel=\"noopener\">Nico Williams<\/a>\u00a0n\u2019est m\u00eame pas encore parti. L\u2019ailier de 22 ans fait l\u2019objet de nombreuses rumeurs de transfert ces derniers jours, notamment du c\u00f4t\u00e9 du FC Barcelone et du Bayern Munich.<\/p>\n<p class=\"fig-paragraph\">Le directeur sportif Blaugrana Deco a m\u00eame annonc\u00e9 ce dimanche que le joueur form\u00e9 \u00e0 l\u2019Athletic Bilbao\u00a0<a href=\"http:\/\/www.lefigaro.fr\/sports\/football\/transferts\/mercato-oui-nico-williams-veut-venir-et-nous-allons-essayer-confirme-le-directeur-sportif-du-barca-20250622\" data-fig-type=\"NewsFlash\" data-gtm-custom-categorie=\"navigation\" data-gtm-custom-action=\"crossclick\" data-gtm-custom-label=\"Contextuel\" data-gtm-event=\"customEventSPE\" data-fig-domain=\"LEFIGARO\" target=\"_blank\" rel=\"noopener\">veut rallier la Catalogne<\/a>\u00a0mais le club n\u2019est pas dispos\u00e9 \u00e0 le c\u00e9der \u00e0 n\u2019importe quel prix. Dans ce contexte, une fresque le repr\u00e9sentant lui et son fr\u00e8re Inaki a \u00e9t\u00e9 vandalis\u00e9e.<\/p>\n<p class=\"fig-paragraph\">Le visage de Nico Williams a ainsi \u00e9t\u00e9 effac\u00e9 pour laisser la place \u00e0 une phrase sans \u00e9quivoque\u00a0: \u00abPeu importe si tu pars ou si tu restes, tu as perdu notre respect\u00bb. Un message qui n\u2019a pas du tout plu \u00e0 l\u2019a\u00een\u00e9 (31 ans), qui s\u2019est lui aussi fendu d\u2019un message sur X\u00a0: \u00ab Derri\u00e8re un manque de respect anonyme, il y a toujours quelqu\u2019un de trop petit pour montrer son visage\u00a0\u00bb.<\/p>\n","protected":false},"excerpt":{"rendered":"Form\u00e9 \u00e0 l\u2019Athletic Bilbao, l\u2019ailier de 22 ans pourrait aller voir ailleurs cet \u00e9t\u00e9, possiblement au FC Barcelone.&hellip;\n","protected":false},"author":2,"featured_media":196054,"comment_status":"","ping_status":"","sticky":false,"template":"","format":"standard","meta":{"footnotes":""},"categories":[1412],"tags":[454,69,448,83,451,64,450,449,1451,1452,1453,1454,1455,1011,27,33513,452,453,66,446,447,1434,70,60,455],"class_list":{"0":"post-196053","1":"post","2":"type-post","3":"status-publish","4":"format-standard","5":"has-post-thumbnail","7":"category-f1","8":"tag-ballon-dor","9":"tag-bundesliga","10":"tag-champions-league","11":"tag-coupe-de-france","12":"tag-coupe-du-monde","13":"tag-equipe-de-france","14":"tag-euro","15":"tag-europa-league","16":"tag-f1","17":"tag-formula-1","18":"tag-formula1","19":"tag-formule-1","20":"tag-formule1","21":"tag-fr","22":"tag-france","23":"tag-inaki-williams","24":"tag-italie","25":"tag-liga","26":"tag-ligue-1","27":"tag-ligue-2","28":"tag-ligue-des-champions","29":"tag-mercato","30":"tag-premier-league","31":"tag-sports","32":"tag-uefa"},"share_on_mastodon":{"url":"https:\/\/pubeurope.com\/@fr\/114727606396719432","error":""},"_links":{"self":[{"href":"https:\/\/www.europesays.com\/fr\/wp-json\/wp\/v2\/posts\/196053","targetHints":{"allow":["GET"]}}],"collection":[{"href":"https:\/\/www.europesays.com\/fr\/wp-json\/wp\/v2\/posts"}],"about":[{"href":"https:\/\/www.europesays.com\/fr\/wp-json\/wp\/v2\/types\/post"}],"author":[{"embeddable":true,"href":"https:\/\/www.europesays.com\/fr\/wp-json\/wp\/v2\/users\/2"}],"replies":[{"embeddable":true,"href":"https:\/\/www.europesays.com\/fr\/wp-json\/wp\/v2\/comments?post=196053"}],"version-history":[{"count":0,"href":"https:\/\/www.europesays.com\/fr\/wp-json\/wp\/v2\/posts\/196053\/revisions"}],"wp:featuredmedia":[{"embeddable":true,"href":"https:\/\/www.europesays.com\/fr\/wp-json\/wp\/v2\/media\/196054"}],"wp:attachment":[{"href":"https:\/\/www.europesays.com\/fr\/wp-json\/wp\/v2\/media?parent=196053"}],"wp:term":[{"taxonomy":"category","embeddable":true,"href":"https:\/\/www.europesays.com\/fr\/wp-json\/wp\/v2\/categories?post=196053"},{"taxonomy":"post_tag","embeddable":true,"href":"https:\/\/www.europesays.com\/fr\/wp-json\/wp\/v2\/tags?post=196053"}],"curies":[{"name":"wp","href":"https:\/\/api.w.org\/{rel}","templated":true}]}}