{"id":196059,"date":"2025-06-22T15:00:09","date_gmt":"2025-06-22T15:00:09","guid":{"rendered":"https:\/\/www.europesays.com\/fr\/196059\/"},"modified":"2025-06-22T15:00:09","modified_gmt":"2025-06-22T15:00:09","slug":"la-star-colombienne-karol-g-enregistre-un-duo-avec-manu-chao-sur-son-nouvel-album","status":"publish","type":"post","link":"https:\/\/www.europesays.com\/fr\/196059\/","title":{"rendered":"La star colombienne Karol G enregistre un duo avec Manu Chao sur son nouvel album"},"content":{"rendered":"<p>Dans son nouveau disque Tropicoqueta publi\u00e9 le 20 juin, l\u2019artiste sud-am\u00e9ricaine partage le micro avec plusieurs chanteurs, dont Manu Chao. Intitul\u00e9 Viajando Por El Mundo, ce morceau est un hymne au voyage.<\/p>\n<p class=\"fig-paragraph\">Presque aussi c\u00e9l\u00e8bre que sa cons\u0153ur colombienne\u00a0<a href=\"http:\/\/www.lefigaro.fr\/musique\/shakira-reporte-a-nouveau-un-concert-de-sa-tournee-pour-des-raisons-techniques-20250303\" data-fig-type=\"NewsFlash\" data-gtm-custom-categorie=\"navigation\" data-gtm-custom-action=\"crossclick\" data-gtm-custom-label=\"Contextuel\" data-gtm-event=\"customEventSPE\" data-fig-domain=\"LEFIGARO\" rel=\"nofollow noopener\" target=\"_blank\">Shakira<\/a>, la chanteuse Karol G a publi\u00e9, vendredi 20 juin, son cinqui\u00e8me album Tropicoqueta. Dans ce nouveau disque compos\u00e9 de 20 titres, l\u2019artiste de 34 ans interpr\u00e8te plusieurs chansons en duos, dont une aux c\u00f4t\u00e9s de\u00a0<a href=\"https:\/\/www.lefigaro.fr\/musique\/ce-que-j-ai-dit-il-y-a-vingt-ans-est-encore-valable-manu-chao-star-intermittente-sort-un-nouveau-disque-20240918\" data-fig-type=\"Article\" data-gtm-custom-categorie=\"navigation\" data-gtm-custom-action=\"crossclick\" data-gtm-custom-label=\"Contextuel\" data-gtm-event=\"customEventSPE\" data-fig-domain=\"LEFIGARO\" rel=\"nofollow noopener\" target=\"_blank\">Manu Chao<\/a>, rapporte\u00a0<a href=\"https:\/\/www.billboard.com\/espanol\/musica\/karol-g-revela-tracklist-nuevo-album-tropicoqueta-1236002494\/\" target=\"_blank\" rel=\"nofollow noopener\" data-gtm-custom-categorie=\"navigation\" data-gtm-custom-action=\"crossclick\" data-gtm-custom-label=\"Contextuel\" data-gtm-event=\"customEventSPE\">Billboard Espag\u00f1ol<\/a> .<\/p>\n<p class=\"fig-paragraph\">Intitul\u00e9 Viajando Por El Mundo (en fran\u00e7ais, Voyager autour du monde), ce morceau de 4 minutes d\u00e9bute par une annonce sonore qui semble venir d\u2019une gare ou d\u2019un a\u00e9roport. Puis sur un riff de guitare tr\u00e8s reconnaissable de Manu Chao, Karol G fait l\u2019\u00e9loge de la vie et des voyages. L\u2019interpr\u00e8te de Clandestino se joint ensuite \u00e0 elle\u00a0: \u00ab So\u00f1\u00e9 otro mundo \/ Tan lejos y tan cerca \/ So\u00f1\u00e9 otro viaje \/ Cuatro caminos \/ Cinco destinos\u00a0\u00bb, que l\u2019on peut traduire en fran\u00e7ais\u00a0: \u00ab J\u2019ai r\u00eav\u00e9 d\u2019un autre monde \/ Si loin et pourtant si proche \/ J\u2019ai r\u00eav\u00e9 d\u2019un autre voyage \/ Quatre chemins \/ Cinq destinations\u00a0\u00bb.<\/p>\n<p>Le chanteur de Me Gustas Tu en concert<\/p>\n<p class=\"fig-paragraph\">En 2024, Manu Chao publiait son quatri\u00e8me album solo, Viva tu. Cela faisait plus de 17 ans qu\u2019il n\u2019avait plus enregistr\u00e9 de disque en studio. Mais Viva tu n\u2019a pas \u00e9t\u00e9 un grand succ\u00e8s commercial. En mai 2025, alors qu\u2019une coupure d\u2019\u00e9lectricit\u00e9 g\u00e9ante avait frapp\u00e9 l\u2019Espagne, l\u2019artiste de 64 ans avait surpris ses fans\u00a0<a href=\"http:\/\/www.lefigaro.fr\/musique\/manu-chao-surprend-ses-fans-pendant-la-coupure-d-electricite-geante-en-espagne-20250502\" data-fig-type=\"Article\" data-gtm-custom-categorie=\"navigation\" data-gtm-custom-action=\"crossclick\" data-gtm-custom-label=\"Contextuel\" data-gtm-event=\"customEventSPE\" data-fig-domain=\"LEFIGARO\" rel=\"nofollow noopener\" target=\"_blank\">en jouant dans les rues de Barcelone<\/a>. Il ach\u00e8ve actuellement sa tourn\u00e9e en France avant de la poursuivre en juillet en Espagne et en Italie.<\/p>\n<p class=\"fig-paragraph\">De son c\u00f4t\u00e9, Karol G sort d\u2019une \u00e8re de succ\u00e8s. En 2024, sa tourn\u00e9e Ma\u00f1ana Sera Bonito Tour est devenue la s\u00e9rie de concert\u00a0<a href=\"https:\/\/www.guinnessworldrecords.com\/world-records\/767611-highest-grossing-music-tour-by-a-latin-female-artist\" target=\"_blank\" rel=\"nofollow noopener\" data-gtm-custom-categorie=\"navigation\" data-gtm-custom-action=\"crossclick\" data-gtm-custom-label=\"Contextuel\" data-gtm-event=\"customEventSPE\">la plus lucrative pour une artiste latine.\u00a0<\/a>Publi\u00e9 la m\u00eame ann\u00e9e, son single Si Antes Te Hubiera Conocido, a franchi le milliard d\u2019\u00e9coutes sur les plateformes de streaming.<\/p>\n","protected":false},"excerpt":{"rendered":"Dans son nouveau disque Tropicoqueta publi\u00e9 le 20 juin, l\u2019artiste sud-am\u00e9ricaine partage le micro avec plusieurs chanteurs, dont&hellip;\n","protected":false},"author":2,"featured_media":196060,"comment_status":"","ping_status":"","sticky":false,"template":"","format":"standard","meta":{"footnotes":""},"categories":[1359],"tags":[2937,2932,1695,2935,1696,2934,58,2933,59,1011,27,33515,873,2936,1698,973],"class_list":{"0":"post-196059","1":"post","2":"type-post","3":"status-publish","4":"format-standard","5":"has-post-thumbnail","7":"category-people","8":"tag-artistes","9":"tag-cd","10":"tag-chanson","11":"tag-chansons","12":"tag-chanteur","13":"tag-chason","14":"tag-divertissement","15":"tag-dvd","16":"tag-entertainment","17":"tag-fr","18":"tag-france","19":"tag-manu-chao","20":"tag-musique","21":"tag-musique-classique","22":"tag-musiques","23":"tag-people"},"share_on_mastodon":{"url":"https:\/\/pubeurope.com\/@fr\/114727618033728288","error":""},"_links":{"self":[{"href":"https:\/\/www.europesays.com\/fr\/wp-json\/wp\/v2\/posts\/196059","targetHints":{"allow":["GET"]}}],"collection":[{"href":"https:\/\/www.europesays.com\/fr\/wp-json\/wp\/v2\/posts"}],"about":[{"href":"https:\/\/www.europesays.com\/fr\/wp-json\/wp\/v2\/types\/post"}],"author":[{"embeddable":true,"href":"https:\/\/www.europesays.com\/fr\/wp-json\/wp\/v2\/users\/2"}],"replies":[{"embeddable":true,"href":"https:\/\/www.europesays.com\/fr\/wp-json\/wp\/v2\/comments?post=196059"}],"version-history":[{"count":0,"href":"https:\/\/www.europesays.com\/fr\/wp-json\/wp\/v2\/posts\/196059\/revisions"}],"wp:featuredmedia":[{"embeddable":true,"href":"https:\/\/www.europesays.com\/fr\/wp-json\/wp\/v2\/media\/196060"}],"wp:attachment":[{"href":"https:\/\/www.europesays.com\/fr\/wp-json\/wp\/v2\/media?parent=196059"}],"wp:term":[{"taxonomy":"category","embeddable":true,"href":"https:\/\/www.europesays.com\/fr\/wp-json\/wp\/v2\/categories?post=196059"},{"taxonomy":"post_tag","embeddable":true,"href":"https:\/\/www.europesays.com\/fr\/wp-json\/wp\/v2\/tags?post=196059"}],"curies":[{"name":"wp","href":"https:\/\/api.w.org\/{rel}","templated":true}]}}