{"id":196067,"date":"2025-06-22T15:05:25","date_gmt":"2025-06-22T15:05:25","guid":{"rendered":"https:\/\/www.europesays.com\/fr\/196067\/"},"modified":"2025-06-22T15:05:25","modified_gmt":"2025-06-22T15:05:25","slug":"quelle-est-lhistoire-tres-personnelle-du-realisateur-sam-mendes-qui-le-lie-a-son-film","status":"publish","type":"post","link":"https:\/\/www.europesays.com\/fr\/196067\/","title":{"rendered":"Quelle est l&rsquo;histoire tr\u00e8s personnelle du r\u00e9alisateur Sam Mendes qui le lie \u00e0 son film ?"},"content":{"rendered":"<p>Ce dimanche 22 juin 2025, \u00e0 21h10, France 2 rediffuse 1917, de Sam Mendes. Couronn\u00e9 par trois Oscars, ce film virtuose plonge avec un r\u00e9alisme rare dans les affres de la guerre et \u00e9voque ainsi une histoire tr\u00e8s personnelle pour son r\u00e9alisateur.<\/p>\n<p>Ce dimanche 22 juin 2025, \u00e0 21h10, France 2 rediffuse <a href=\"https:\/\/www.programme-tv.net\/news\/cinema\/321107-ce-film-de-guerre-saisissant-arrive-pour-la-premiere-fois-en-streaming-sur-netflix\/\" data-api-deeplink=\"teleloisirs:\/\/news\/321107\" target=\"_blank\" rel=\"noopener\">1917, le film coup de poing de Sam Mendes<\/a>. Apr\u00e8s avoir r\u00e9alis\u00e9 les deux derniers volets de la saga James Bond, Skyfall (<a href=\"https:\/\/www.programme-tv.net\/news\/cinema\/74242-skyfall-france-2-le-film-a-failli-ne-jamais-voir-le-jour-decouvrez-pourquoi\/\" data-api-deeplink=\"teleloisirs:\/\/news\/74242\" target=\"_blank\" rel=\"noopener\">qui a bien failli ne jamais voir le jour<\/a>), et <a href=\"https:\/\/www.programme-tv.net\/news\/cinema\/216665-monica-bellucci-007-spectre-france-2-aujourdhui-il-y-a-une-maniere-differente-de-regarder-les-femmes-video\/\" data-api-deeplink=\"teleloisirs:\/\/news\/216665\" target=\"_blank\" rel=\"noopener\">007 Spectre avec Monica Bellucci<\/a>, le r\u00e9alisateur change totalement de registre avec un long-m\u00e9trage historique dont l&rsquo;action se situe pendant la Premi\u00e8re Guerre mondiale. Et Sam Mendes ne nous \u00e9pargne rien : il filme les atrocit\u00e9s de la guerre avec un r\u00e9alisme qui n&rsquo;est pas sans rappeler <a href=\"https:\/\/www.programme-tv.net\/news\/cinema\/311488-il-faut-sauver-le-soldat-ryan-france-3-le-celebre-film-de-steven-spielberg-est-il-inspire-dune-histoire-vraie\/\" data-api-deeplink=\"teleloisirs:\/\/news\/311488\" target=\"_blank\" rel=\"noopener\">Il faut sauver le soldat Ryan de Steven Spielberg<\/a> ou <a href=\"https:\/\/www.programme-tv.net\/news\/cinema\/63419-full-metal-jacket-5-raisons-de-re-voir-ce-monument-du-cinema-de-guerre-video\/\" data-api-deeplink=\"teleloisirs:\/\/news\/63419\" target=\"_blank\" rel=\"noopener\">Full Metal Jacket, le chef-d&rsquo;\u0153uvre de Stanley Kubrick<\/a>. Ce long-m\u00e9trage a \u00e9galement une histoire personnelle.<\/p>\n<p>Quel est le lien personnel entre Sam Mendes et son film 1917 ?<\/p>\n<p>Pour Sam Mendes, <a href=\"https:\/\/www.programme-tv.net\/news\/cinema\/321388-lun-des-meilleurs-films-sur-netflix-deconseille-aux-moins-de-16-ans-ce-long-metrage-brutal-fait-lunanimite\/\" data-api-deeplink=\"teleloisirs:\/\/news\/321388\" target=\"_blank\" rel=\"noopener\">1917 <\/a>a en effet un aspect tr\u00e8s personnel. Avec son film, le metteur en sc\u00e8ne anglais a voulu <b>rendre hommage \u00e0 son grand-p\u00e8re, qui a combattu pendant la Premi\u00e8re Guerre mondiale<\/b>. Engag\u00e9 \u00e0 17 ans dans l&rsquo;arm\u00e9e anglaise, Alfred rejoint les combats en 1916 au sein des King&rsquo;s Royal Rifle Corps, une prestigieuse unit\u00e9 d&rsquo;infanterie l\u00e9g\u00e8re, qui a perdu plus de 12 000 hommes au cours de la guerre. Petit (1,62 m), le jeune homme \u00e9tait charg\u00e9 de transmettre des messages \u00e0 travers le no man&rsquo;s land des tranch\u00e9es, comme les h\u00e9ros de 1917, mais a longtemps refus\u00e9 de raconter ce qu&rsquo;il avait v\u00e9cu. \u00ab\u00a0Le film ne relate pas l&rsquo;histoire de mon grand-p\u00e8re, mais s&rsquo;attache plut\u00f4t \u00e0 \u00e9voquer son esprit \u2013 ce que ces hommes ont subi, leurs sacrifices, et leur foi en quelque chose qui les d\u00e9passait\u00a0\u00bb, expliquait le r\u00e9alisateur lors de la sortie du film en janvier 2020.<\/p>\n<p>                        L&rsquo;incroyable technique de Sam Mendes pour r\u00e9aliser le film 1917<\/p>\n<p>Dans <a href=\"https:\/\/www.programme-tv.net\/cinema\/14988251-1917\/\" target=\"_blank\" rel=\"noopener\"><b>1917<\/b><\/a>, le r\u00e9alisateur <a href=\"https:\/\/www.programme-tv.net\/biographie\/11796-mendes-sam\/\" data-api-deeplink=\"teleloisirs:\/\/person\/11796\" target=\"_blank\" rel=\"noopener\">Sam Mendes<\/a> plonge litt\u00e9ralement au c\u0153ur de la bataille avec un proc\u00e9d\u00e9 dingue : un unique plan s\u00e9quence, et une cam\u00e9ra qui suit, sans jamais s&rsquo;interrompre, deux soldats anglais en mission dans le Nord de la France. \u00ab\u00a0J&rsquo;ai tourn\u00e9 ainsi pour connecter le public avec les personnages principaux, <b>pour qu&rsquo;il soit impossible de s&rsquo;\u00e9chapper<\/b>\u00ab\u00a0, expliquait le metteur en sc\u00e8ne, lors de la sortie du film. Un v\u00e9ritable tour de force technique, couronn\u00e9 de trois Oscars, tous techniques : Meilleure photographie, Meilleurs effets visuels et Meilleur mixage sonore. Mais au-del\u00e0 de ses (immenses) qualit\u00e9s plastiques, ce chef-d&rsquo;oeuvre affiche \u00e9galement une dimension humaine puissante et insoup\u00e7onn\u00e9e. Le moins que l&rsquo;on puisse dire, c&rsquo;est que l&rsquo;exp\u00e9rience est r\u00e9ussie !<\/p>\n","protected":false},"excerpt":{"rendered":"Ce dimanche 22 juin 2025, \u00e0 21h10, France 2 rediffuse 1917, de Sam Mendes. Couronn\u00e9 par trois Oscars,&hellip;\n","protected":false},"author":2,"featured_media":196068,"comment_status":"","ping_status":"","sticky":false,"template":"","format":"standard","meta":{"footnotes":""},"categories":[1354],"tags":[33519,33518,5334,244,8754,58,59,1346,1011,27,33516,1360,2629,6265,33517],"class_list":{"0":"post-196067","1":"post","2":"type-post","3":"status-publish","4":"format-standard","5":"has-post-thumbnail","7":"category-films","8":"tag-33519","9":"tag-1917-19122021-205300-canal-cinu00e9ma","10":"tag-channel_bandes-annonces","11":"tag-commentaire","12":"tag-coulisses-de-tournage","13":"tag-divertissement","14":"tag-entertainment","15":"tag-films","16":"tag-fr","17":"tag-france","18":"tag-guid_6287151858001","19":"tag-movies","20":"tag-sam-mendes","21":"tag-tournage","22":"tag-uuid_9b278d63-58ec-4327-b99f-83862f583013"},"share_on_mastodon":{"url":"https:\/\/pubeurope.com\/@fr\/114727637976827077","error":""},"_links":{"self":[{"href":"https:\/\/www.europesays.com\/fr\/wp-json\/wp\/v2\/posts\/196067","targetHints":{"allow":["GET"]}}],"collection":[{"href":"https:\/\/www.europesays.com\/fr\/wp-json\/wp\/v2\/posts"}],"about":[{"href":"https:\/\/www.europesays.com\/fr\/wp-json\/wp\/v2\/types\/post"}],"author":[{"embeddable":true,"href":"https:\/\/www.europesays.com\/fr\/wp-json\/wp\/v2\/users\/2"}],"replies":[{"embeddable":true,"href":"https:\/\/www.europesays.com\/fr\/wp-json\/wp\/v2\/comments?post=196067"}],"version-history":[{"count":0,"href":"https:\/\/www.europesays.com\/fr\/wp-json\/wp\/v2\/posts\/196067\/revisions"}],"wp:featuredmedia":[{"embeddable":true,"href":"https:\/\/www.europesays.com\/fr\/wp-json\/wp\/v2\/media\/196068"}],"wp:attachment":[{"href":"https:\/\/www.europesays.com\/fr\/wp-json\/wp\/v2\/media?parent=196067"}],"wp:term":[{"taxonomy":"category","embeddable":true,"href":"https:\/\/www.europesays.com\/fr\/wp-json\/wp\/v2\/categories?post=196067"},{"taxonomy":"post_tag","embeddable":true,"href":"https:\/\/www.europesays.com\/fr\/wp-json\/wp\/v2\/tags?post=196067"}],"curies":[{"name":"wp","href":"https:\/\/api.w.org\/{rel}","templated":true}]}}