{"id":196071,"date":"2025-06-22T15:07:13","date_gmt":"2025-06-22T15:07:13","guid":{"rendered":"https:\/\/www.europesays.com\/fr\/196071\/"},"modified":"2025-06-22T15:07:13","modified_gmt":"2025-06-22T15:07:13","slug":"quartararo-physiquement-mort-et-plonge-dans-lincomprehension","status":"publish","type":"post","link":"https:\/\/www.europesays.com\/fr\/196071\/","title":{"rendered":"Quartararo \u00ab\u00a0physiquement mort\u00a0\u00bb et plong\u00e9 dans l&rsquo;incompr\u00e9hension"},"content":{"rendered":"<p>\u00ab\u00a0Je ne m&rsquo;attendais pas \u00e0 \u00eatre si rapide sur un tour, mais je ne m&rsquo;attendais pas \u00e0 \u00eatre si loin en course.\u00a0\u00bb\u00a0Le r\u00e9sum\u00e9 sign\u00e9 Fabio Quartararo est \u00e0 la fois limpide et repr\u00e9sentatif de l&rsquo;incompr\u00e9hension qui r\u00e8gne chez Yamaha, \u00e0 l&rsquo;issue d&rsquo;un Grand Prix d&rsquo;Italie difficile.<\/p>\n<p>Les complications de la veille se sont confirm\u00e9es en rythme de course alors que le Fran\u00e7ais s&rsquo;\u00e9lan\u00e7ait quatri\u00e8me, avant qu&rsquo;il ne d\u00e9cide par lui-m\u00eame d&rsquo;abaisser son rythme car son \u00e9paule, touch\u00e9e vendredi, le faisait trop souffrir. \u00ab\u00a0Physiquement, j&rsquo;\u00e9tais mort, et les six derniers tours j&rsquo;\u00e9tais en 1&rsquo;49. J&rsquo;ai pr\u00e9f\u00e9r\u00e9 ralentir, parce que je ne pouvais pas vraiment freiner\u00a0\u00bb, reconna\u00eet-il.\u00a0<\/p>\n<p>Quatorzi\u00e8me \u00e0 l&rsquo;arriv\u00e9e, le pilote tricolore a subi la d\u00e9gringolade qu&rsquo;il redoutait dans la hi\u00e9rarchie et, surtout, il ne parvient pas \u00e0 s&rsquo;expliquer le comportement irr\u00e9gulier de sa machine. Si des progr\u00e8s ont \u00e9t\u00e9 r\u00e9alis\u00e9s sur cette premi\u00e8re partie de saison, il assure ne pouvoir les concr\u00e9tiser en piste que\u00a0\u00ab\u00a0quand les conditions sont parfaites\u00a0\u00bb.\u00a0Ce n&rsquo;\u00e9tait pas le cas au Mugello.\u00a0<\/p>\n<p>\u00ab\u00a0On savait que le grip \u00e9tait tr\u00e8s faible, je n&rsquo;ai pas pu faire de bons tours, mais le feeling sur la moto est aussi compl\u00e8tement diff\u00e9rent\u00a0\u00bb, d\u00e9plore-t-il. \u00ab\u00a0Les probl\u00e8mes, on les voit et on les conna\u00eet depuis longtemps, mais quand on est en essais libres, \u00e7a va, car on fait cinq tours.\u00a0\u00bb <\/p>\n<p>\u00ab\u00a0En fait, le meilleur feeling que j&rsquo;ai pu avoir ce week-end \u00e9tait en EL1, avec le pneu us\u00e9. Quand le pneu surchauffe un peu plus que pr\u00e9vu, le comportement de la moto change beaucoup. C&rsquo;est vraiment, vraiment \u00e9trange.\u00a0C&rsquo;est quelque chose que je n&rsquo;arrive pas \u00e0 comprendre. Je ne sais pas pourquoi on a autant de mal.\u00a0\u00bb<\/p>\n<p>Un potentiel tr\u00e8s \u00e9loign\u00e9 du top 5<br \/>\n   <img decoding=\"async\" draggable=\"false\" src=\"https:\/\/www.europesays.com\/fr\/wp-content\/uploads\/2025\/06\/1750604833_1_fabio-quartararo-yamaha-factor.jpg\" alt=\"Fabio Quartararo retient peu de positif des derni\u00e8res semaines.\" width=\"1200\" height=\"800\" loading=\"lazy\"\/> <\/p>\n<p class=\"title\">Fabio Quartararo retient peu de positif des derni\u00e8res semaines.<\/p>\n<p class=\"photographer\">Photo de: Gold and Goose Photography \/ LAT Images \/ via Getty Images<\/p>\n<p>Interrog\u00e9 sur ce qu&rsquo;il pr\u00e9f\u00e9rait retenir entre ses belles prestations r\u00e9centes en qualifications et les difficult\u00e9s des deux derniers Grands Prix, Fabio Quartararo rumine clairement la r\u00e9currence des soucis de Yamaha en course.\u00a0<\/p>\n<p>\u00ab\u00a0C&rsquo;est bien de faire des pole positions, mais je sais que faire un tour rapide est un de mes points forts, et on peut voir que les autres Yamaha sont en difficult\u00e9 sur un tour\u00a0\u00bb, souligne-t-il. \u00ab\u00a0Je pense que le potentiel de notre moto actuellement n&rsquo;est pas d&rsquo;\u00eatre dans le top 5, mais parfois on parvient \u00e0 faire d&rsquo;excellents chronos, comme ici en qualifications ou lors des trois Grands Prix pr\u00e9c\u00e9dents. Mais il y a des choses \u00e9tranges que l&rsquo;on explique pas et c&rsquo;est difficile de comprendre.\u00a0\u00bb<\/p>\n<p>\u00ab\u00a0J&rsquo;esp\u00e8re que l&rsquo;on va pouvoir progresser davantage, car on est encore tr\u00e8s, tr\u00e8s loin. On dirait que parfois, on arrive \u00e0 franchir un cap, mais on ne l&rsquo;a jamais vraiment fait. Quand les conditions deviennent un peu difficiles&#8230; On l&rsquo;a vu aujourd&rsquo;hui \u00e0 la fin, derri\u00e8re nous on avait un rookie et deux pilotes d&rsquo;essais, puis les trois Yamaha. Donc on doit se poser des questions et voir ce que l&rsquo;on peut faire.\u00a0\u00bb<\/p>\n<p>Lire aussi :<\/p>\n<p>Dans cet article<\/p>\n<p>    Basile Davoine\n<\/p>\n<p>    MotoGP\n<\/p>\n<p>    Fabio Quartararo\n<\/p>\n<p>    Yamaha Factory Racing\n<\/p>\n<p>Soyez le premier inform\u00e9 et souscrivez aux alertes mails pour recevoir les infos en temps r\u00e9el<\/p>\n<p>    S&rsquo;abonner aux alertes de news<\/p>\n","protected":false},"excerpt":{"rendered":"\u00ab\u00a0Je ne m&rsquo;attendais pas \u00e0 \u00eatre si rapide sur un tour, mais je ne m&rsquo;attendais pas \u00e0 \u00eatre&hellip;\n","protected":false},"author":2,"featured_media":196072,"comment_status":"","ping_status":"","sticky":false,"template":"","format":"standard","meta":{"footnotes":""},"categories":[9],"tags":[1680,1011,27,31123,1458,31124,60,3796],"class_list":{"0":"post-196071","1":"post","2":"type-post","3":"status-publish","4":"format-standard","5":"has-post-thumbnail","7":"category-sports","8":"tag-fabio-quartararo","9":"tag-fr","10":"tag-france","11":"tag-gp-ditalie","12":"tag-motogp","13":"tag-mugello","14":"tag-sports","15":"tag-yamaha-factory-racing"},"share_on_mastodon":{"url":"https:\/\/pubeurope.com\/@fr\/114727645660085761","error":""},"_links":{"self":[{"href":"https:\/\/www.europesays.com\/fr\/wp-json\/wp\/v2\/posts\/196071","targetHints":{"allow":["GET"]}}],"collection":[{"href":"https:\/\/www.europesays.com\/fr\/wp-json\/wp\/v2\/posts"}],"about":[{"href":"https:\/\/www.europesays.com\/fr\/wp-json\/wp\/v2\/types\/post"}],"author":[{"embeddable":true,"href":"https:\/\/www.europesays.com\/fr\/wp-json\/wp\/v2\/users\/2"}],"replies":[{"embeddable":true,"href":"https:\/\/www.europesays.com\/fr\/wp-json\/wp\/v2\/comments?post=196071"}],"version-history":[{"count":0,"href":"https:\/\/www.europesays.com\/fr\/wp-json\/wp\/v2\/posts\/196071\/revisions"}],"wp:featuredmedia":[{"embeddable":true,"href":"https:\/\/www.europesays.com\/fr\/wp-json\/wp\/v2\/media\/196072"}],"wp:attachment":[{"href":"https:\/\/www.europesays.com\/fr\/wp-json\/wp\/v2\/media?parent=196071"}],"wp:term":[{"taxonomy":"category","embeddable":true,"href":"https:\/\/www.europesays.com\/fr\/wp-json\/wp\/v2\/categories?post=196071"},{"taxonomy":"post_tag","embeddable":true,"href":"https:\/\/www.europesays.com\/fr\/wp-json\/wp\/v2\/tags?post=196071"}],"curies":[{"name":"wp","href":"https:\/\/api.w.org\/{rel}","templated":true}]}}