{"id":196075,"date":"2025-06-22T15:09:12","date_gmt":"2025-06-22T15:09:12","guid":{"rendered":"https:\/\/www.europesays.com\/fr\/196075\/"},"modified":"2025-06-22T15:09:12","modified_gmt":"2025-06-22T15:09:12","slug":"plus-jamais-de-troisieme-pedale-bmw-sacrifie-la-boite-manuelle-a-jamais","status":"publish","type":"post","link":"https:\/\/www.europesays.com\/fr\/196075\/","title":{"rendered":"\u00ab Plus jamais de troisi\u00e8me p\u00e9dale \u00bb : BMW sacrifie la bo\u00eete manuelle \u00e0 jamais"},"content":{"rendered":"<tr>\n<td><strong>EN BREF<\/strong><\/td>\n<\/tr>\n<tr>\n<td>\n<ul>\n<li>\ud83d\ude97 BMW choisit de ne pas proposer de bo\u00eete manuelle pour le M2 CS afin de lib\u00e9rer toute la <strong>puissance<\/strong> du moteur.<\/li>\n<li>\u2699\ufe0f La bo\u00eete manuelle est limit\u00e9e \u00e0 <strong>473 chevaux<\/strong> et un couple de <strong>550 Nm<\/strong>, insuffisant pour les exigences du mod\u00e8le.<\/li>\n<li>\u2728 La 3.0 CSL parvient \u00e0 conserver une bo\u00eete manuelle gr\u00e2ce \u00e0 sa nature <strong>exclusive<\/strong> et sa production limit\u00e9e.<\/li>\n<li>\u23f3 L\u2019avenir de la bo\u00eete manuelle chez BMW semble <strong>incertain<\/strong>, avec des mod\u00e8les comme le Z4 M40i qui l\u2019abandonneront d\u00e8s l\u2019ann\u00e9e prochaine.<\/li>\n<\/ul>\n<\/td>\n<\/tr>\n<p>La d\u00e9cision de BMW de ne pas proposer de bo\u00eete manuelle pour le mod\u00e8le M2 CS a suscit\u00e9 de nombreuses interrogations parmi les passionn\u00e9s de la marque. Ce choix marque une rupture avec la tradition, surtout lorsque l\u2019on sait que le mod\u00e8le pr\u00e9c\u00e9dent, le F87, \u00e9tait disponible avec une bo\u00eete de vitesses manuelle. Pourtant, cette d\u00e9cision est le fruit d\u2019une strat\u00e9gie bien pens\u00e9e par les ing\u00e9nieurs du constructeur allemand, qui ont opt\u00e9 pour une augmentation significative de la puissance au d\u00e9triment du troisi\u00e8me p\u00e9dalier. D\u00e8s lors, une question se pose : quels sont les enjeux derri\u00e8re cette d\u00e9cision audacieuse ?<\/p>\n<p>Les limites techniques de la bo\u00eete manuelle<\/p>\n<p>La bo\u00eete de vitesses manuelle, tant appr\u00e9ci\u00e9e par les puristes, pr\u00e9sente certaines limitations techniques qui ont motiv\u00e9 la d\u00e9cision de BMW. Selon Dirk H\u00e4cker, responsable de la recherche et du d\u00e9veloppement chez BMW M, la bo\u00eete manuelle ne peut supporter qu\u2019une puissance maximale de <strong>473 chevaux<\/strong> et un couple de <strong>550 Nm<\/strong>. Or, le mod\u00e8le M2 CS est con\u00e7u pour d\u00e9livrer une puissance impressionnante de <strong>523 chevaux<\/strong> et un couple de <strong>650 Nm<\/strong>. Cette augmentation de la puissance d\u00e9passe largement les capacit\u00e9s de la bo\u00eete manuelle traditionnelle, ce qui a conduit les ing\u00e9nieurs \u00e0 privil\u00e9gier la version automatique pour exploiter pleinement le potentiel du moteur.<\/p>\n<blockquote class=\"wp-embedded-content\" data-secret=\"aB5kUrebYN\">\n<p><a href=\"https:\/\/bmw-actu.com\/2025\/06\/15\/tout-change-sauf-le-nom-la-bmw-serie-5-2027-repoussee-mais-metamorphosee\/\" rel=\"nofollow noopener\" target=\"_blank\">\u00ab Tout change sauf le nom \u00bb : la BMW S\u00e9rie 5 2027 repouss\u00e9e mais m\u00e9tamorphos\u00e9e<\/a><\/p>\n<\/blockquote>\n<p>Le dilemme entre performance et tradition<\/p>\n<p>Choisir entre la performance et la tradition a toujours \u00e9t\u00e9 un d\u00e9fi pour les constructeurs automobiles. Pour le M2 CS, BMW a d\u00fb prendre une d\u00e9cision cruciale : maintenir la bo\u00eete manuelle et limiter la puissance du moteur, ou opter pour une transmission automatique et lib\u00e9rer tout le potentiel du v\u00e9hicule. Ce choix refl\u00e8te une volont\u00e9 de r\u00e9pondre aux attentes des conducteurs en qu\u00eate de performances exceptionnelles, tout en sacrifiant une partie de l\u2019h\u00e9ritage de la marque. <strong>La d\u00e9cision de privil\u00e9gier la performance souligne l\u2019engagement de BMW envers l\u2019innovation<\/strong> et la satisfaction des besoins des passionn\u00e9s de conduite sportive.<\/p>\n<blockquote class=\"wp-embedded-content\" data-secret=\"EYidUvtm0a\">\n<p><a href=\"https:\/\/bmw-actu.com\/2025\/06\/19\/un-lapin-declenche-labandon-inattendu-dune-bmw-decouvrez-lincroyable-mesaventure-qui-a-marque-cette-edition-des-24-heures-du-mans\/\" rel=\"nofollow noopener\" target=\"_blank\">Un lapin d\u00e9clenche l\u2019abandon inattendu d\u2019une BMW : d\u00e9couvrez l\u2019incroyable m\u00e9saventure qui a marqu\u00e9 cette \u00e9dition des 24 Heures du Mans<\/a><\/p>\n<\/blockquote>\n<p>Le cas particulier de la 3.0 CSL<\/p>\n<p>Un autre mod\u00e8le de BMW, la 3.0 CSL, soul\u00e8ve des questions int\u00e9ressantes. Cette \u00e9dition sp\u00e9ciale, bas\u00e9e sur la M4 CSL, parvient \u00e0 conserver une bo\u00eete de vitesses manuelle tout en affichant une puissance impressionnante de <strong>553 chevaux<\/strong>. Ce paradoxe s\u2019explique par plusieurs facteurs, notamment la nature exclusive et la production limit\u00e9e de ce mod\u00e8le. En effet, la 3.0 CSL est con\u00e7ue pour \u00eatre une voiture de collection plut\u00f4t qu\u2019un outil de piste, ce qui permet de justifier le maintien de la bo\u00eete manuelle malgr\u00e9 sa puissance. BMW a clairement \u00e9tabli des priorit\u00e9s diff\u00e9rentes pour ce mod\u00e8le unique, en tenant compte de son positionnement sur le march\u00e9 et de sa raret\u00e9.<\/p>\n<p><img loading=\"lazy\" width=\"1920\" height=\"1280\" decoding=\"async\" src=\"data:image\/svg+xml,%3Csvg%20xmlns=\" http:=\"\" alt=\"\" data-lazy-src=\"https:\/\/www.europesays.com\/fr\/wp-content\/uploads\/2025\/06\/lincroyable-exception-chez-bmw-pourquoi-ce-modele-depasse-la-limite-de-473-chevaux-pour-atteindre-de.jpeg\"\/><\/p>\n<blockquote class=\"wp-embedded-content\" data-secret=\"KWsuSomSQG\">\n<p><a href=\"https:\/\/bmw-actu.com\/2025\/03\/18\/marques-influenceurs-pilotes-acheter-des-fans-com-leur-arme-secrete-pour-exploser-leur-influence-sur-les-reseaux-sociaux\/\" rel=\"nofollow noopener\" target=\"_blank\">Marques, influenceurs, pilotes\u2026 Acheter-des-Fans.com, leur arme secr\u00e8te pour exploser leur influence sur les r\u00e9seaux sociaux<\/a><\/p>\n<\/blockquote>\n<p>L\u2019avenir incertain de la bo\u00eete manuelle chez BMW<\/p>\n<p>Alors que certaines marques comme Mercedes et Audi ont d\u00e9finitivement tourn\u00e9 la page de la bo\u00eete manuelle, BMW semble vouloir pr\u00e9server ce type de transmission pour certains mod\u00e8les, du moins pour l\u2019instant. Le M2 pourrait bien \u00eatre l\u2019un des derniers mod\u00e8les \u00e0 b\u00e9n\u00e9ficier de cette option, avec une production pr\u00e9vue jusqu\u2019en 2029. Cependant, le Z4 M40i sera le premier mod\u00e8le de la marque \u00e0 abandonner la bo\u00eete manuelle d\u00e8s l\u2019ann\u00e9e prochaine. <strong>La question demeure : combien de temps encore BMW continuera-t-elle \u00e0 offrir cette option ?<\/strong> Les amateurs de conduite traditionnelle esp\u00e8rent que la marque saura conserver cet \u00e9l\u00e9ment distinctif, mais l\u2019\u00e9volution vers des transmissions plus modernes semble in\u00e9vitable.<\/p>\n<p>Face aux choix strat\u00e9giques de BMW, une question se pose : comment les passionn\u00e9s de la marque r\u00e9agiront-ils \u00e0 ces changements ? La suppression progressive de la bo\u00eete manuelle pourrait-elle influencer la fid\u00e9lit\u00e9 des clients traditionnels ?<\/p>\n<p>L\u2019auteur s\u2019est appuy\u00e9 sur l\u2019intelligence artificielle pour enrichir cet article.<\/p>\n<p id=\"rating\">\u00c7a vous a plu ?\u00a04.5\/5 (27)<\/p>\n","protected":false},"excerpt":{"rendered":"EN BREF \ud83d\ude97 BMW choisit de ne pas proposer de bo\u00eete manuelle pour le M2 CS afin de&hellip;\n","protected":false},"author":2,"featured_media":196076,"comment_status":"","ping_status":"","sticky":false,"template":"","format":"standard","meta":{"footnotes":""},"categories":[7],"tags":[1011,27,43,40,41,39,42,44],"class_list":{"0":"post-196075","1":"post","2":"type-post","3":"status-publish","4":"format-standard","5":"has-post-thumbnail","7":"category-sciences-et-technologies","8":"tag-fr","9":"tag-france","10":"tag-science","11":"tag-science-and-technology","12":"tag-sciences","13":"tag-sciences-et-technologies","14":"tag-technologies","15":"tag-technology"},"share_on_mastodon":{"url":"https:\/\/pubeurope.com\/@fr\/114727653640640911","error":""},"_links":{"self":[{"href":"https:\/\/www.europesays.com\/fr\/wp-json\/wp\/v2\/posts\/196075","targetHints":{"allow":["GET"]}}],"collection":[{"href":"https:\/\/www.europesays.com\/fr\/wp-json\/wp\/v2\/posts"}],"about":[{"href":"https:\/\/www.europesays.com\/fr\/wp-json\/wp\/v2\/types\/post"}],"author":[{"embeddable":true,"href":"https:\/\/www.europesays.com\/fr\/wp-json\/wp\/v2\/users\/2"}],"replies":[{"embeddable":true,"href":"https:\/\/www.europesays.com\/fr\/wp-json\/wp\/v2\/comments?post=196075"}],"version-history":[{"count":0,"href":"https:\/\/www.europesays.com\/fr\/wp-json\/wp\/v2\/posts\/196075\/revisions"}],"wp:featuredmedia":[{"embeddable":true,"href":"https:\/\/www.europesays.com\/fr\/wp-json\/wp\/v2\/media\/196076"}],"wp:attachment":[{"href":"https:\/\/www.europesays.com\/fr\/wp-json\/wp\/v2\/media?parent=196075"}],"wp:term":[{"taxonomy":"category","embeddable":true,"href":"https:\/\/www.europesays.com\/fr\/wp-json\/wp\/v2\/categories?post=196075"},{"taxonomy":"post_tag","embeddable":true,"href":"https:\/\/www.europesays.com\/fr\/wp-json\/wp\/v2\/tags?post=196075"}],"curies":[{"name":"wp","href":"https:\/\/api.w.org\/{rel}","templated":true}]}}