{"id":196079,"date":"2025-06-22T15:11:10","date_gmt":"2025-06-22T15:11:10","guid":{"rendered":"https:\/\/www.europesays.com\/fr\/196079\/"},"modified":"2025-06-22T15:11:10","modified_gmt":"2025-06-22T15:11:10","slug":"emmanuel-macron-appelle-a-la-desescalade-et-a-la-voie-diplomatique","status":"publish","type":"post","link":"https:\/\/www.europesays.com\/fr\/196079\/","title":{"rendered":"Emmanuel Macron appelle \u00e0 la \u00ab\u00a0d\u00e9sescalade\u00a0\u00bb et \u00e0 \u00ab\u00a0la voie diplomatique\u00a0\u00bb"},"content":{"rendered":"<p>        <img decoding=\"async\" loading=\"lazy\" src=\"https:\/\/www.europesays.com\/fr\/wp-content\/uploads\/2025\/06\/fead6ae_sirius-fs-upload-1-abicuys9wtew-1743589989964-000-38a89j6.jpg\"  width=\"728\" height=\"409\" alt=\"Emmanuel Macron, ici photograhi\u00e9 \u00e0 l\u2019\u00c9lys\u00e9e, le 28\u00a0mars\u00a02025.\"\/>  <\/p>\n<p>SARAH MEYSSONNIER \/ AFP<\/p>\n<p>Emmanuel Macron, ici photograhi\u00e9 \u00e0 l\u2019\u00c9lys\u00e9e, le 28\u00a0mars\u00a02025.<\/p>\n<p class=\"asset asset-text\">DIPLOMATIE &#8211; La d\u00e9cision de <a href=\"https:\/\/www.huffingtonpost.fr\/international\/article\/donald-trump-utilise-ce-cliche-de-film-d-action-pour-marquer-la-difference-entre-ses-deux-mandats_251577.html\" rel=\"nofollow noopener\" target=\"_blank\">Donald Trump<\/a> de frapper <a href=\"https:\/\/www.huffingtonpost.fr\/international\/article\/guerre-israel-iran-netanyahu-remercie-de-maniere-tres-appuyee-trump-apres-les-premieres-frappes-americaines_251646.html\" rel=\"nofollow noopener\" target=\"_blank\">l\u2019Iran <\/a>a chamboul\u00e9 les chancelleries \u00e0 travers le monde ce dimanche 22\u00a0juin. Alors que les voix europ\u00e9ennes continuent d\u2019exhorter \u00e0 la d\u00e9sescalade et \u00e0 la retenue, Emmanuel Macron s\u2019est finalement exprim\u00e9 dans l\u2019apr\u00e8s-midi, apr\u00e8s avoir d\u2019abord laisser son ministre des Affaires \u00e9trang\u00e8res Jean-No\u00ebl Barrot avoir <a href=\"https:\/\/www.huffingtonpost.fr\/politique\/article\/iran-apres-les-frappes-americaines-une-premiere-reaction-du-bout-des-levres-de-la-france_251652.html\" rel=\"nofollow noopener\" target=\"_blank\">les premiers mots pour la France<\/a>.<\/p>\n<p class=\"asset asset-text\">Le pr\u00e9sident fran\u00e7ais s\u2019est de nouveau entretenu ce dimanche avec le pr\u00e9sident iranien, Masoud Pezeshkian, et l\u2019a appel\u00e9 \u00e0 la \u00ab\u00a0reprise des discussions diplomatiques\u00a0\u00bb apr\u00e8s les frappes am\u00e9ricaines sur des installations nucl\u00e9aires, selon l\u2019\u00c9lys\u00e9e. Lors de cet \u00e9change, \u00ab\u00a0le Pr\u00e9sident de la R\u00e9publique a r\u00e9it\u00e9r\u00e9 son appel \u00e0 la lib\u00e9ration imm\u00e9diate de nos deux otages (C\u00e9cile Kohler et Jacques Paris, d\u00e9tenus en Iran, ndlr), a fait savoir l\u2019\u00c9lys\u00e9e.<\/p>\n<p class=\"asset asset-text\">\u00ab\u00a0Suite aux frappes de la nuit, j\u2019ai appel\u00e9 \u00e0 la d\u00e9sescalade, \u00e0 l\u2019exercice de la plus grande retenue par l\u2019Iran dans ce contexte dangereux pour permettre un retour \u00e0 la voie diplomatique\u00a0\u00bb, a affirm\u00e9 Emmanuel Macron dans un message post\u00e9 sur X. \u00ab\u00a0Le dialogue, un engagement clair de l\u2019Iran de renoncer \u00e0 l\u2019arme nucl\u00e9aire, ou le risque du pire pour toute la r\u00e9gion. Il n\u2019y a que ce chemin qui m\u00e8ne vers la paix et la s\u00e9curit\u00e9 de tous \u00bb, a-t-il encore dit.<\/p>\n<p>    Un conseil de d\u00e9fense ce dimanche soir    <\/p>\n<p class=\"asset asset-text\">Un conseil de d\u00e9fense, autour du pr\u00e9sident de la R\u00e9publique, doit se tenir dans la soir\u00e9e. Le rendez-vous a \u00e9t\u00e9 fix\u00e9 \u00e0 19h30.<\/p>\n<p class=\"asset asset-text\">Le chef de l\u2019\u00c9tat, qui a \u00e9chang\u00e9 ce dimanche avec le prince h\u00e9ritier d\u2019Arabie saoudite et le sultan d\u2019Oman, \u00ab\u00a0entend poursuivre dans les prochaines heures ses contacts avec ses partenaires europ\u00e9ens et les leaders de la r\u00e9gion\u00a0\u00bb. La France \u00ab\u00a0met tout en \u0153uvre pour acc\u00e9l\u00e9rer le d\u00e9part de nos ressortissants qui le souhaitent d\u2019Iran et d\u2019Isra\u00ebl\u00a0\u00bb, a aussi assur\u00e9 le pr\u00e9sident.<\/p>\n<p class=\"asset asset-text\">D\u00e8s la semaine derni\u00e8re, apr\u00e8s les premi\u00e8res frappes isra\u00e9liennes sur l\u2019Iran, Paris avait lanc\u00e9 avec ses partenaires allemand et britannique une initiative diplomatique avec T\u00e9h\u00e9ran. Dans la soir\u00e9e de samedi, Emmanuel Macron avait notamment \u00e9chang\u00e9 avec son homologue iranien. Le locataire de l\u2019\u00c9lys\u00e9e se disait alors \u00ab\u00a0convaincu qu\u2019il existe un chemin pour sortir de la guerre et \u00e9viter de plus graves dangers\u00a0\u00bb.<\/p>\n<p class=\"asset asset-text\">L\u2019Iran, qui a r\u00e9pliqu\u00e9 aux frappes am\u00e9ricaines visant trois de ses sites nucl\u00e9aires, a lanc\u00e9 quelques heures apr\u00e8s 40 missiles sur Isra\u00ebl et accus\u00e9 les \u00c9tats-Unis de \u00ab\u00a0faire exploser\u00a0\u00bb les chances d\u2019un r\u00e8glement diplomatique du dossier nucl\u00e9aire.<\/p>\n","protected":false},"excerpt":{"rendered":"SARAH MEYSSONNIER \/ AFP Emmanuel Macron, ici photograhi\u00e9 \u00e0 l\u2019\u00c9lys\u00e9e, le 28\u00a0mars\u00a02025. DIPLOMATIE &#8211; La d\u00e9cision de Donald&hellip;\n","protected":false},"author":2,"featured_media":196080,"comment_status":"","ping_status":"","sticky":false,"template":"","format":"standard","meta":{"footnotes":""},"categories":[5],"tags":[11,312,75,1073,1011,27,14,3019,12,316,28],"class_list":{"0":"post-196079","1":"post","2":"type-post","3":"status-publish","4":"format-standard","5":"has-post-thumbnail","7":"category-international","8":"tag-actualites","9":"tag-diplomatie","10":"tag-donald-trump","11":"tag-emmanuel-macron","12":"tag-fr","13":"tag-france","14":"tag-international","15":"tag-iran","16":"tag-news","17":"tag-politique","18":"tag-world"},"share_on_mastodon":{"url":"https:\/\/pubeurope.com\/@fr\/114727661376163491","error":""},"_links":{"self":[{"href":"https:\/\/www.europesays.com\/fr\/wp-json\/wp\/v2\/posts\/196079","targetHints":{"allow":["GET"]}}],"collection":[{"href":"https:\/\/www.europesays.com\/fr\/wp-json\/wp\/v2\/posts"}],"about":[{"href":"https:\/\/www.europesays.com\/fr\/wp-json\/wp\/v2\/types\/post"}],"author":[{"embeddable":true,"href":"https:\/\/www.europesays.com\/fr\/wp-json\/wp\/v2\/users\/2"}],"replies":[{"embeddable":true,"href":"https:\/\/www.europesays.com\/fr\/wp-json\/wp\/v2\/comments?post=196079"}],"version-history":[{"count":0,"href":"https:\/\/www.europesays.com\/fr\/wp-json\/wp\/v2\/posts\/196079\/revisions"}],"wp:featuredmedia":[{"embeddable":true,"href":"https:\/\/www.europesays.com\/fr\/wp-json\/wp\/v2\/media\/196080"}],"wp:attachment":[{"href":"https:\/\/www.europesays.com\/fr\/wp-json\/wp\/v2\/media?parent=196079"}],"wp:term":[{"taxonomy":"category","embeddable":true,"href":"https:\/\/www.europesays.com\/fr\/wp-json\/wp\/v2\/categories?post=196079"},{"taxonomy":"post_tag","embeddable":true,"href":"https:\/\/www.europesays.com\/fr\/wp-json\/wp\/v2\/tags?post=196079"}],"curies":[{"name":"wp","href":"https:\/\/api.w.org\/{rel}","templated":true}]}}