{"id":196085,"date":"2025-06-22T15:15:12","date_gmt":"2025-06-22T15:15:12","guid":{"rendered":"https:\/\/www.europesays.com\/fr\/196085\/"},"modified":"2025-06-22T15:15:12","modified_gmt":"2025-06-22T15:15:12","slug":"en-40-ans-jai-vu-les-difficultes-saccroitre-a-saint-etienne-2","status":"publish","type":"post","link":"https:\/\/www.europesays.com\/fr\/196085\/","title":{"rendered":"\u00ab\u00a0En 40 ans, j\u2019ai vu les difficult\u00e9s s\u2019accro\u00eetre \u00e0 Saint-Etienne\u00a0\u00bb"},"content":{"rendered":"<p>Maryse Hermelin, 62 ans, habite en centre-ville de Saint-\u00c9tienne, dans la Loire. Plus les ann\u00e9es avancent, plus elle \u00e9prouve des difficult\u00e9s \u00e0 s\u2019occuper de sa sant\u00e9.<\/p>\n<p>\u00ab\u00a0En 40 ans, j\u2019ai vu les difficult\u00e9s s\u2019accro\u00eetre. Dans les ann\u00e9es 1990-2000, j\u2019avais rendez-vous dans les 48 heures chez un m\u00e9decin g\u00e9n\u00e9raliste. Maintenant, je prends rendez-vous sur la plateforme Doctolib, qui les annule sans explication. Je passe alors voir la secr\u00e9taire m\u00e9dicale, qui m\u2019en d\u00e9croche un. En moyenne, je mets une semaine.\u00a0\u00bb<\/p>\n<p>  Plus un d\u00e9ficit qu\u2019un d\u00e9sert<\/p>\n<p>\u00c0 Saint-\u00c9tienne, la sexag\u00e9naire parle plus de \u00ab\u00a0d\u00e9ficit\u00a0\u00bb m\u00e9dical que de d\u00e9sert comme dans les territoires ruraux. Cependant, elle rencontre des probl\u00e8mes quasiment identiques.<\/p>\n<p>Depuis 2019, elle n\u2019a plus de gyn\u00e9cologue. \u00ab\u00a0Depuis que l\u2019ancienne a pris sa retraite, je n\u2019ai plus de suivi. J\u2019envisage de passer par le cursus de l\u2019Assurance maladie. Comme dans d\u2019autres sp\u00e9cialit\u00e9s, le probl\u00e8me est l\u2019absence de prise en charge pour les nouveaux patients.\u00a0\u00bb<\/p>\n<p>  Des habitants confront\u00e9s \u00e0 de grands embouteillages<\/p>\n<p>Dans les ann\u00e9es 1990, Maryse Hermelin n\u2019avait pas de mal \u00e0 retrouver un nouveau gyn\u00e9cologue. \u00ab\u00a0Depuis les ann\u00e9es 1980, les professionnels de la sant\u00e9 hurlent contre le numerus clausus. Il faut 10 ans pour former un m\u00e9decin, et la population augmente un peu. Les habitants sont confront\u00e9s aux grands embouteillages.\u00a0\u00bb<\/p>\n<p>Les probl\u00e8mes de prises de rendez-vous chez des sp\u00e9cialistes continuent pour Maryse Hermelin. Pour aller chez l\u2019ophtalmo, elle doit attendre un an et demi. Alors qu\u2019avant, au centre ophtalmologique situ\u00e9 \u00e0 c\u00f4t\u00e9 de la gare Ch\u00e2teaucreux, la\u00a0technicienne de banque \u00e0 la retraite avait un rendez-vous dans les 15 jours qui suivaient.<\/p>\n","protected":false},"excerpt":{"rendered":"Maryse Hermelin, 62 ans, habite en centre-ville de Saint-\u00c9tienne, dans la Loire. Plus les ann\u00e9es avancent, plus elle&hellip;\n","protected":false},"author":2,"featured_media":196084,"comment_status":"","ping_status":"","sticky":false,"template":"","format":"standard","meta":{"footnotes":""},"categories":[9653],"tags":[1111,11,2430,33522,1777,674,1011,27,3367,12,25,4001,71,10806],"class_list":{"0":"post-196085","1":"post","2":"type-post","3":"status-publish","4":"format-standard","5":"has-post-thumbnail","7":"category-saint-etienne","8":"tag-actu","9":"tag-actualites","10":"tag-auvergne-rhone-alpes","11":"tag-enquete-hors-service","12":"tag-eu","13":"tag-europe","14":"tag-fr","15":"tag-france","16":"tag-loire","17":"tag-news","18":"tag-republique-francaise","19":"tag-saint-etienne","20":"tag-sante","21":"tag-selection-de-la-redaction-42"},"share_on_mastodon":{"url":"https:\/\/pubeurope.com\/@fr\/114727677060061951","error":""},"_links":{"self":[{"href":"https:\/\/www.europesays.com\/fr\/wp-json\/wp\/v2\/posts\/196085","targetHints":{"allow":["GET"]}}],"collection":[{"href":"https:\/\/www.europesays.com\/fr\/wp-json\/wp\/v2\/posts"}],"about":[{"href":"https:\/\/www.europesays.com\/fr\/wp-json\/wp\/v2\/types\/post"}],"author":[{"embeddable":true,"href":"https:\/\/www.europesays.com\/fr\/wp-json\/wp\/v2\/users\/2"}],"replies":[{"embeddable":true,"href":"https:\/\/www.europesays.com\/fr\/wp-json\/wp\/v2\/comments?post=196085"}],"version-history":[{"count":0,"href":"https:\/\/www.europesays.com\/fr\/wp-json\/wp\/v2\/posts\/196085\/revisions"}],"wp:featuredmedia":[{"embeddable":true,"href":"https:\/\/www.europesays.com\/fr\/wp-json\/wp\/v2\/media\/196084"}],"wp:attachment":[{"href":"https:\/\/www.europesays.com\/fr\/wp-json\/wp\/v2\/media?parent=196085"}],"wp:term":[{"taxonomy":"category","embeddable":true,"href":"https:\/\/www.europesays.com\/fr\/wp-json\/wp\/v2\/categories?post=196085"},{"taxonomy":"post_tag","embeddable":true,"href":"https:\/\/www.europesays.com\/fr\/wp-json\/wp\/v2\/tags?post=196085"}],"curies":[{"name":"wp","href":"https:\/\/api.w.org\/{rel}","templated":true}]}}