{"id":196086,"date":"2025-06-22T15:16:17","date_gmt":"2025-06-22T15:16:17","guid":{"rendered":"https:\/\/www.europesays.com\/fr\/196086\/"},"modified":"2025-06-22T15:16:17","modified_gmt":"2025-06-22T15:16:17","slug":"des-jeunes-femmes-victimes-de-piqures-sauvages-et-un-blesse-au-couteau","status":"publish","type":"post","link":"https:\/\/www.europesays.com\/fr\/196086\/","title":{"rendered":"des jeunes femmes victimes de piq\u00fbres sauvages et un bless\u00e9 au couteau"},"content":{"rendered":"<p class=\"insetTitle\">13 personnes aux urgences pour suspicion de piq\u00fbre<\/p>\n<p>Du c\u00f4t\u00e9 de la pr\u00e9fecture de Meurthe-et-Moselle, initialement pas un mot sur la vague de piq\u00fbres qui devait \u00eatre revue \u00e0 la hausse, dimanche. \u00ab\u00a0Gr\u00e2ce \u00e0 une mobilisation exceptionnelle des forces de s\u00e9curit\u00e9 et de secours, la soir\u00e9e s\u2019est d\u00e9roul\u00e9e dans des conditions de s\u00e9curit\u00e9 optimales\u00a0\u00bb, indiquait en fin de matin\u00e9e la pr\u00e9fecture de Meurthe-et-Moselle dans un communiqu\u00e9 lors d\u2019un point intitul\u00e9 \u00ab\u00a0S\u00e9curisation de la F\u00eate de la musique dans le d\u00e9partement\u00a0\u00bb.<\/p>\n<p>\u00ab\u00a0145 policiers nationaux, 160 gendarmes ainsi que 15 militaires de l\u2019op\u00e9ration Sentinelle ont \u00e9t\u00e9 d\u00e9ploy\u00e9s sur l\u2019ensemble du territoire d\u00e9partemental, ainsi que de nombreux sapeurs-pompiers, des b\u00e9n\u00e9voles des associations agr\u00e9\u00e9es de s\u00e9curit\u00e9 civile et des policiers municipaux\u00a0\u00bb.<\/p>\n<p>D\u00e9j\u00e0 deux plaintes d\u00e9pos\u00e9es<\/p>\n<p>\u00ab\u00a0Fran\u00e7oise Souliman, pr\u00e9fet de Meurthe-et-Moselle [\u2026] souligne tout particuli\u00e8rement la qualit\u00e9 de la coordination interservices, qui a permis de garantir le bon d\u00e9roulement de cette soir\u00e9e dans un esprit de responsabilit\u00e9 et de vigilance partag\u00e9e\u00a0\u00bb, rel\u00e8ve encore le communiqu\u00e9 pr\u00e9fectoral. \u00ab\u00a0Madame le pr\u00e9fet tient \u00e0 remercier chaleureusement toutes celles et ceux qui ont \u0153uvr\u00e9 \u00e0 la r\u00e9ussite de cet \u00e9v\u00e9nement\u00a0\u00bb.<\/p>\n<p>Interrog\u00e9e par nos soins sur la vague de piq\u00fbres lors de la FDM de Nancy, la pr\u00e9fecture mentionnait tout de m\u00eame qu\u2019une \u00ab\u00a0vingtaine de personnes s\u2019est pr\u00e9sent\u00e9e aux forces de secours car craignant d\u2019avoir \u00e9t\u00e9 piqu\u00e9e\u00a0\u00bb.<\/p>\n<p>Apr\u00e8s l\u2019accueil des victimes et selon leur \u00e9tat de sant\u00e9, \u00ab\u00a0choix leur \u00e9tait propos\u00e9 d\u2019\u00eatre transport\u00e9es \u00e0 l\u2019h\u00f4pital ou de s\u2019y rendre par leurs propres moyens et de proc\u00e9der \u00e0 un pr\u00e9-d\u00e9p\u00f4t de plainte si elles le souhaitaient\u00a0\u00bb, pr\u00e9cise la pr\u00e9fecture. \u00ab\u00a0Trois ont demand\u00e9 \u00e0 \u00eatre transport\u00e9es aux urgences\u00a0; 10 s\u2019y sont rendues elles-m\u00eames et deux plaintes ont \u00e9t\u00e9 d\u00e9pos\u00e9es\u00a0\u00bb, pr\u00e9cisait alors la pr\u00e9fecture, dimanche en milieu d\u2019apr\u00e8s-midi. Des chiffres susceptibles d\u2019\u00e9voluer.<\/p>\n","protected":false},"excerpt":{"rendered":"13 personnes aux urgences pour suspicion de piq\u00fbre Du c\u00f4t\u00e9 de la pr\u00e9fecture de Meurthe-et-Moselle, initialement pas un&hellip;\n","protected":false},"author":2,"featured_media":196087,"comment_status":"","ping_status":"","sticky":false,"template":"","format":"standard","meta":{"footnotes":""},"categories":[9635],"tags":[1111,11,271,1687,272,1704,1777,674,274,3326,1011,27,775,873,1702,1703,12,3456,4043,25,953],"class_list":{"0":"post-196086","1":"post","2":"type-post","3":"status-publish","4":"format-standard","5":"has-post-thumbnail","7":"category-nancy","8":"tag-actu","9":"tag-actualites","10":"tag-crime","11":"tag-culture-loisirs","12":"tag-delit-et-contravention","13":"tag-edition-nancy-et-agglomeration","14":"tag-eu","15":"tag-europe","16":"tag-faits-divers-justice","17":"tag-fete-locale","18":"tag-fr","19":"tag-france","20":"tag-grand-est","21":"tag-musique","22":"tag-nancy","23":"tag-nancy-ville-54b","24":"tag-news","25":"tag-region-lorraine","26":"tag-repas-et-the-dansant","27":"tag-republique-francaise","28":"tag-soiree"},"share_on_mastodon":{"url":"https:\/\/pubeurope.com\/@fr\/114727681042519431","error":""},"_links":{"self":[{"href":"https:\/\/www.europesays.com\/fr\/wp-json\/wp\/v2\/posts\/196086","targetHints":{"allow":["GET"]}}],"collection":[{"href":"https:\/\/www.europesays.com\/fr\/wp-json\/wp\/v2\/posts"}],"about":[{"href":"https:\/\/www.europesays.com\/fr\/wp-json\/wp\/v2\/types\/post"}],"author":[{"embeddable":true,"href":"https:\/\/www.europesays.com\/fr\/wp-json\/wp\/v2\/users\/2"}],"replies":[{"embeddable":true,"href":"https:\/\/www.europesays.com\/fr\/wp-json\/wp\/v2\/comments?post=196086"}],"version-history":[{"count":0,"href":"https:\/\/www.europesays.com\/fr\/wp-json\/wp\/v2\/posts\/196086\/revisions"}],"wp:featuredmedia":[{"embeddable":true,"href":"https:\/\/www.europesays.com\/fr\/wp-json\/wp\/v2\/media\/196087"}],"wp:attachment":[{"href":"https:\/\/www.europesays.com\/fr\/wp-json\/wp\/v2\/media?parent=196086"}],"wp:term":[{"taxonomy":"category","embeddable":true,"href":"https:\/\/www.europesays.com\/fr\/wp-json\/wp\/v2\/categories?post=196086"},{"taxonomy":"post_tag","embeddable":true,"href":"https:\/\/www.europesays.com\/fr\/wp-json\/wp\/v2\/tags?post=196086"}],"curies":[{"name":"wp","href":"https:\/\/api.w.org\/{rel}","templated":true}]}}