{"id":196093,"date":"2025-06-22T15:20:09","date_gmt":"2025-06-22T15:20:09","guid":{"rendered":"https:\/\/www.europesays.com\/fr\/196093\/"},"modified":"2025-06-22T15:20:09","modified_gmt":"2025-06-22T15:20:09","slug":"plus-de-500-idees-pour-occuper-vos-enfants-cet-ete","status":"publish","type":"post","link":"https:\/\/www.europesays.com\/fr\/196093\/","title":{"rendered":"plus de 500 id\u00e9es pour occuper vos enfants cet \u00e9t\u00e9"},"content":{"rendered":"<p>            Par<br \/>\n        <strong><br \/>\n            <a href=\"https:\/\/actu.fr\/auteur\/metropoop\" title=\"Consulter tous les articles de R\u00e9daction M\u00e9tropolitain\" target=\"_blank\" rel=\"noopener\">R\u00e9daction M\u00e9tropolitain<\/a><br \/>\n        <\/strong><\/p>\n<p>        Publi\u00e9 le<\/p>\n<p>            22 juin 2025 \u00e0 16h38        <\/p>\n<p>\u00c0 Montpellier et dans sa m\u00e9tropole, les vacances d\u2019\u00e9t\u00e9 ne riment pas avec ennui. <strong>Plus de 500 animations<\/strong> sont propos\u00e9es aux familles dans les \u00e9tablissements culturels, sportifs et de loisirs. De la lecture au spectacle, en passant par la musique et le jeu, chaque enfant y trouve sa place. La Ville entend garantir l\u2019acc\u00e8s \u00e0 la culture et au divertissement \u00e0 tous ses habitants, d\u00e8s le plus jeune \u00e2ge.<\/p>\n<p>Des animations d\u00e8s 3 ans<\/p>\n<p class=\" wall-content\">La programmation d\u00e9marre t\u00f4t, d\u00e8s 3 ans. Pour les tout-petits, la M\u00e9diath\u00e8que George Sand organise \u00ab\u00a0Des animaux dans l\u2019jeux\u00a0\u00bb sur trois jours, <strong>les 24, 25 et 26 juin<\/strong>. Un rendez-vous gratuit et en acc\u00e8s libre.<\/p>\n<p>    <a href=\"https:\/\/www.google.com\/maps\/embed?pb=!1m18!1m12!1m3!1d2892.733923911387!2d3.859541676456075!3d43.52874097110832!2m3!1f0!2f0!3f0!3m2!1i1024!2i768!4f13.1!3m3!1m2!1s0x12b6b10163833d11%3A0x9c441790bb2ecc97!2sM%C3%A9diath%C3%A8que%20George%20Sand!5e0!3m2!1sfr!2sfr!4v1750412684362!5m2!1sfr!2sfr\" title=\"Ouvrie le lien\" target=\"_blank\" rel=\"noopener\">Cliquez ici pour visualiser le contenu<\/a><\/p>\n<p class=\" wall-content\">Le m\u00eame jour, le centre B\u00e9renger de Fr\u00e9dol accueille le spectacle \u00ab\u00a0Petit PaTaClaK\u00a0\u00bb, sur inscription. Ce spectacle s\u2019adresse aux moins de 4 ans. <strong>Le 24 juin encore<\/strong>, les tout-petits ont rendez-vous \u00e0 la M\u00e9diath\u00e8que Aim\u00e9 C\u00e9saire. \u00ab\u00a0En avant la musique\u00a0\u00bb propose un moment de partage musical entre b\u00e9b\u00e9s et parents. Le lendemain, le 25 juin, le quartier du Bassin Jacques C\u0153ur devient une zone d\u2019animations pour les plus jeunes. Jeux sous les arbres, lectures en plein air, ou encore \u00ab\u00a0Le bateau de Monsieur Zouglouglou\u00a0\u00bb, les propositions foisonnent. Toutes sont gratuites et en acc\u00e8s libre.<\/p>\n<p class=\" wall-content\">Les enfants de 3 \u00e0 10 ans peuvent d\u00e9couvrir l\u2019\u00a0\u00bbEspace Multisensoriel\u00a0\u00bb organis\u00e9 par les m\u00e9diath\u00e8ques le 24 juin, de 10h \u00e0 12h, au centre social de la Caf. Un moment de lecture interactif o\u00f9 les sens sont sollicit\u00e9s. Il faut s\u2019inscrire pour y participer. Pour les b\u00e9b\u00e9s, les ateliers ne manquent pas.<strong> Le 25 juin<\/strong>, la m\u00e9diath\u00e8que centrale \u00c9mile Zola leur r\u00e9serve une matin\u00e9e immersive avec \u00ab\u00a0Les b\u00e9b\u00e9s envahissent l\u2019espace.\u00a0\u00bb Pendant ce temps, \u00e0 La Gare, les \u00ab\u00a0B\u00e9b\u00e9s lecteurs\u00a0\u00bb profitent de lectures adapt\u00e9es. Et \u00e0 la maison pour tous L\u00e9o Lagrange, \u00ab\u00a0Les Loustics\u00a0\u00bb partagent l\u2019espace avec la \u00ab\u00a0Roulotte \u00e0 Jeux\u00a0\u00bb, toujours pour les moins de 3 ans.<\/p>\n<p>Vid\u00e9os : en ce moment sur ActuLes plus grands ne sont pas oubli\u00e9s<\/p>\n<p class=\" wall-content\">Le programme s\u2019adresse aussi aux enfants plus \u00e2g\u00e9s. \u00c0 partir de 6 ans, l\u2019Espace Gis\u00e8le Halimi organise un atelier couture les 23 juin et 21 juillet. Encadr\u00e9 dans le cadre du fablab, il permet de fabriquer son propre coussin. L\u2019activit\u00e9 est sur inscription. Les adolescents et pr\u00e9-ados peuvent aussi participer \u00e0 \u00ab\u00a0Croc\u2019Jeux\u00a0\u00bb, le 25 juin \u00e0 la M\u00e9diath\u00e8que Albert Camus. Ouvert de 10h \u00e0 19h, cet \u00e9v\u00e9nement s\u2019adresse aux jeunes <strong>de 3 \u00e0 17 ans<\/strong>, sans inscription. Les animations ne se limitent pas \u00e0 la journ\u00e9e. Le 24 juin, de 19h \u00e0 21h, une soir\u00e9e jeux et lectures a lieu au Parcours Sant\u00e9 de Lattes. Autre moment convivial : les \u00ab\u00a0Lectures sous les arbres\u00a0\u00bb au square Jean Moulin, pr\u00e9vues le 24 juin de 16h \u00e0 18h. Une bulle litt\u00e9raire accessible \u00e0 tous, en plein air.<\/p>\n<p><strong>&gt;<\/strong> Pour d\u00e9couvrir l\u2019ensemble des animations propos\u00e9es tout au long de l\u2019\u00e9t\u00e9, consultez le programme complet <a href=\"https:\/\/ete.montpellier.fr\" target=\"_blank\" rel=\"noopener\">sur le site de la Ville de Montpellier<\/a><\/p>\n<p class=\" wall-content\">Suivez toute l\u2019actualit\u00e9 de vos villes et m\u00e9dias favoris en vous inscrivant \u00e0 <a href=\"https:\/\/moncompte.actu.fr\" title=\"D\u00e9couvez Mon Actu\" rel=\"nofollow noopener\" data-trk=\"{&quot;cta&quot;:{&quot;action&quot;:&quot;https:\\\/\\\/moncompte.actu.fr&quot;,&quot;category&quot;:&quot;mon compte&quot;,&quot;from&quot;:&quot;article footer&quot;,&quot;name&quot;:&quot;Mon actu&quot;,&quot;type&quot;:&quot;cta&quot;}}\" target=\"_blank\">Mon Actu<\/a>.<\/p>\n","protected":false},"excerpt":{"rendered":"Par R\u00e9daction M\u00e9tropolitain Publi\u00e9 le 22 juin 2025 \u00e0 16h38 \u00c0 Montpellier et dans sa m\u00e9tropole, les vacances&hellip;\n","protected":false},"author":2,"featured_media":196094,"comment_status":"","ping_status":"","sticky":false,"template":"","format":"standard","meta":{"footnotes":""},"categories":[9599],"tags":[1111,11,1719,1777,674,652,1011,27,1652,2208,12,2680,25,3176],"class_list":{"0":"post-196093","1":"post","2":"type-post","3":"status-publish","4":"format-standard","5":"has-post-thumbnail","7":"category-montpellier","8":"tag-actu","9":"tag-actualites","10":"tag-enfants","11":"tag-eu","12":"tag-europe","13":"tag-famille","14":"tag-fr","15":"tag-france","16":"tag-loisirs-culture","17":"tag-montpellier","18":"tag-news","19":"tag-occitanie","20":"tag-republique-francaise","21":"tag-vacances-scolaires"},"share_on_mastodon":{"url":"https:\/\/pubeurope.com\/@fr\/114727696928647872","error":""},"_links":{"self":[{"href":"https:\/\/www.europesays.com\/fr\/wp-json\/wp\/v2\/posts\/196093","targetHints":{"allow":["GET"]}}],"collection":[{"href":"https:\/\/www.europesays.com\/fr\/wp-json\/wp\/v2\/posts"}],"about":[{"href":"https:\/\/www.europesays.com\/fr\/wp-json\/wp\/v2\/types\/post"}],"author":[{"embeddable":true,"href":"https:\/\/www.europesays.com\/fr\/wp-json\/wp\/v2\/users\/2"}],"replies":[{"embeddable":true,"href":"https:\/\/www.europesays.com\/fr\/wp-json\/wp\/v2\/comments?post=196093"}],"version-history":[{"count":0,"href":"https:\/\/www.europesays.com\/fr\/wp-json\/wp\/v2\/posts\/196093\/revisions"}],"wp:featuredmedia":[{"embeddable":true,"href":"https:\/\/www.europesays.com\/fr\/wp-json\/wp\/v2\/media\/196094"}],"wp:attachment":[{"href":"https:\/\/www.europesays.com\/fr\/wp-json\/wp\/v2\/media?parent=196093"}],"wp:term":[{"taxonomy":"category","embeddable":true,"href":"https:\/\/www.europesays.com\/fr\/wp-json\/wp\/v2\/categories?post=196093"},{"taxonomy":"post_tag","embeddable":true,"href":"https:\/\/www.europesays.com\/fr\/wp-json\/wp\/v2\/tags?post=196093"}],"curies":[{"name":"wp","href":"https:\/\/api.w.org\/{rel}","templated":true}]}}