{"id":196097,"date":"2025-06-22T15:22:14","date_gmt":"2025-06-22T15:22:14","guid":{"rendered":"https:\/\/www.europesays.com\/fr\/196097\/"},"modified":"2025-06-22T15:22:14","modified_gmt":"2025-06-22T15:22:14","slug":"voici-le-recap-de-lactu-de-la-semaine-a-rouen","status":"publish","type":"post","link":"https:\/\/www.europesays.com\/fr\/196097\/","title":{"rendered":"voici le r\u00e9cap de l&rsquo;actu de la semaine \u00e0 Rouen"},"content":{"rendered":"<p>            Par<br \/>\n        <strong><br \/>\n            <a href=\"https:\/\/actu.fr\/auteur\/thomas-rideau\" title=\"Consulter tous les articles de Thomas Rideau\" rel=\"nofollow noopener\" target=\"_blank\">Thomas Rideau<\/a><br \/>\n        <\/strong><\/p>\n<p>        Publi\u00e9 le<\/p>\n<p>            22 juin 2025 \u00e0 16h40        <\/p>\n<p>Cette semaine a \u00e9t\u00e9 charg\u00e9e au niveau de l\u2019actualit\u00e9 \u00e0 <a href=\"https:\/\/actu.fr\/normandie\/rouen_76540\" rel=\"nofollow noopener\" target=\"_blank\">Rouen (Seine-Maritime)<\/a>, entre le 16 et le 22\u00a0juin 2025. <strong>Vous n\u2019avez pas tout suivi\u2009?<\/strong> On vous s\u00e9lectionne les infos les plus importantes de ces derniers jours.<\/p>\n<p>Les infos de la semaine<\/p>\n<p class=\"expresso-item wall-content\"><a title=\"Lire l&#039;article\" href=\"https:\/\/actu.fr\/normandie\/rouen_76540\/j-ai-vu-le-premier-coup-de-couteau-au-tribunal-les-temoins-racontent-l-attaque-dans-le-restaurant-cancan_62797870.html\" rel=\"nofollow noopener\" target=\"_blank\"><strong>\u00ab\u2009J\u2019ai vu le premier coup de couteau\u2009\u00bb\u2009: au tribunal les t\u00e9moins racontent l\u2019attaque dans le restaurant Cancan<\/strong><\/a><br \/>Le proc\u00e8s d\u2019Ab. Ba, 21\u00a0ans, s\u2019est ouvert le jeudi 19\u00a0juin 2025 \u00e0 Rouen. Il est accus\u00e9 d\u2019avoir poignard\u00e9 \u00e0 quatre reprises son coll\u00e8gue en 2022 alors qu\u2019il travaillait au Cancan.<\/p>\n<p class=\"expresso-item wall-content\"><a title=\"Lire l&#039;article\" href=\"https:\/\/actu.fr\/normandie\/rouen_76540\/bateaux-dates-organisation-decouvrez-les-premiers-contours-de-l-armada-2027-de-rouen_62796325.html\" rel=\"nofollow noopener\" target=\"_blank\"><strong>Bateaux, dates, organisation\u2026 D\u00e9couvrez les premiers contours de l\u2019Armada 2027 de Rouen<\/strong><\/a><br \/>La prochaine Armada de Rouen (Seine-Maritime) se d\u00e9roulera du 17 au 27\u00a0juin 2027. Voici quelques premiers \u00e9l\u00e9ments \u00e0 savoir sur cette 9e \u00e9dition.<\/p>\n<p class=\"expresso-item wall-content\"><a title=\"Lire l&#039;article\" href=\"https:\/\/actu.fr\/normandie\/rouen_76540\/les-rouennais-paient-ils-plus-chers-leurs-billets-de-train-par-rapport-aux-autres-villes-a-1h30-de-paris_62784859.html\" rel=\"nofollow noopener\" target=\"_blank\"><strong>Les Rouennais paient-ils plus chers leurs billets de train par rapport aux autres villes \u00e0 1h30 de Paris\u2009?<\/strong><\/a><br \/>Les Rouennais paient-ils plus chers leurs billets de train par rapport aux autres villes \u00e0 1h30 de Paris\u2009? On a fait un comparatif.<\/p>\n<p class=\"expresso-item wall-content\"><a title=\"Lire l&#039;article\" href=\"https:\/\/actu.fr\/normandie\/rouen_76540\/il-va-defigurer-le-quartier-pourquoi-des-riverains-du-quartier-saint-nicaise-a-rouen-se-mobilisent_62782417.html\" rel=\"nofollow noopener\" target=\"_blank\"><strong>\u00ab\u2009Il va d\u00e9figurer le quartier\u2009\u00bb\u2009: pourquoi des riverains du quartier Saint-Nicaise \u00e0 Rouen se mobilisent<\/strong><\/a><br \/>Le projet de logements, de cabinet m\u00e9dical et de cr\u00e8che de l\u2019Ehpad Saint-Joseph, \u00e0 Rouen, rencontre une r\u00e9sistance du c\u00f4t\u00e9 des riverains. On vous explique o\u00f9 en est le projet.<\/p>\n<p class=\"expresso-item wall-content\"><a title=\"Lire l&#039;article\" href=\"https:\/\/actu.fr\/normandie\/rouen_76540\/exclu-les-transports-en-commun-de-rouen-bientot-gratuits-pour-les-moins-de-18-ans-on-vous-explique-tout_62787879.html\" rel=\"nofollow noopener\" target=\"_blank\"><strong>EXCLU. Les transports en commun de Rouen bient\u00f4t gratuits pour les moins de 18\u00a0ans\u2009: on vous explique tout<\/strong><\/a><br \/>Lors du conseil m\u00e9tropolitain du 30\u00a0juin 2025, la gratuit\u00e9 des transports en commun pour les moins de 18\u00a0ans sera soumise au vote. On vous explique dans le d\u00e9tail \u00e0 quoi s\u2019attendre<\/p>\n<p class=\"expresso-item wall-content\"><a title=\"Lire l&#039;article\" href=\"https:\/\/actu.fr\/normandie\/rouen_76540\/economie-faire-venir-le-tour-de-france-a-rouen-combien-ca-coute-et-ce-que-ca-rapporte_62762043.html\" rel=\"nofollow noopener\" target=\"_blank\"><strong>\u00c9conomie. Faire venir le tour de France \u00e0 Rouen\u2009: combien \u00e7a co\u00fbte (et ce que \u00e7a rapporte)\u2009?<\/strong><\/a><br \/>Combien \u00e7a co\u00fbte de faire venir le Tour de France \u00e0 Rouen\u2009? Et surtout, qu\u2019est-ce que \u00e7a rapporte\u2009? On r\u00e9pond \u00e0 ces questions, \u00e0 quelques semaines du passage du Tour.<\/p>\n<p>Bon \u00e0 savoir<\/p>\n<p class=\"expresso-item wall-content\"><a title=\"Lire l&#039;article\" href=\"https:\/\/actu.fr\/normandie\/rouen_76540\/une-nouvelle-exposition-photographique-a-rouen-francoise-huguier-presente-matiere-terrestre_62765094.html\" rel=\"nofollow noopener\" target=\"_blank\"><strong>Une nouvelle exposition photographique\u2009: \u00e0 Rouen, Fran\u00e7oise Huguier pr\u00e9sente \u00ab\u2009Mati\u00e8re terrestre\u2009\u00bb<\/strong><\/a><br \/>Du 24\u00a0mai au 27\u00a0septembre 2025, au Centre photographique de Rouen, cette exposition d\u00e9voile les diff\u00e9rents int\u00e9rieurs domestiques.<\/p>\n<p class=\"expresso-item wall-content\"><a title=\"Lire l&#039;article\" href=\"https:\/\/actu.fr\/normandie\/rouen_76540\/en-images-a-rouen-les-cages-a-poisson-remontent-a-la-surface-avec-des-anguilles-et-crevettes_62770542.html\" rel=\"nofollow noopener\" target=\"_blank\"><strong>EN IMAGES. \u00c0 Rouen\u2009: les cages \u00e0 poisson remontent \u00e0 la surface, avec des anguilles et crevettes<\/strong><\/a><br \/>Depuis 2022, ce projet permet de fournir un abri aux esp\u00e8ces pr\u00e9sentes dans la Seine, pr\u00e8s de Rouen (Seine-Maritime). On fait le point.<\/p>\n<p class=\"expresso-item wall-content\"><a title=\"Lire l&#039;article\" href=\"https:\/\/actu.fr\/normandie\/rouen_76540\/des-menus-entre-chefs-refugies-et-restaurateurs-voici-ce-que-propose-ce-festival-culinaire-a-rouen_62791806.html\" rel=\"nofollow noopener\" target=\"_blank\"><strong>Des menus entre chefs r\u00e9fugi\u00e9s et restaurateurs\u2009: voici ce que propose ce festival culinaire \u00e0 Rouen<\/strong><\/a><br \/>Le Refugee Food Festival, un festival culinaire et solidaire, d\u00e9barque \u00e0 Rouen du 18 au 20\u00a0juin 2025. Une belle occasion de d\u00e9couvrir des cuisines du monde\u2009!<\/p>\n<p class=\"expresso-item wall-content\"><a title=\"Lire l&#039;article\" href=\"https:\/\/actu.fr\/normandie\/rouen_76540\/un-spectacle-quasi-inedit-a-l-affiche-de-cathedrale-de-lumiere-a-rouen-ce-que-nous-en-avons-pense_62714486.html\" rel=\"nofollow noopener\" target=\"_blank\"><strong>Un spectacle quasi in\u00e9dit \u00e0 l\u2019affiche de Cath\u00e9drale de lumi\u00e8re \u00e0 Rouen\u2009: ce que nous en avons pens\u00e9<\/strong><\/a><br \/>Cath\u00e9drale de lumi\u00e8re a fait son retour \u00e0 Rouen (Seine-Maritime) samedi 31\u00a0mai 2025, avec un nouveau volet, Optic Gothic, cr\u00e9ation qui puise son inspiration dans l\u2019Op Art.<\/p>\n<p>Suivez l\u2019actualit\u00e9 de Rouen <a href=\"https:\/\/www.whatsapp.com\/channel\/0029VaKfnf99hXF2ddApFB1D\" rel=\"nofollow noopener\" target=\"_blank\">sur notre cha\u00eene WhatsApp<\/a> et <a href=\"https:\/\/www.tiktok.com\/@76actu.fr?lang=fr\" rel=\"nofollow noopener\" target=\"_blank\">sur notre compte TikTok<\/a><\/p>\n<p class=\" wall-content\">Suivez toute l\u2019actualit\u00e9 de vos villes et m\u00e9dias favoris en vous inscrivant \u00e0 <a href=\"https:\/\/moncompte.actu.fr\" title=\"D\u00e9couvez Mon Actu\" rel=\"nofollow noopener\" data-trk=\"{&quot;cta&quot;:{&quot;action&quot;:&quot;https:\\\/\\\/moncompte.actu.fr&quot;,&quot;category&quot;:&quot;mon compte&quot;,&quot;from&quot;:&quot;article footer&quot;,&quot;name&quot;:&quot;Mon actu&quot;,&quot;type&quot;:&quot;cta&quot;}}\" target=\"_blank\">Mon Actu<\/a>.<\/p>\n<p>                    <script async src=\"\/\/www.tiktok.com\/embed.js\"><\/script><\/p>\n","protected":false},"excerpt":{"rendered":"Par Thomas Rideau Publi\u00e9 le 22 juin 2025 \u00e0 16h40 Cette semaine a \u00e9t\u00e9 charg\u00e9e au niveau de&hellip;\n","protected":false},"author":2,"featured_media":196098,"comment_status":"","ping_status":"","sticky":false,"template":"","format":"standard","meta":{"footnotes":""},"categories":[9587],"tags":[1111,11,9086,1777,674,1011,27,1652,12,5161,25,9590],"class_list":{"0":"post-196097","1":"post","2":"type-post","3":"status-publish","4":"format-standard","5":"has-post-thumbnail","7":"category-rouen","8":"tag-actu","9":"tag-actualites","10":"tag-bon-plan-a-rouen","11":"tag-eu","12":"tag-europe","13":"tag-fr","14":"tag-france","15":"tag-loisirs-culture","16":"tag-news","17":"tag-normandie","18":"tag-republique-francaise","19":"tag-rouen"},"share_on_mastodon":{"url":"https:\/\/pubeurope.com\/@fr\/114727704494776167","error":""},"_links":{"self":[{"href":"https:\/\/www.europesays.com\/fr\/wp-json\/wp\/v2\/posts\/196097","targetHints":{"allow":["GET"]}}],"collection":[{"href":"https:\/\/www.europesays.com\/fr\/wp-json\/wp\/v2\/posts"}],"about":[{"href":"https:\/\/www.europesays.com\/fr\/wp-json\/wp\/v2\/types\/post"}],"author":[{"embeddable":true,"href":"https:\/\/www.europesays.com\/fr\/wp-json\/wp\/v2\/users\/2"}],"replies":[{"embeddable":true,"href":"https:\/\/www.europesays.com\/fr\/wp-json\/wp\/v2\/comments?post=196097"}],"version-history":[{"count":0,"href":"https:\/\/www.europesays.com\/fr\/wp-json\/wp\/v2\/posts\/196097\/revisions"}],"wp:featuredmedia":[{"embeddable":true,"href":"https:\/\/www.europesays.com\/fr\/wp-json\/wp\/v2\/media\/196098"}],"wp:attachment":[{"href":"https:\/\/www.europesays.com\/fr\/wp-json\/wp\/v2\/media?parent=196097"}],"wp:term":[{"taxonomy":"category","embeddable":true,"href":"https:\/\/www.europesays.com\/fr\/wp-json\/wp\/v2\/categories?post=196097"},{"taxonomy":"post_tag","embeddable":true,"href":"https:\/\/www.europesays.com\/fr\/wp-json\/wp\/v2\/tags?post=196097"}],"curies":[{"name":"wp","href":"https:\/\/api.w.org\/{rel}","templated":true}]}}