{"id":196117,"date":"2025-06-22T15:38:09","date_gmt":"2025-06-22T15:38:09","guid":{"rendered":"https:\/\/www.europesays.com\/fr\/196117\/"},"modified":"2025-06-22T15:38:09","modified_gmt":"2025-06-22T15:38:09","slug":"patrimoine-de-toulouse-a-sete-sur-les-chemins-intimes-du-canal-du-midi","status":"publish","type":"post","link":"https:\/\/www.europesays.com\/fr\/196117\/","title":{"rendered":"Patrimoine. De Toulouse \u00e0 S\u00e8te, sur les chemins intimes du canal du Midi"},"content":{"rendered":"<p>            Par<br \/>\n        <strong><br \/>\n            <a href=\"https:\/\/actu.fr\/auteur\/journaliste-lg\" title=\"Consulter tous les articles de R\u00e9daction Lauragais\" target=\"_blank\" rel=\"noopener\">R\u00e9daction Lauragais<\/a><br \/>\n        <\/strong><\/p>\n<p>        Publi\u00e9 le<\/p>\n<p>            22 juin 2025 \u00e0 16h26        <\/p>\n<p>Patrice Teisseire-Dufour est un authentique amoureux du patrimoine local. Le journaliste, qui a sign\u00e9 divers ouvrages sur <strong>les Pyr\u00e9n\u00e9es<\/strong>, aborde cette fois un autre \u00a0\u00bb mythe \u00a0\u00bb du sud toulousain avec la publication du Canal du Midi, un chemin d\u2019eau et de ciel (\u00c9ditions Sud-Ouest). Un projet longuement m\u00fbri initi\u00e9 en 2009 au cours d\u2019une <a href=\"https:\/\/actu.fr\/tag\/canal-du-midi\" target=\"_blank\" rel=\"noopener\">promenade de Toulouse \u00e0 S\u00e8te<\/a> avec son p\u00e8re.<\/p>\n<p>328 ouvrages d\u2019art<\/p>\n<p class=\" wall-content\">\u00ab\u00a0L\u2019id\u00e9e de l\u2019aborder \u00e0 bicyclette, \u00e0 10km\/h, permet de capter l\u2019essence de l\u2019ouvrage de Riquet. J\u2019ai une profonde admiration pour ce visionnaire qui y a d\u00e9di\u00e9 sa vie. J\u2019ai d\u00e9couvert, par l\u2019interm\u00e9diaire de l\u2019archiviste Samuel Vannier au port Saint-Etienne (pr\u00e8s de la Halle aux Grains), sa correspondance avec Colbert, ses plans\u2026 <strong>Ce f\u00fbt tr\u00e8s \u00e9mouvant<\/strong>.\u00a0 Puis durant 15 ans, au gr\u00e9 de mes recherches, de mes reportages pour Occitanie magazine, de mes rencontres, j\u2019ai amass\u00e9 toute une mati\u00e8re propice \u00e0 la r\u00e9alisation d\u2019un livre vivant, entre h\u00e9ritage historique et enjeux contemporains, magnifi\u00e9 par les clich\u00e9s de mon ami Arnaud Sp\u00e4ni, photographe sp\u00e9cialis\u00e9 dans le paysage, l\u2019architecture et la gastronomie\u00a0\u00bb.<\/p>\n<p class=\" wall-content\">Class\u00e9 au patrimoine mondial de l\u2019Humanit\u00e9 par l\u2019Unesco depuis 1996, le canal, long de 240 kilom\u00e8tres, dispose de\u2026 328 ouvrages d\u2019art ! S\u2019il \u00e9voque le <strong>Seuil de Naurouze<\/strong>, lieu de partage des eaux vers l\u2019Oc\u00e9an et la M\u00e9diterran\u00e9e,<strong> Saint-Ferr\u00e9ol<\/strong>, le premier grand barrage d\u2019Europe ou le c\u00e9l\u00e8bre escalier d\u2019\u00e9cluses de Fons\u00e9ranes \u00e0 <strong>B\u00e9ziers<\/strong>, Patrice Teisseire-Dufour conte par le menu d\u00e9tail des lieux m\u00e9connus : le tunnel du Malpas, \u00ab\u00a0le premier au monde perc\u00e9 en 1679-1680 pour faire passer le canal sous la colline d\u2019Ens\u00e9rune (H\u00e9rault)\u00a0\u00bb, les aqueducs escamotables au-dessus du Libron (pr\u00e8s d\u2019Agde) imagin\u00e9s en 1855 par l\u2019ing\u00e9nieur Urbain Magu\u00e8s, la pointe des <strong>Onglous<\/strong>, extr\u00e9mit\u00e9 d\u2019une jet\u00e9e de pierres noires basaltiques ponctu\u00e9e par un petit phare qui guide les bateaux de nuit et par temps de brume.<\/p>\n<p class=\" wall-content\">L\u2019auteur a aussi voulu rendre hommage au \u00ab\u00a0peuple\u00a0\u00bb de ce chemin d\u2019eau.<\/p>\n<p>Une galerie de personnages<\/p>\n<p class=\" wall-content\">Ici, on d\u00e9couvre Robert Mornet (d\u00e9c\u00e9d\u00e9 en 2022) concepteur de la r\u00e9plique d\u2019une barque de poste de 1818 qui servait au transport de passagers sur l\u2019eau entre Toulouse et Agde, de m\u00eame que les ouvriers des<strong> Voies navigables de France<\/strong> (VNF) aux cales de radoub (atelier de r\u00e9paration de bateaux) all\u00e9e des Demoiselles.<\/p>\n<p class=\" wall-content\">\u00a0L\u00e0, on partage les passions h\u00e9t\u00e9roclites du marinier <strong>Jean-Marc Samuel<\/strong>, relanceur du fret et patron du \u00ab\u00a0Tourmente\u00a0\u00bb \u2013 p\u00e9niche qui sert de sc\u00e8ne itin\u00e9rante <strong>au festival Convivencia<\/strong>-, de l\u2019\u00e9clusier-sculpteur Jo\u00ebl Barthes et son dr\u00f4le de bestiaire ou encore de Nelly Gourgues, la g\u00e9rante de la foisonnante librairie \u00ab\u00a0Le trouve tout du Livre\u00a0\u00bb du Somail (Aude), l\u2019un des hameaux les plus embl\u00e9matiques en bord de canal.<\/p>\n<p class=\" wall-content\"><b>Mathieu ARNAL<\/b><\/p>\n<p>\u00a0\u00bb Le canal du Midi, un chemin d\u2019eau et de ciel \u00a0\u00bb (\u00c9ditions Sud-Ouest) 128 pages, 29,90 \u20ac<\/p>\n<p class=\" wall-content\">Suivez toute l\u2019actualit\u00e9 de vos villes et m\u00e9dias favoris en vous inscrivant \u00e0 <a href=\"https:\/\/moncompte.actu.fr\" title=\"D\u00e9couvez Mon Actu\" rel=\"nofollow noopener\" data-trk=\"{&quot;cta&quot;:{&quot;action&quot;:&quot;https:\\\/\\\/moncompte.actu.fr&quot;,&quot;category&quot;:&quot;mon compte&quot;,&quot;from&quot;:&quot;article footer&quot;,&quot;name&quot;:&quot;Mon actu&quot;,&quot;type&quot;:&quot;cta&quot;}}\" target=\"_blank\">Mon Actu<\/a>.<\/p>\n","protected":false},"excerpt":{"rendered":"Par R\u00e9daction Lauragais Publi\u00e9 le 22 juin 2025 \u00e0 16h26 Patrice Teisseire-Dufour est un authentique amoureux du patrimoine&hellip;\n","protected":false},"author":2,"featured_media":196118,"comment_status":"","ping_status":"","sticky":false,"template":"","format":"standard","meta":{"footnotes":""},"categories":[2816],"tags":[1111,11,4861,1777,674,1011,27,1380,12,2680,25,104,2312],"class_list":{"0":"post-196117","1":"post","2":"type-post","3":"status-publish","4":"format-standard","5":"has-post-thumbnail","7":"category-toulouse","8":"tag-actu","9":"tag-actualites","10":"tag-canal-du-midi","11":"tag-eu","12":"tag-europe","13":"tag-fr","14":"tag-france","15":"tag-livres","16":"tag-news","17":"tag-occitanie","18":"tag-republique-francaise","19":"tag-societe","20":"tag-toulouse"},"share_on_mastodon":{"url":"https:\/\/pubeurope.com\/@fr\/114727767477520819","error":""},"_links":{"self":[{"href":"https:\/\/www.europesays.com\/fr\/wp-json\/wp\/v2\/posts\/196117","targetHints":{"allow":["GET"]}}],"collection":[{"href":"https:\/\/www.europesays.com\/fr\/wp-json\/wp\/v2\/posts"}],"about":[{"href":"https:\/\/www.europesays.com\/fr\/wp-json\/wp\/v2\/types\/post"}],"author":[{"embeddable":true,"href":"https:\/\/www.europesays.com\/fr\/wp-json\/wp\/v2\/users\/2"}],"replies":[{"embeddable":true,"href":"https:\/\/www.europesays.com\/fr\/wp-json\/wp\/v2\/comments?post=196117"}],"version-history":[{"count":0,"href":"https:\/\/www.europesays.com\/fr\/wp-json\/wp\/v2\/posts\/196117\/revisions"}],"wp:featuredmedia":[{"embeddable":true,"href":"https:\/\/www.europesays.com\/fr\/wp-json\/wp\/v2\/media\/196118"}],"wp:attachment":[{"href":"https:\/\/www.europesays.com\/fr\/wp-json\/wp\/v2\/media?parent=196117"}],"wp:term":[{"taxonomy":"category","embeddable":true,"href":"https:\/\/www.europesays.com\/fr\/wp-json\/wp\/v2\/categories?post=196117"},{"taxonomy":"post_tag","embeddable":true,"href":"https:\/\/www.europesays.com\/fr\/wp-json\/wp\/v2\/tags?post=196117"}],"curies":[{"name":"wp","href":"https:\/\/api.w.org\/{rel}","templated":true}]}}