{"id":196123,"date":"2025-06-22T15:41:08","date_gmt":"2025-06-22T15:41:08","guid":{"rendered":"https:\/\/www.europesays.com\/fr\/196123\/"},"modified":"2025-06-22T15:41:08","modified_gmt":"2025-06-22T15:41:08","slug":"ca-laisse-a-desirer-apres-sa-prestation-avec-pierre-garnier-a-lille-ed-sheeran-publie-un-long-message-qui-na-laisse-personne-indifferent","status":"publish","type":"post","link":"https:\/\/www.europesays.com\/fr\/196123\/","title":{"rendered":"\u00ab\u00a0\u00c7a laisse \u00e0 d\u00e9sirer\u00a0\u00bb, apr\u00e8s sa prestation avec Pierre Garnier \u00e0 Lille, Ed Sheeran publie un long message qui n\u2019a laiss\u00e9 personne indiff\u00e9rent"},"content":{"rendered":"<p>Il y a des soirs comme \u00e7a o\u00f9 la magie op\u00e8re et o\u00f9 m\u00eame les plus grandes stars prennent le temps de <strong>tendre la main \u00e0 la nouvelle g\u00e9n\u00e9ration. <\/strong>Ce samedi 21 juin, la sc\u00e8ne du Stade Pierre-Mauroy \u00e0 Lille a \u00e9t\u00e9 le th\u00e9\u00e2tre d\u2019un moment d\u2019exception : Pierre Garnier, gagnant de la Star Academy 2023, a chant\u00e9 aux c\u00f4t\u00e9s d\u2019Ed Sheeran, son idole de toujours. Un duo inattendu et \u00e9mouvant qui a fait <strong>vibrer les 66 000 spectateurs pr\u00e9sents<\/strong> pour la F\u00eate de la musique.<\/p>\n<p>Pierre Garnier en duo avec Ed Sheeran : la surprise qui a fait chavirer le public<\/p>\n<p>Depuis des semaines, les fans sp\u00e9culaient sur une \u00e9ventuelle apparition de Pierre pendant le Mathematics Tour du chanteur britannique. <strong>Le timing semblait parfait :<\/strong> Pierre Garnier \u00e9tait d\u00e9j\u00e0 sur place le 18 juin pour sa propre tourn\u00e9e, et il participait aussi au concert Star Academy pr\u00e9vu le 20. D\u2019ailleurs, <a href=\"https:\/\/www.public.fr\/marine-et-pierre-garnier-enfin-le-duo\" target=\"_blank\" rel=\"noopener\">son duo avec Marine a beaucoup fait parler.<\/a> Et finalement, c\u2019est le lendemain qu\u2019il a fait une entr\u00e9e remarqu\u00e9e sur sc\u00e8ne <strong>en tant qu\u2019invit\u00e9 surprise<\/strong> d\u2019Ed Sheeran.<\/p>\n<p>Une surprise ? Pas tant que \u00e7a pour ceux qui suivent de pr\u00e8s le parcours du jeune homme originaire de Caen, fan assum\u00e9 du chanteur de Thinking Out Loud depuis ses d\u00e9buts. Ensemble, ils ont interpr\u00e9t\u00e9 Ceux qu\u2019on \u00e9tait, le tube signature de Pierre Garnier. Une version acoustique, chant\u00e9e \u00e0 deux voix, qui a <strong>d\u00e9clench\u00e9 une v\u00e9ritable ovation.<\/strong> Le public, conquis, reprenait en ch\u0153ur les paroles. On ne savait plus qui \u00e9tait le plus \u00e9mu : l\u2019artiste en herbe, les fans ou Ed Sheeran lui-m\u00eame.<\/p>\n<p>Pierre Garnier \u00e9mu apr\u00e8s son duo avec la star am\u00e9ricaine : un moment grav\u00e9 \u00e0 jamais<\/p>\n<p>Du c\u00f4t\u00e9 du jeune Fran\u00e7ais, l\u2019\u00e9motion \u00e9tait palpable. Quelques minutes apr\u00e8s le concert, il publiait une story Instagram simple mais tr\u00e8s claire :\u00a0<strong>\u00ab Le meilleur jour de ma vie \u00bb. <\/strong>Avant d\u2019ajouter, euphorique :\u00a0\u00ab C\u2019\u00e9tait fou ! Merci Ed pour cette incroyable opportunit\u00e9 \u00bb. On le comprend\u202f! Partager la sc\u00e8ne avec l\u2019artiste qui l\u2019a tant inspir\u00e9, <strong>dans un stade comble, <\/strong>c\u2019est un moment plus qu\u2019incroyable. Et dire qu\u2019il y a un an, <a href=\"https:\/\/www.public.fr\/pierre-garnier-nouvelle-consecration-ed-sheeran-en-personne-lui-laisse-un-commentaire-sur-les-reseaux-sociaux\" target=\"_blank\" rel=\"noopener\">Ed Sheeran contactait Pierre Garnier sur les r\u00e9seaux.<\/a> Et il n\u2019est pas le seul \u00e0 s\u2019en souvenir longtemps. Sur X (ex-Twitter), les fans de Pierre Garnier <strong>sont en \u00e9bullition <\/strong>depuis ce moment magique.<\/p>\n<p>Entre fiert\u00e9 et \u00e9motion, les messages pleuvent : \u00ab Pierre a chant\u00e9 avec son idole Ed Sheeran, on peut le dire maintenant. Devant un stade de 66 000 personnes. <strong>On est tellement fiers de toi Pierre. \u00bb, <\/strong>\u00ab J\u2019ai envie de pleurer, tellement content pour lui, il m\u00e9rite tellement. \u00bb, \u00ab J\u2019en reviens pas\u2026 S\u00e9rieusement, il le m\u00e9rite \u00e0 1000%, c\u2019est tellement m\u00e9rit\u00e9 que \u00e7a en donne des frissons. \u00bb. Certains soulignent m\u00eame <strong>la complicit\u00e9 touchante entre les deux artistes.<\/strong> Une internaute \u00e9crit : \u00ab Mais la fin, regardez-les, c\u2019est les deux m\u00eames, ils sont en contact et surtout qu\u2019ils le restent. \u00bb.<\/p>\n<blockquote class=\"twitter-tweet\">\n<p>\ud83d\udcf2| Ed Sheeran a partag\u00e9 une vid\u00e9o de son duo avec Pierre ce soir sur \u2018Ceux qu\u2019on \u00e9tait\u2019 et a \u00e9crit : <\/p>\n<p>\u201cC\u2019\u00e9tait un vrai plaisir d\u2019avoir pierregarniermusique sur sc\u00e8ne ce soir, mais aussi de passer du temps avec lui avant le concert. Un artiste talentueux, un mec vraiment\u2026 <a href=\"https:\/\/t.co\/HAR7TSFq67\">pic.twitter.com\/HAR7TSFq67<\/a><\/p>\n<p>\u2014 Pierre Garnier Updates \u2b50\ufe0f (@PierreG_Updates) <a href=\"https:\/\/twitter.com\/PierreG_Updates\/status\/1936539921428119832?ref_src=twsrc%5Etfw\" target=\"_blank\" rel=\"noopener\">June 21, 2025<\/a><\/p><\/blockquote>\n<p>\u00ab\u00a0Merci Pierre, merci Lille\u00a0\u00bb : Ed Sheeran sous le charme du jeune Fran\u00e7ais<\/p>\n<p>Sur Instagram, Ed Sheeran a lui aussi tenu \u00e0 <strong>partager son enthousiasme, <\/strong>dans un post long et chaleureux qui n\u2019a laiss\u00e9 personne indiff\u00e9rent.\u00a0\u00ab C\u2019\u00e9tait un tel plaisir de recevoir Pierre Garnier sur sc\u00e8ne ce soir, mais aussi de <strong>passer du temps avec lui avant le spectacle. <\/strong>Quel talent, quel homme \u00bb,\u00a0a-t-il \u00e9crit. Mais c\u2019est surtout la suite du message qui a surpris\u2026 et fait sourire. Le chanteur britannique, qui s\u2019est lanc\u00e9 dans l\u2019interpr\u00e9tation d\u2019un titre en fran\u00e7ais, a reconnu avec beaucoup d\u2019humour :\u00a0\u00ab Je dirais que mon fran\u00e7ais laisse \u00e0 d\u00e9sirer cela dit, j\u2019ai rat\u00e9 mon exam de GCSE d\u2019allemand, <strong>je n\u2019ai m\u00eame pas pris fran\u00e7ais, <\/strong>mais nous voil\u00e0 quand m\u00eame ici. Merci Pierre, merci Lille x. \u00bb.<\/p>\n<p>Le post Instagram d\u2019Ed Sheeran, accompagn\u00e9 d\u2019un extrait de la performance, a r\u00e9colt\u00e9 des milliers de likes et de commentaires en quelques heures. Les fans de Pierre Garnier ont <strong>salu\u00e9 l\u2019\u00e9l\u00e9gance du geste de l\u2019artiste britannique, <\/strong>tandis que les fans d\u2019Ed ont d\u00e9couvert un jeune talent fran\u00e7ais \u00e0 suivre de tr\u00e8s pr\u00e8s. Il ne serait pas \u00e9tonnant qu\u2019une collaboration officielle voie le jour dans les prochains mois. En tout cas, le public en redemande !<\/p>\n<p>      Mentionn\u00e9s dans cet article<\/p>\n<p>\u00c0 lire aussi<\/p>\n<p><script async src=\"https:\/\/platform.twitter.com\/widgets.js\" charset=\"utf-8\"><\/script><\/p>\n","protected":false},"excerpt":{"rendered":"Il y a des soirs comme \u00e7a o\u00f9 la magie op\u00e8re et o\u00f9 m\u00eame les plus grandes stars&hellip;\n","protected":false},"author":2,"featured_media":196124,"comment_status":"","ping_status":"","sticky":false,"template":"","format":"standard","meta":{"footnotes":""},"categories":[2815],"tags":[1111,11,9472,1777,674,1011,27,811,1307,12,5096,25],"class_list":{"0":"post-196123","1":"post","2":"type-post","3":"status-publish","4":"format-standard","5":"has-post-thumbnail","7":"category-lille","8":"tag-actu","9":"tag-actualites","10":"tag-ed-sheeran","11":"tag-eu","12":"tag-europe","13":"tag-fr","14":"tag-france","15":"tag-hauts-de-france","16":"tag-lille","17":"tag-news","18":"tag-pierre-garnier","19":"tag-republique-francaise"},"share_on_mastodon":{"url":"https:\/\/pubeurope.com\/@fr\/114727779277670098","error":""},"_links":{"self":[{"href":"https:\/\/www.europesays.com\/fr\/wp-json\/wp\/v2\/posts\/196123","targetHints":{"allow":["GET"]}}],"collection":[{"href":"https:\/\/www.europesays.com\/fr\/wp-json\/wp\/v2\/posts"}],"about":[{"href":"https:\/\/www.europesays.com\/fr\/wp-json\/wp\/v2\/types\/post"}],"author":[{"embeddable":true,"href":"https:\/\/www.europesays.com\/fr\/wp-json\/wp\/v2\/users\/2"}],"replies":[{"embeddable":true,"href":"https:\/\/www.europesays.com\/fr\/wp-json\/wp\/v2\/comments?post=196123"}],"version-history":[{"count":0,"href":"https:\/\/www.europesays.com\/fr\/wp-json\/wp\/v2\/posts\/196123\/revisions"}],"wp:featuredmedia":[{"embeddable":true,"href":"https:\/\/www.europesays.com\/fr\/wp-json\/wp\/v2\/media\/196124"}],"wp:attachment":[{"href":"https:\/\/www.europesays.com\/fr\/wp-json\/wp\/v2\/media?parent=196123"}],"wp:term":[{"taxonomy":"category","embeddable":true,"href":"https:\/\/www.europesays.com\/fr\/wp-json\/wp\/v2\/categories?post=196123"},{"taxonomy":"post_tag","embeddable":true,"href":"https:\/\/www.europesays.com\/fr\/wp-json\/wp\/v2\/tags?post=196123"}],"curies":[{"name":"wp","href":"https:\/\/api.w.org\/{rel}","templated":true}]}}