{"id":196125,"date":"2025-06-22T15:42:09","date_gmt":"2025-06-22T15:42:09","guid":{"rendered":"https:\/\/www.europesays.com\/fr\/196125\/"},"modified":"2025-06-22T15:42:09","modified_gmt":"2025-06-22T15:42:09","slug":"un-incendie-criminel-a-detruit-un-appartement-et-tue-un-chien-a-la-cite-val-plan-a-marseille","status":"publish","type":"post","link":"https:\/\/www.europesays.com\/fr\/196125\/","title":{"rendered":"Un incendie criminel a d\u00e9truit un appartement et tu\u00e9 un chien \u00e0 la cit\u00e9 Val Plan \u00e0 Marseille"},"content":{"rendered":"<p>Un incendie criminel a d\u00e9truit un appartement de la rue Antonin R\u00e9gnier dans la nuit de samedi \u00e0 ce dimanche 22 juin, dans le quartier de La Rose. Il \u00e9tait 1\u00a0h\u00a045 lorsque les marins-pompiers ont \u00e9t\u00e9 alert\u00e9s d&rsquo;un incendie en cours dans un immeuble de la <a href=\"https:\/\/www.laprovence.com\/article\/region\/19407368240465\/renovation-urbaine-a-marseille-le-val-plan-du-futur-devoile-ses-traits\" target=\"_blank\" rel=\"nofollow noopener\">Cit\u00e9 Val Plan<\/a>, dans le 13e arrondissement de Marseille. Les secours ont pu circonscrire le sinistre avant qu&rsquo;il ne se propage aux autres logements de ce b\u00e2timent de 4 \u00e9tages, mais l&rsquo;appartement devant lequel s&rsquo;\u00e9tait d\u00e9clar\u00e9 le feu a \u00e9t\u00e9 enti\u00e8rement d\u00e9truit par les fum\u00e9es. Les effectifs du bataillon y ont d\u00e9couvert la d\u00e9pouille d&rsquo;un chien, manifestement mort asphyxi\u00e9.<\/p>\n<p>La piste criminelle privil\u00e9gi\u00e9e<\/p>\n<p>Cet incendie n&rsquo;aurait rien d&rsquo;accidentel et le contexte qui l&rsquo;a pr\u00e9c\u00e9d\u00e9 semble assez clairement indiquer qu&rsquo;il serait d&rsquo;origine criminelle. Peu avant que les fum\u00e9es ne s&rsquo;\u00e9l\u00e8vent devant sa porte, la propri\u00e9taire du logement aurait en effet re\u00e7u un coup de fil alarmant de son fr\u00e8re.<\/p>\n<p>Actuellement incarc\u00e9r\u00e9 pour trafic de stup\u00e9fiants, son s\u00e9jour en prison n&rsquo;aurait pas dissuad\u00e9 des rivaux, ou peut-\u00eatre des cr\u00e9anciers, de le poursuivre de leurs assiduit\u00e9s pour qu&rsquo;il s&rsquo;acquitte de ses dettes ou obtenir r\u00e9paration. Quitte \u00e0 employer tous les moyens pour l&rsquo;intimider et le convaincre d&rsquo;obtemp\u00e9rer \u00e0 leurs injonctions\u2026<\/p>\n<p>Somm\u00e9e de quitter les lieux au plus vite<\/p>\n<p>Convaincu que ces individus manifestement mal intentionn\u00e9s avaient trouv\u00e9 son adresse et qu&rsquo;ils allaient y exercer des repr\u00e9sailles, le d\u00e9tenu aurait donc intim\u00e9 \u00e0 sa s\u0153ur de quitter au plus vite son appartement du <a href=\"https:\/\/www.laprovence.com\/article\/faits-divers-justice\/4722630844576415\/marseille-les-confidences-dun-caid-courtier-en-cocaine\" target=\"_blank\" rel=\"nofollow noopener\">Val Plan<\/a>. Une prescription \u00e0 laquelle elle s&rsquo;est pli\u00e9e, puisqu&rsquo;elle \u00e9tait absente lorsque plusieurs individus encagoul\u00e9s auraient \u00e9t\u00e9 vus p\u00e9n\u00e9trant dans l&rsquo;immeuble quelques instants avant que l&rsquo;incendie ne se d\u00e9clare.<\/p>\n<p>Mais dans cette fuite pr\u00e9cipit\u00e9e en pleine nuit, la jeune femme aurait laiss\u00e9 son chien \u00e0 l&rsquo;int\u00e9rieur de l&rsquo;appartement. L&rsquo;animal n&rsquo;a pas surv\u00e9cu aux \u00e9paisses fum\u00e9es qui ont ravag\u00e9 le logement.<\/p>\n<p>Une enqu\u00eate de police a \u00e9t\u00e9 ouverte pour retrouver les auteurs pr\u00e9sum\u00e9s de cet <a href=\"https:\/\/www.laprovence.com\/article\/faits-divers-justice\/1561633929436415\/incendie-devant-la-clinique-saint-barnabe-a-marseille-la-piste-volontaire-privilegiee\" target=\"_blank\" rel=\"nofollow noopener\">incendie volontaire<\/a> qui auraient \u00e9t\u00e9 aper\u00e7us quittant pr\u00e9cipitamment la cit\u00e9 Val Plan en prenant la fuite \u00e0 bord d&rsquo;une sportive de marque allemande.<\/p>\n","protected":false},"excerpt":{"rendered":"Un incendie criminel a d\u00e9truit un appartement de la rue Antonin R\u00e9gnier dans la nuit de samedi \u00e0&hellip;\n","protected":false},"author":2,"featured_media":196126,"comment_status":"","ping_status":"","sticky":false,"template":"","format":"standard","meta":{"footnotes":""},"categories":[2814],"tags":[17,1111,11,9071,4850,11911,33526,7787,1777,674,274,1011,27,1310,884,12,882,25,5911],"class_list":{"0":"post-196125","1":"post","2":"type-post","3":"status-publish","4":"format-standard","5":"has-post-thumbnail","7":"category-marseille","8":"tag-17","9":"tag-actu","10":"tag-actualites","11":"tag-appartement","12":"tag-chien","13":"tag-cite","14":"tag-criminel","15":"tag-detruit","16":"tag-eu","17":"tag-europe","18":"tag-faits-divers-justice","19":"tag-fr","20":"tag-france","21":"tag-incendie","22":"tag-marseille","23":"tag-news","24":"tag-provence-alpes-cote-dazur","25":"tag-republique-francaise","26":"tag-tue"},"share_on_mastodon":{"url":"https:\/\/pubeurope.com\/@fr\/114727783272021901","error":""},"_links":{"self":[{"href":"https:\/\/www.europesays.com\/fr\/wp-json\/wp\/v2\/posts\/196125","targetHints":{"allow":["GET"]}}],"collection":[{"href":"https:\/\/www.europesays.com\/fr\/wp-json\/wp\/v2\/posts"}],"about":[{"href":"https:\/\/www.europesays.com\/fr\/wp-json\/wp\/v2\/types\/post"}],"author":[{"embeddable":true,"href":"https:\/\/www.europesays.com\/fr\/wp-json\/wp\/v2\/users\/2"}],"replies":[{"embeddable":true,"href":"https:\/\/www.europesays.com\/fr\/wp-json\/wp\/v2\/comments?post=196125"}],"version-history":[{"count":0,"href":"https:\/\/www.europesays.com\/fr\/wp-json\/wp\/v2\/posts\/196125\/revisions"}],"wp:featuredmedia":[{"embeddable":true,"href":"https:\/\/www.europesays.com\/fr\/wp-json\/wp\/v2\/media\/196126"}],"wp:attachment":[{"href":"https:\/\/www.europesays.com\/fr\/wp-json\/wp\/v2\/media?parent=196125"}],"wp:term":[{"taxonomy":"category","embeddable":true,"href":"https:\/\/www.europesays.com\/fr\/wp-json\/wp\/v2\/categories?post=196125"},{"taxonomy":"post_tag","embeddable":true,"href":"https:\/\/www.europesays.com\/fr\/wp-json\/wp\/v2\/tags?post=196125"}],"curies":[{"name":"wp","href":"https:\/\/api.w.org\/{rel}","templated":true}]}}