{"id":196127,"date":"2025-06-22T15:43:21","date_gmt":"2025-06-22T15:43:21","guid":{"rendered":"https:\/\/www.europesays.com\/fr\/196127\/"},"modified":"2025-06-22T15:43:21","modified_gmt":"2025-06-22T15:43:21","slug":"david-guetta-ecrit-lhistoire-au-stade-velodrome-de-marseille","status":"publish","type":"post","link":"https:\/\/www.europesays.com\/fr\/196127\/","title":{"rendered":"David Guetta \u00e9crit l&rsquo;histoire au stade V\u00e9lodrome de Marseille"},"content":{"rendered":"<p>Ce samedi 21 juin 2025, un morceau d\u2019histoire de la musique \u00e9lectronique en France a \u00e9t\u00e9 \u00e9crit avec le show de David Guetta dans l\u2019immense stade Orange V\u00e9lodrome de Marseille. Pourquoi ? Premi\u00e8rement, car il s\u2019agissait, malgr\u00e9 ses 30 ans de carri\u00e8re, du premier stade en solo de David Guetta dans un stade en France.<\/p>\n<p>Deuxi\u00e8mement car il ne s\u2019agissait que du troisi\u00e8me stade fran\u00e7ais rempli par un artiste \u00e9lectro en France apr\u00e8s DJ Snake au Parc des Princes et au Stade de France. Une nouvelle \u00e9tape donc dans la mise en avant de la musique \u00e9lectro en France. Et quel show ce f\u00fbt ! La team Guettapen \u00e9tait sur place, on vous r\u00e9capitule tout ce qu\u2019il y a \u00e0 savoir sur ce show d\u2019exception.<\/p>\n<p>Un show attendu par toute une ville<img loading=\"lazy\" data-lazyloaded=\"1\" decoding=\"async\" width=\"1024\" height=\"683\" src=\"https:\/\/www.europesays.com\/fr\/wp-content\/uploads\/2025\/06\/Guettavel-16-1024x683.jpg\" alt=\"\" class=\"wp-image-159233\"  data-\/><\/p>\n<p>Pour rappel, les tickets pour ce show ont \u00e9t\u00e9 mis \u00e0 la vente quasiment 1 an en avance\u2026 et vendus en quelques minutes seulement. 65.000 personnes \u00e9taient donc attendues dans le second plus grand stade de France, antre du club de football de l\u2019Olympique de Marseille. Et quelle meilleure journ\u00e9e que le 21 juin, jour de la f\u00eate de la musique pour accueillir un tel show ? Cette ann\u00e9e, nous \u00e9tions chanceux : cela tombait un samedi, et le soleil \u00e9tait au rendez-vous sur la quasi totalit\u00e9 de la France. Et toute la ville \u00e9tait en \u00e9moi pour la venue de la star fran\u00e7aise.<\/p>\n<p><img loading=\"lazy\" data-lazyloaded=\"1\" decoding=\"async\" width=\"1024\" height=\"683\" src=\"https:\/\/www.europesays.com\/fr\/wp-content\/uploads\/2025\/06\/Guettavel-71-1024x683.jpg\" alt=\"\" class=\"wp-image-159234\"  data-\/><\/p>\n<p>Le public ? Majoritairement venu des Bouches du Rh\u00f4ne, on retrouvait tout de m\u00eame des fans venus de toute la France. \u00c0 la diff\u00e9rence de <a href=\"https:\/\/www.guettapen.com\/2025\/05\/12\/dj-snake-au-stade-de-france-un-show-pour-lhistoire\/\" target=\"_blank\" rel=\"noopener\">DJ Snake<\/a> o\u00f9 le public tournait aux alentours de 25\/30 ans, dans un show de David Guetta de la sorte, c\u2019est un public totalement diff\u00e9rent. On y retrouve autant des fans de musique \u00e9lectronique, que des familles avec enfants et grands parents venus voir l\u2019un des plus gros artistes de la pop culture fran\u00e7aise. Il est impressionnant de voir comment le nom et la marque David Guetta r\u00e9ussissent \u00e0 traverser les g\u00e9n\u00e9rations.<\/p>\n<p>Une production \u00e0 la hauteur des attentes<img loading=\"lazy\" data-lazyloaded=\"1\" decoding=\"async\" width=\"1024\" height=\"683\" src=\"https:\/\/www.europesays.com\/fr\/wp-content\/uploads\/2025\/06\/Guettavel-40-1024x683.jpg\" alt=\"\" class=\"wp-image-159235\"  data-\/><\/p>\n<p>Pour un show de cette envergure, tout le monde attendait une production plus que costaud. Et bien, nous n\u2019avons pas \u00e9t\u00e9 d\u00e9\u00e7us. \u00c0 la baguette \u00e9videmment, High Scream, la soci\u00e9t\u00e9 de production de Romain Pissenem, qui g\u00e8re notamment les shows de DJ Snake, Ti\u00ebsto, Black Coffee, FISHER, Charlotte de Witte, Amelie Lens, Sara Landry, mais aussi toute la production de l\u2019Ushua\u00efa Ibiza, du H\u00ef Ibiza et de UNVRS Ibiza.<\/p>\n<p><img loading=\"lazy\" data-lazyloaded=\"1\" decoding=\"async\" width=\"1024\" height=\"683\" src=\"https:\/\/www.europesays.com\/fr\/wp-content\/uploads\/2025\/06\/Guettavel-56-1024x683.jpg\" alt=\"\" class=\"wp-image-159236\"  data-\/><\/p>\n<p>Pour ce show au V\u00e9lodrome, on y retrouvait le fameux Monolith, tout simplement gigantesque avec ses 18 m\u00e8tres de hauteur. Le plus gros jamais fait pour un show Monolith de David Guetta. Autour, deux immenses panneaux LED incurv\u00e9s qui prenaient la quasi totalit\u00e9 de l\u2019espace d\u2019une tribune. Vraiment tr\u00e8s impressionnant !<\/p>\n<p>Des premi\u00e8res parties qui ont fait monter la temp\u00e9rature<\/p>\n<p>En premi\u00e8re partie de son show, David Guetta a choisi Themba et John Summit. Dans un style Afro-House, Themba a magnifiquement lanc\u00e9 la soir\u00e9e pendant que le stade se remplissait doucement mais s\u00fbrement. John Summit est ensuite arriv\u00e9 avec un public pr\u00eat \u00e0 en d\u00e9coudre avant l\u2019arriv\u00e9e de la star fran\u00e7aise. L\u2019am\u00e9ricain est sans aucun doute l\u2019une des plus grosses stars actuelles de la musique \u00e9lectronique, m\u00eame si sa popularit\u00e9 reste encore \u00e0 travailler sur le continent europ\u00e9en.\u00a0<\/p>\n<p><img loading=\"lazy\" data-lazyloaded=\"1\" decoding=\"async\" width=\"1024\" height=\"683\" src=\"https:\/\/www.europesays.com\/fr\/wp-content\/uploads\/2025\/06\/Guettavel-14-1024x683.jpg\" alt=\"\" class=\"wp-image-159238\"  data-\/><\/p>\n<p>Il s\u2019agissait de sa deuxi\u00e8me date sur le sol fran\u00e7ais, apr\u00e8s un show en club au T7 Paris l\u2019ann\u00e9e derni\u00e8re. L\u2019am\u00e9ricain a d\u00e9livr\u00e9 un tr\u00e8s bon set, m\u00ealant ses hits tels que \u2018Shiver\u2019, \u2018Where You Are\u2019 ou encore \u2018Focus\u2019, mais aussi des titres &amp; remixes populaires et intemporels comme la reprise de \u2018Cry For You\u2019 par Sidepiece , qu\u2019il joue dans tous ses sets actuellement. Bref, deux sets qui ont permis de mettre le public dans les meilleures conditions pour l\u2019arriv\u00e9e de David Guetta.<\/p>\n<p>Un show d\u2019exception<img loading=\"lazy\" data-lazyloaded=\"1\" decoding=\"async\" width=\"1024\" height=\"683\" src=\"https:\/\/www.europesays.com\/fr\/wp-content\/uploads\/2025\/06\/Guettavel-23-1024x683.jpg\" alt=\"\" class=\"wp-image-159239\"  data-\/><\/p>\n<p>La star fran\u00e7aise est donc arriv\u00e9e sur les coups de 21h30 pour d\u00e9voiler un set de 2h. Un set ultra bien pr\u00e9par\u00e9, coh\u00e9rent et surtout tr\u00e8s bien rythm\u00e9 : nous n\u2019avons pas vu le temps passer ! Le fran\u00e7ais a m\u00eal\u00e9 ses hits avec des remixes Future Rave ou Melodie Techno. Et sur 2h de show, on reste impressionn\u00e9s de voir le nombre de hits que peut avoir David Guetta. Il pourrait totalement jouer pendant 5h et les remplir uniquement avec ses propres hits. Ajoutez \u00e0 cela un show visuel, pyro et lights exceptionnels, en plus des fameuses Balloon girls d\u2019Ibiza : vous en ressortez avec un public plus que conquis.<\/p>\n<p><img loading=\"lazy\" data-lazyloaded=\"1\" decoding=\"async\" width=\"1024\" height=\"683\" src=\"https:\/\/www.europesays.com\/fr\/wp-content\/uploads\/2025\/06\/Guettavel-63-1024x683.jpg\" alt=\"\" class=\"wp-image-159241\"  data-\/><\/p>\n<p>D\u2019ailleurs, le public, parlons-en. Avec Guettapen nous avons la chance de couvrir une grande partie des plus grands \u00e9v\u00e9nements mondiaux chaque ann\u00e9e. Et nous avions rarement vu un public en fusion comme hier soir \u00e0 Marseille. Une ambiance tout simplement monstrueuse qui r\u00e9sonnait dans le V\u00e9lodrome, qui a g\u00e9n\u00e9ralement plus l\u2019habitude des chants des supporters. Le public chantait \u00e0 tue-t\u00eate chaque hit du fran\u00e7ais et sautait \u00e0 chaque drop. Et le rythme n\u2019est quasiment jamais redescendu.<\/p>\n<p><img loading=\"lazy\" data-lazyloaded=\"1\" decoding=\"async\" width=\"1024\" height=\"683\" src=\"https:\/\/www.europesays.com\/fr\/wp-content\/uploads\/2025\/06\/Guettavel-72-1024x683.jpg\" alt=\"\" class=\"wp-image-159242\"  data-\/><\/p>\n<p>Mais le clou du spectacle niveau ambiance a \u00e9t\u00e9 quand David Guetta a ramen\u00e9 par surprise les Black Eyed Peas sur sc\u00e8ne pour jouer ensemble \u2018I Got a Feeling\u2019 \u00e9videmment mais aussi \u2018Pump It\u2019. \u00c0 l\u2019arriv\u00e9e du groupe, le public marseillais \u00e9tait aux anges ! Une belle surprise pour les 65000 personnes pr\u00e9sentes qui ne s\u2019y attendaient clairement pas.<\/p>\n<p><img loading=\"lazy\" data-lazyloaded=\"1\" decoding=\"async\" width=\"1024\" height=\"683\" src=\"https:\/\/www.europesays.com\/fr\/wp-content\/uploads\/2025\/06\/Guettavel-45-1024x683.jpg\" alt=\"\" class=\"wp-image-159243\"  data-\/><\/p>\n<p>L\u2019\u00e9norme plus de ce show a quand m\u00eame \u00e9t\u00e9 le prestation sc\u00e9nographique et visuelle de ce gigantesque Monolith et des LED qui l\u2019accompagnent. Les visuels \u00e9taient magnifiques, les pyros ultra impressionnantes avec des flammes de 10 m\u00e8tres de hauteur ou encore des feux d\u2019artifices sur les gros drops. Il n\u2019y a \u00e0 dire : David Guetta et ses \u00e9quipes savent faire le show.\u00a0<\/p>\n<p>Prochaine \u00e9tape : le stade de France ?<img loading=\"lazy\" data-lazyloaded=\"1\" decoding=\"async\" width=\"1024\" height=\"683\" src=\"https:\/\/www.europesays.com\/fr\/wp-content\/uploads\/2025\/06\/Guettavel-31-1024x683.jpg\" alt=\"\" class=\"wp-image-159240\"  data-\/><\/p>\n<p>Si nous devions r\u00e9sumer cette soir\u00e9e en un mot, nous dirions : MASTERCLASS ! David Guetta a d\u00e9livr\u00e9 un show \u00e0 la hauteur de l\u2019\u00e9v\u00e9nement, de sa carri\u00e8re et de son public. Il n\u2019est pas le fran\u00e7ais le plus \u00e9cout\u00e9 au monde pour rien. Maintenant quel avenir pour ce Monolith ? Et bien David Guetta a annonc\u00e9 qu\u2019il va bient\u00f4t partir dans <a href=\"https:\/\/davidguetta.com\/tour-dates\/\" target=\"_blank\" rel=\"noreferrer noopener\">une tourn\u00e9e des stades en Europe et dans le monde<\/a> pour montrer le potentiel de son Monolith. On sait d\u2019ores et d\u00e9j\u00e0 qu\u2019il le d\u00e9voilera \u00e0 D\u00fcsseldorf en Allemagne le 26 juillet prochain et Tallinn en Estonie le 23 ao\u00fbt prochain. Les autres dates arrivent. Mais alors, se rendra-t-il au Stade de France pour le d\u00e9voiler \u00e0 Paris ? L\u2019avenir nous le dira !<\/p>\n","protected":false},"excerpt":{"rendered":"Ce samedi 21 juin 2025, un morceau d\u2019histoire de la musique \u00e9lectronique en France a \u00e9t\u00e9 \u00e9crit avec&hellip;\n","protected":false},"author":2,"featured_media":196128,"comment_status":"","ping_status":"","sticky":false,"template":"","format":"standard","meta":{"footnotes":""},"categories":[2814],"tags":[1111,11,33298,1777,674,1011,27,884,12,882,25,2858,957],"class_list":{"0":"post-196127","1":"post","2":"type-post","3":"status-publish","4":"format-standard","5":"has-post-thumbnail","7":"category-marseille","8":"tag-actu","9":"tag-actualites","10":"tag-david-guetta","11":"tag-eu","12":"tag-europe","13":"tag-fr","14":"tag-france","15":"tag-marseille","16":"tag-news","17":"tag-provence-alpes-cote-dazur","18":"tag-republique-francaise","19":"tag-stade","20":"tag-velodrome"},"share_on_mastodon":{"url":"https:\/\/pubeurope.com\/@fr\/114727787825863351","error":""},"_links":{"self":[{"href":"https:\/\/www.europesays.com\/fr\/wp-json\/wp\/v2\/posts\/196127","targetHints":{"allow":["GET"]}}],"collection":[{"href":"https:\/\/www.europesays.com\/fr\/wp-json\/wp\/v2\/posts"}],"about":[{"href":"https:\/\/www.europesays.com\/fr\/wp-json\/wp\/v2\/types\/post"}],"author":[{"embeddable":true,"href":"https:\/\/www.europesays.com\/fr\/wp-json\/wp\/v2\/users\/2"}],"replies":[{"embeddable":true,"href":"https:\/\/www.europesays.com\/fr\/wp-json\/wp\/v2\/comments?post=196127"}],"version-history":[{"count":0,"href":"https:\/\/www.europesays.com\/fr\/wp-json\/wp\/v2\/posts\/196127\/revisions"}],"wp:featuredmedia":[{"embeddable":true,"href":"https:\/\/www.europesays.com\/fr\/wp-json\/wp\/v2\/media\/196128"}],"wp:attachment":[{"href":"https:\/\/www.europesays.com\/fr\/wp-json\/wp\/v2\/media?parent=196127"}],"wp:term":[{"taxonomy":"category","embeddable":true,"href":"https:\/\/www.europesays.com\/fr\/wp-json\/wp\/v2\/categories?post=196127"},{"taxonomy":"post_tag","embeddable":true,"href":"https:\/\/www.europesays.com\/fr\/wp-json\/wp\/v2\/tags?post=196127"}],"curies":[{"name":"wp","href":"https:\/\/api.w.org\/{rel}","templated":true}]}}