{"id":196146,"date":"2025-06-22T15:54:11","date_gmt":"2025-06-22T15:54:11","guid":{"rendered":"https:\/\/www.europesays.com\/fr\/196146\/"},"modified":"2025-06-22T15:54:11","modified_gmt":"2025-06-22T15:54:11","slug":"conflit-usa-et-iran-les-fans-demandent-lannulation-de-wwe-night-of-champions","status":"publish","type":"post","link":"https:\/\/www.europesays.com\/fr\/196146\/","title":{"rendered":"Conflit USA et Iran : Les fans demandent l&rsquo;annulation de WWE Night of Champions"},"content":{"rendered":"<p>\u00a0<\/p>\n<p style=\"text-align: justify;\">La WWE se pr\u00e9pare pour WWE Night of Champions 2025 qui aura lieu ce samedi de l&rsquo;Arabie saoudite. Malheureusement, les tensions montent dans la r\u00e9gion du c\u00f4t\u00e9 de l&rsquo;Iran.<\/p>\n<p style=\"text-align: justify;\">Ce weekend, les \u00c9tats-Unis ont pris la d\u00e9cision de lancer des bombardements en Iran afin d&rsquo;attaquer trois sites nucl\u00e9aires. Un geste non avis\u00e9 et qui a soulev\u00e9 la col\u00e8re du c\u00f4t\u00e9 du gouvernement iranien. Dimanche matin suivant les attaques, les membres du gouvernement ont avis\u00e9 \u00e0 la t\u00e9l\u00e9vision iranienne que \u00a0\u00bbn&rsquo;importe quel citoyen ou militaire am\u00e9ricain sur leur territoire du Moyen-Orient \u00e9tait une cible\u00a0\u00bb pour eux.<\/p>\n<p style=\"text-align: justify;\">L&rsquo;Arabie saoudite n&rsquo;est pas bien loin de l&rsquo;Iran et figure sur ce territoire. Des inqui\u00e9tudes \u00e0 travers l&rsquo;Univers de la WWE s&rsquo;est fait sentir sur les r\u00e9seaux sociaux. Plusieurs fans r\u00e9clament l&rsquo;annulation ou bien un changement de lieu pour Night of Champions afin d&rsquo;\u00e9viter un \u00e9v\u00e9nement malheureux impliquant les WWE Superstars et le personnel de la WWE.<\/p>\n<p style=\"text-align: justify;\">\u00c0 l&rsquo;heure o\u00f9 cet article est \u00e9crit, la WWE n&rsquo;a toujours pas pris la d\u00e9cision d&rsquo;annuler ou bien de d\u00e9placer Night of Champions en raison des menaces de l&rsquo;Iran selon les informations de Fightful. Il s&rsquo;agit d&rsquo;un \u00e9v\u00e9nement encore nouveau comme les bombardements ont eu lieu entre samedi et dimanche. On peut s&rsquo;imaginer que les dirigeants de la WWE et de TKO \u00e9valuent toujours la situation.<\/p>\n<p style=\"text-align: justify;\">Il est important de noter que la UFC qui fait partie du m\u00eame groupe que la WWE a pr\u00e9sent\u00e9 un show \u00e0 Bakou, la capitale de l&rsquo;Azerba\u00efdjan, qui est souvent inclus dans la r\u00e9gion large du Moyen-Orient le 21 juin 2025 et l&rsquo;\u00e9v\u00e9nement s&rsquo;est d\u00e9roul\u00e9 comme pr\u00e9vu et sans incident.<\/p>\n<p>\u00a0<\/p>\n<p style=\"text-align: right;\">Cr\u00e9dit photo : WWE<\/p>\n","protected":false},"excerpt":{"rendered":"\u00a0 La WWE se pr\u00e9pare pour WWE Night of Champions 2025 qui aura lieu ce samedi de l&rsquo;Arabie&hellip;\n","protected":false},"author":2,"featured_media":196147,"comment_status":"","ping_status":"","sticky":false,"template":"","format":"standard","meta":{"footnotes":""},"categories":[1589],"tags":[47,11,73,1866,12,2043,2054,2055,2052,2057,2058,2053,2059,1864,1865,1863,308,2056,2051],"class_list":{"0":"post-196146","1":"post","2":"type-post","3":"status-publish","4":"format-standard","5":"has-post-thumbnail","7":"category-etats-unis","8":"tag-actualite","9":"tag-actualites","10":"tag-etats-unis","11":"tag-etats-unis-damerique","12":"tag-news","13":"tag-nouvelle","14":"tag-nxt","15":"tag-ppv","16":"tag-raw","17":"tag-royal","18":"tag-rumble","19":"tag-smackdown","20":"tag-summerslam","21":"tag-united-states","22":"tag-united-states-of-america","23":"tag-us","24":"tag-usa","25":"tag-wrestlemania","26":"tag-wwe"},"share_on_mastodon":{"url":"https:\/\/pubeurope.com\/@fr\/114727830475992933","error":""},"_links":{"self":[{"href":"https:\/\/www.europesays.com\/fr\/wp-json\/wp\/v2\/posts\/196146","targetHints":{"allow":["GET"]}}],"collection":[{"href":"https:\/\/www.europesays.com\/fr\/wp-json\/wp\/v2\/posts"}],"about":[{"href":"https:\/\/www.europesays.com\/fr\/wp-json\/wp\/v2\/types\/post"}],"author":[{"embeddable":true,"href":"https:\/\/www.europesays.com\/fr\/wp-json\/wp\/v2\/users\/2"}],"replies":[{"embeddable":true,"href":"https:\/\/www.europesays.com\/fr\/wp-json\/wp\/v2\/comments?post=196146"}],"version-history":[{"count":0,"href":"https:\/\/www.europesays.com\/fr\/wp-json\/wp\/v2\/posts\/196146\/revisions"}],"wp:featuredmedia":[{"embeddable":true,"href":"https:\/\/www.europesays.com\/fr\/wp-json\/wp\/v2\/media\/196147"}],"wp:attachment":[{"href":"https:\/\/www.europesays.com\/fr\/wp-json\/wp\/v2\/media?parent=196146"}],"wp:term":[{"taxonomy":"category","embeddable":true,"href":"https:\/\/www.europesays.com\/fr\/wp-json\/wp\/v2\/categories?post=196146"},{"taxonomy":"post_tag","embeddable":true,"href":"https:\/\/www.europesays.com\/fr\/wp-json\/wp\/v2\/tags?post=196146"}],"curies":[{"name":"wp","href":"https:\/\/api.w.org\/{rel}","templated":true}]}}