{"id":196150,"date":"2025-06-22T15:56:10","date_gmt":"2025-06-22T15:56:10","guid":{"rendered":"https:\/\/www.europesays.com\/fr\/196150\/"},"modified":"2025-06-22T15:56:10","modified_gmt":"2025-06-22T15:56:10","slug":"france-allemagne-vatican-pakistan-apres-les-frappes-americaines-en-iran-la-communaute-internationale-reagit","status":"publish","type":"post","link":"https:\/\/www.europesays.com\/fr\/196150\/","title":{"rendered":"France, Allemagne, Vatican, Pakistan&#8230; Apr\u00e8s les frappes am\u00e9ricaines en Iran, la communaut\u00e9 internationale r\u00e9agit"},"content":{"rendered":"<p>L\u2019attaque am\u00e9ricaine contre plusieurs sites nucl\u00e9aires iraniens, men\u00e9e dimanche aux c\u00f4t\u00e9s d\u2019Isra\u00ebl, a suscit\u00e9 de vives r\u00e9actions dans le monde. T\u00e9h\u00e9ran menace de repr\u00e9sailles, tandis que de nombreux pays appellent \u00e0 la d\u00e9sescalade.<\/p>\n<p>De la France au Pakistan, \u00e0 la Grande-Bretagne \u00e0 l&rsquo;Inde, les r\u00e9actions internationales n&rsquo;ont pas tard\u00e9 \u00e0 tomber apr\u00e8s l\u2019attaque men\u00e9e dimanche par les \u00c9tats-Unis contre plusieurs sites nucl\u00e9aires iraniens. En rejoignant Isra\u00ebl dans son conflit avec la R\u00e9publique islamique, Washington a suscit\u00e9 de nombreuses r\u00e9actions, plusieurs pays appellent \u00e0 une \u00ab\u00a0d\u00e9sescalade\u00a0\u00bb pour \u00e9viter une aggravation des tensions r\u00e9gionales.<\/p>\n<p>    La suite apr\u00e8s cette publicit\u00e9<\/p>\n<p>    La suite apr\u00e8s cette publicit\u00e9<\/p>\n<p>L&rsquo;Iran annonce des \u00ab\u00a0cons\u00e9quences \u00e9ternelles\u00a0\u00bb<\/p>\n<p>\u00ab\u00a0Les \u00e9v\u00e9nements (&#8230;) sont scandaleux et auront des cons\u00e9quences \u00e9ternelles\u00a0\u00bb, a averti le ministre iranien des Affaires \u00e9trang\u00e8res Abbas Araghchi, d\u00e9non\u00e7ant le \u00ab\u00a0comportement extr\u00eamement dangereux, anarchique et criminel\u00a0\u00bb des Etats-Unis.<\/p>\n<p>L&rsquo;Iran se d\u00e9fendra \u00ab\u00a0par tous les moyens n\u00e9cessaires\u00a0\u00bb, a-t-il ajout\u00e9. \u00ab\u00a0Il n&rsquo;y a pas de ligne rouge qu&rsquo;ils n&rsquo;aient pas franchie. Et la derni\u00e8re, la plus p\u00e9rilleuse, s&rsquo;est produite hier soir. Ils ont franchi une ligne rouge majeure en attaquant des installations nucl\u00e9aires\u00a0\u00bb, a-t-il accus\u00e9.<\/p>\n<p>    La suite apr\u00e8s cette publicit\u00e9<\/p>\n<p>    La suite apr\u00e8s cette publicit\u00e9<\/p>\n<p>Les Gardiens de la R\u00e9volution, l&rsquo;arm\u00e9e id\u00e9ologique de la R\u00e9publique islamique d&rsquo;Iran, ont pour leur part menac\u00e9 les Etats-Unis de \u00ab\u00a0ripostes qu&rsquo;ils regretteront\u00a0\u00bb.<\/p>\n<p>L&rsquo;Organisation de l&rsquo;\u00e9nergie atomique iranienne a de son c\u00f4t\u00e9 d\u00e9nonc\u00e9 \u00ab\u00a0un acte barbare qui viole le droit international\u00a0\u00bb, et affirm\u00e9 que \u00ab\u00a0malgr\u00e9 les complots mal\u00e9fiques de ses ennemis\u00a0\u00bb, l&rsquo;Iran \u00ab\u00a0ne laissera pas le chemin du d\u00e9veloppement\u00a0\u00bb de son industrie nucl\u00e9aire \u00ab\u00a0\u00eatre arr\u00eat\u00e9\u00a0\u00bb.<\/p>\n<p>    La suite apr\u00e8s cette publicit\u00e9<\/p>\n<p>    La suite apr\u00e8s cette publicit\u00e9<\/p>\n<p>Pour Isra\u00ebl, il s&rsquo;agit d&rsquo;un \u00ab\u00a0tournant historique\u00a0\u00bb<\/p>\n<p>\u00ab\u00a0Votre d\u00e9cision audacieuse de viser les installations nucl\u00e9aires de l&rsquo;Iran avec la puissance impressionnante et juste des \u00c9tats-Unis changera l&rsquo;Histoire\u00a0\u00bb, a d\u00e9clar\u00e9 le Premier ministre isra\u00e9lien Benjamin Netanyahu dans un message vid\u00e9o de remerciements \u00e0 Donald Trump.<\/p>\n<p>Les attaques de dimanche sont un \u00ab\u00a0tournant historique qui peut aider \u00e0 conduire le Moyen-Orient et au-del\u00e0 vers un avenir de prosp\u00e9rit\u00e9 et de paix\u00a0\u00bb, a encore dit le chef du gouvernement isra\u00e9lien. \u00ab\u00a0Le pr\u00e9sident Trump et moi disons souvent: la paix par la force\u00a0\u00bb, a-t-il poursuivi: \u00ab\u00a0D&rsquo;abord vient la force, ensuite vient la paix. (&#8230;) Le Pr\u00e9sident Trump et les \u00c9tats-Unis ont agi avec beaucoup de force\u00a0\u00bb.<\/p>\n<p>    La suite apr\u00e8s cette publicit\u00e9<\/p>\n<p>La Russie condamne des bombardements \u00ab\u00a0irresponsables\u00a0\u00bb contre son alli\u00e9<\/p>\n<p>La Russie a fermement condamn\u00e9 les frappes am\u00e9ricaines, d\u00e9non\u00e7ant des bombardements \u00ab\u00a0irresponsables\u00a0\u00bb contre son principal alli\u00e9 au Moyen-Orient.<\/p>\n<p>\u00ab\u00a0La d\u00e9cision irresponsable de mener des frappes de missiles et de bombes sur le territoire d&rsquo;un Etat souverain, quels que soient les arguments avanc\u00e9s, viole de mani\u00e8re flagrante le droit international\u00a0\u00bb, a d\u00e9clar\u00e9 la diplomatie russe.<\/p>\n<p>L&rsquo;ONU d\u00e9nonce une \u00ab\u00a0dangereuse escalade\u00a0\u00bb<\/p>\n<p>\u00ab\u00a0C&rsquo;est une dangereuse escalade dans une r\u00e9gion d\u00e9j\u00e0 sur la corde raide &#8211; et une menace directe \u00e0 la paix et \u00e0 la s\u00e9curit\u00e9 dans le monde\u00a0\u00bb, a estim\u00e9 le secr\u00e9taire g\u00e9n\u00e9ral des Nations unies Antonio Guterres.<\/p>\n<p>L&rsquo;Union europ\u00e9enne appelle \u00ab\u00a0toutes les parties \u00e0 faire un pas en arri\u00e8re\u00a0\u00bb<\/p>\n<p>La cheffe de la diplomatie de l&rsquo;Union europ\u00e9enne, Kaja Kallas, a appel\u00e9 \u00ab\u00a0toutes les parties \u00e0 faire un pas en arri\u00e8re, \u00e0 revenir \u00e0 la table des n\u00e9gociations et \u00e0 \u00e9viter toute escalade suppl\u00e9mentaire\u00a0\u00bb, sur X.<\/p>\n<p>Elle ajout\u00e9 que l&rsquo;Iran ne devait pas d\u00e9velopper l&rsquo;arme nucl\u00e9aire et que les ministres des affaires \u00e9trang\u00e8res de l&rsquo;UE discuteraient de la situation lundi.<\/p>\n<p>Pour le Pape, \u00ab\u00a0l&rsquo;humanit\u00e9 r\u00e9clame la paix\u00a0\u00bb &#8211;<\/p>\n<p>\u00ab\u00a0L&rsquo;humanit\u00e9 crie et r\u00e9clame la paix\u00a0\u00bb devant les \u00ab\u00a0nouvelles alarmantes en provenance du Moyen-Orient\u00a0\u00bb, a lanc\u00e9 le pape L\u00e9on XIV apr\u00e8s les frappes am\u00e9ricaines.<\/p>\n<p>La France appelle \u00ab\u00a0\u00e0 la retenue\u00a0\u00bb<\/p>\n<p>La France s&rsquo;est dite pr\u00e9occup\u00e9e apr\u00e8s les frappes am\u00e9ricaines, exhortant \u00ab\u00a0les parties \u00e0 la retenue pour \u00e9viter toute escalade susceptible de conduire \u00e0 une extension du conflit\u00a0\u00bb, selon un message du chef de la diplomatie fran\u00e7aise. Il a pr\u00e9cis\u00e9 que Paris \u00ab\u00a0n&rsquo;a ni particip\u00e9 \u00e0 ces frappes, ni \u00e0 leur planification\u00a0\u00bb.<\/p>\n<p>La Grande-Bretagne appuie que l&rsquo;Iran doit \u00ab\u00a0revenir \u00e0 la table des n\u00e9gociations\u00a0\u00bb<\/p>\n<p>Le Premier ministre britannique Keir Starmer a appel\u00e9 l&rsquo;Iran \u00e0 \u00ab\u00a0revenir \u00e0 la table des n\u00e9gociations\u00a0\u00bb. \u00ab\u00a0L&rsquo;Iran ne doit jamais \u00eatre autoris\u00e9 \u00e0 d\u00e9velopper une arme nucl\u00e9aire et les \u00c9tats-Unis ont pris des mesures pour att\u00e9nuer cette menace\u00a0\u00bb, a d\u00e9clar\u00e9 M. Starmer, soulignant que \u00ab\u00a0la stabilit\u00e9 dans la r\u00e9gion est une priorit\u00e9\u00a0\u00bb.<\/p>\n<p>Une \u00ab\u00a0grande pr\u00e9occupation\u00a0\u00bb pour\u00a0l&rsquo;Arabie saoudite<\/p>\n<p>L&rsquo;Arabie saoudite \u00ab\u00a0suit avec une grande pr\u00e9occupation les d\u00e9veloppements en R\u00e9publique islamique d&rsquo;Iran, avec le ciblage des installations nucl\u00e9aires iraniennes par les Etats-Unis\u00a0\u00bb, a affirm\u00e9 le minist\u00e8re saoudien des Affaires \u00e9trang\u00e8res.<\/p>\n<p>La Turquie \u00ab\u00a0profond\u00e9ment pr\u00e9occup\u00e9e\u00a0\u00bb<\/p>\n<p>La Turquie s&rsquo;est dite \u00ab\u00a0profond\u00e9ment pr\u00e9occup\u00e9e\u00a0\u00bb par les \u00ab\u00a0cons\u00e9quence possibles\u00a0\u00bb des frappes am\u00e9ricaines.<\/p>\n<p>Le Pakistan annonce que l&rsquo;Iran a \u00ab\u00a0le droit de se d\u00e9fendre\u00a0\u00bb &#8211;<\/p>\n<p>Le Pakistan, seule puissance nucl\u00e9aire du monde musulman et alli\u00e9 des \u00c9tats-Unis, a condamn\u00e9 les frappes am\u00e9ricaines. \u00ab\u00a0Nous r\u00e9it\u00e9rons que ces attaques violent toutes les normes du droit international et que l&rsquo;Iran a le droit l\u00e9gitime de se d\u00e9fendre en vertu de la Charte des Nations unies\u00a0\u00bb, a d\u00e9clar\u00e9 le minist\u00e8re des Affaires \u00e9trang\u00e8res.<\/p>\n<p>L&rsquo;Inde et Oman appellent \u00e0 une \u00ab\u00a0d\u00e9sescalade imm\u00e9diate\u00a0\u00bb<\/p>\n<p>Le Premier ministre indien Narendra Modi, dont le pays d\u00e9tient l&rsquo;arme nucl\u00e9aire, a indiqu\u00e9 avoir appel\u00e9 \u00e0 \u00ab\u00a0une d\u00e9sescalade imm\u00e9diate\u00a0\u00bb lors d&rsquo;un entretien t\u00e9l\u00e9phonique avec le pr\u00e9sident iranien Massoud Pezeshkian.<\/p>\n<p>Oman, qui joue le r\u00f4le de m\u00e9diateur entre les Etats-Unis et l&rsquo;Iran dans les discussions sur le nucl\u00e9aire, a condamn\u00e9 \u00ab\u00a0cette agression ill\u00e9gale\u00a0\u00bb et appelle \u00e0 \u00ab\u00a0une d\u00e9sescalade imm\u00e9diate\u00a0\u00bb, a affirm\u00e9 un porte-parole du minist\u00e8re omanais des Affaires \u00e9trang\u00e8res.<\/p>\n<p>L&rsquo;Allemagne interpelle l&rsquo;Iran pour des \u00ab\u00a0n\u00e9gociations\u00a0\u00bb avec Washington<\/p>\n<p>Le chancelier allemand Friedrich Merz a \u00ab\u00a0r\u00e9it\u00e9r\u00e9 son appel \u00e0 l&rsquo;Iran pour qu&rsquo;il entame imm\u00e9diatement des n\u00e9gociations avec les Etats-Unis et Isra\u00ebl afin de parvenir \u00e0 une solution diplomatique au conflit\u00a0\u00bb.<\/p>\n<p>La Croix-Rouge craint une \u00ab\u00a0guerre aux cons\u00e9quences irr\u00e9versibles\u00a0\u00bb &#8211;<\/p>\n<p>L&rsquo;escalade militaire au Moyen-Orient risque de d\u00e9clencher une \u00ab\u00a0guerre aux cons\u00e9quences irr\u00e9versibles\u00a0\u00bb, a d\u00e9clar\u00e9 dimanche la pr\u00e9sidente du Comit\u00e9 international de la Croix-Rouge Mirjana Spoljaric.<\/p>\n<p>Pour les rebelles Houthis, il s&rsquo;agit d&rsquo;une \u00ab\u00a0d\u00e9claration de guerre\u00a0\u00bb<\/p>\n<p>Les rebelles houthis du Y\u00e9men, soutenus par l&rsquo;Iran, ont dit consid\u00e9rer les frappes am\u00e9ricaines comme \u00ab\u00a0une d\u00e9claration de guerre\u00a0\u00bb contre le peuple iranien ajoutant \u00eatre pr\u00eats \u00ab\u00a0\u00e0 cibler les navires et les b\u00e2timents am\u00e9ricains en mer Rouge\u00a0\u00bb.<\/p>\n<p>Le Hamas d\u00e9nonce une \u00ab\u00a0agression criminelle\u00a0\u00bb<\/p>\n<p>\u00ab\u00a0Nous condamnons cette agression criminelle\u00a0\u00bb, a \u00e9crit le mouvement islamiste palestinien Hamas, alli\u00e9 de l&rsquo;Iran et engag\u00e9 depuis 20 mois dans une guerre avec Isra\u00ebl dans la bande de Gaza. \u00ab\u00a0Nous la consid\u00e9rons comme un exemple flagrant de la politique d&rsquo;imposition de l&rsquo;h\u00e9g\u00e9monie par la force, une agression bas\u00e9e sur la loi de la jungle, et une violation de toutes les normes et conventions internationales\u00a0\u00bb.<\/p>\n","protected":false},"excerpt":{"rendered":"L\u2019attaque am\u00e9ricaine contre plusieurs sites nucl\u00e9aires iraniens, men\u00e9e dimanche aux c\u00f4t\u00e9s d\u2019Isra\u00ebl, a suscit\u00e9 de vives r\u00e9actions dans&hellip;\n","protected":false},"author":2,"featured_media":196151,"comment_status":"","ping_status":"","sticky":false,"template":"","format":"standard","meta":{"footnotes":""},"categories":[1587],"tags":[11,672,1804,1805,1803,1777,674,1801,12,1802],"class_list":{"0":"post-196150","1":"post","2":"type-post","3":"status-publish","4":"format-standard","5":"has-post-thumbnail","7":"category-allemagne","8":"tag-actualites","9":"tag-allemagne","10":"tag-bundesrepublik-deutschland","11":"tag-de","12":"tag-deutschland","13":"tag-eu","14":"tag-europe","15":"tag-germany","16":"tag-news","17":"tag-republique-federale-dallemagne"},"share_on_mastodon":{"url":"https:\/\/pubeurope.com\/@fr\/114727838268668437","error":""},"_links":{"self":[{"href":"https:\/\/www.europesays.com\/fr\/wp-json\/wp\/v2\/posts\/196150","targetHints":{"allow":["GET"]}}],"collection":[{"href":"https:\/\/www.europesays.com\/fr\/wp-json\/wp\/v2\/posts"}],"about":[{"href":"https:\/\/www.europesays.com\/fr\/wp-json\/wp\/v2\/types\/post"}],"author":[{"embeddable":true,"href":"https:\/\/www.europesays.com\/fr\/wp-json\/wp\/v2\/users\/2"}],"replies":[{"embeddable":true,"href":"https:\/\/www.europesays.com\/fr\/wp-json\/wp\/v2\/comments?post=196150"}],"version-history":[{"count":0,"href":"https:\/\/www.europesays.com\/fr\/wp-json\/wp\/v2\/posts\/196150\/revisions"}],"wp:featuredmedia":[{"embeddable":true,"href":"https:\/\/www.europesays.com\/fr\/wp-json\/wp\/v2\/media\/196151"}],"wp:attachment":[{"href":"https:\/\/www.europesays.com\/fr\/wp-json\/wp\/v2\/media?parent=196150"}],"wp:term":[{"taxonomy":"category","embeddable":true,"href":"https:\/\/www.europesays.com\/fr\/wp-json\/wp\/v2\/categories?post=196150"},{"taxonomy":"post_tag","embeddable":true,"href":"https:\/\/www.europesays.com\/fr\/wp-json\/wp\/v2\/tags?post=196150"}],"curies":[{"name":"wp","href":"https:\/\/api.w.org\/{rel}","templated":true}]}}