{"id":196156,"date":"2025-06-22T15:59:15","date_gmt":"2025-06-22T15:59:15","guid":{"rendered":"https:\/\/www.europesays.com\/fr\/196156\/"},"modified":"2025-06-22T15:59:15","modified_gmt":"2025-06-22T15:59:15","slug":"frappes-americaines-commandants-tues-escalade-des-tensions-le-recap-des-derniers-jours","status":"publish","type":"post","link":"https:\/\/www.europesays.com\/fr\/196156\/","title":{"rendered":"Frappes am\u00e9ricaines, commandants tu\u00e9s, escalade des tensions\u2026 Le r\u00e9cap des derniers jours"},"content":{"rendered":"<p>Les affrontements <a href=\"https:\/\/www.20minutes.fr\/monde\/israel\/4159769-20250622-direct-guerre-israel-iran-etats-unis-frappe-trois-sites-nucleaires-iraniens\" target=\"_blank\" class=\"color-ultramarine c-link\" rel=\"noopener\">entre Isra\u00ebl et l\u2019Iran<\/a> se sont intensifi\u00e9s ce week-end. Et si vous avez manqu\u00e9 les derni\u00e8res actualit\u00e9s, nous vous proposons un petit r\u00e9sum\u00e9 plus ou moins exhaustif des derni\u00e8res heures.<\/p>\n<p>Dans la nuit de vendredi \u00e0 samedi\u00a0: Des commandants du Hamas tu\u00e9s et un site nucl\u00e9aire touch\u00e9<\/p>\n<p>Samedi,<a href=\"https:\/\/www.20minutes.fr\/monde\/israel\/4149050-20250417-guerre-proche-orient-armee-israelienne-annonce-avoir-frappe-sites-hezbollah-liban\" target=\"_blank\" class=\"color-ultramarine c-link\" rel=\"noopener\"> l\u2019arm\u00e9e isra\u00e9lienne<\/a> a annonc\u00e9 avoir tu\u00e9 un commandant des <a href=\"https:\/\/www.20minutes.fr\/monde\/israel\/4158356-20250613-attaque-israel-iran-hossein-salami-haut-dirigeant-iranien-tue-vendredi\" target=\"_blank\" class=\"color-ultramarine c-link\" rel=\"noopener\">Gardiens de la r\u00e9volution iraniens<\/a> en charge de la coordination avec le <a href=\"https:\/\/www.20minutes.fr\/monde\/hamas\/\" class=\"color-ultramarine c-link\" target=\"_blank\" rel=\"noopener\">Hamas<\/a>, dans une frappe a\u00e9rienne au cours de la nuit. Il s\u2019agissait de Sa\u00efd Izadi. Ce serait \u00ab\u00a0l\u2019un des principaux orchestrateurs du massacre du 7-octobre\u00a0\u00bb. D\u2019autres commandants, Behnam Chahriyari et Aminpour Joudaki, ont \u00e9galement \u00e9t\u00e9 tu\u00e9s.<\/p>\n<p>Toujours en Iran, au centre du pays, <a href=\"https:\/\/www.20minutes.fr\/monde\/4158748-20250616-israel-iran-faute-super-bombe-sites-nucleaires-iraniens-vont-etre-faciles-neutraliser\" target=\"_blank\" class=\"color-ultramarine c-link\" rel=\"noopener\">le site nucl\u00e9aire d\u2019Ispahan<\/a> a \u00e9t\u00e9 touch\u00e9 par des frappes isra\u00e9liennes. \u00ab\u00a0Aucune fuite de mat\u00e9riaux n\u2019a \u00e9t\u00e9 constat\u00e9e\u00a0\u00bb, assure un responsable local. Au m\u00eame moment, Isra\u00ebl a d\u00e9clar\u00e9 qu\u2019apr\u00e8s une semaine d\u2019affrontements, l\u2019Iran avait d\u00e9j\u00e0 retard\u00e9 de \u00ab\u00a0deux \u00e0 trois ans\u00a0\u00bb l\u2019acquisition de la<a href=\"https:\/\/www.20minutes.fr\/monde\/etats-unis\/4149890-20250423-nucleaire-iranien-commerce-trump-assure-ligne-netanyahou-tous-sujets\" target=\"_blank\" class=\"color-ultramarine c-link\" rel=\"noopener\"> bombe atomique<\/a>.<\/p>\n<p>Des attaques qui ont d\u00e9j\u00e0 de lourdes cons\u00e9quences. Selon l\u2019ONG, au moins 657 civils et militaires ont \u00e9t\u00e9 tu\u00e9s et plus de 2.000 bless\u00e9s en Iran par les frappes isra\u00e9liennes depuis le 13\u00a0juin, selon l\u2019organisation Human Rights Activists News Agency (HRANA) bas\u00e9e aux Etats-Unis.<\/p>\n<p>Samedi\u00a0: Les Europ\u00e9ens font pression, l\u2019Iran en appel au droit international<\/p>\n<p>Alors que de nombreux pays craignent une escalade des tensions dans la r\u00e9gion, <a href=\"https:\/\/www.20minutes.fr\/monde\/etats-unis\/4158970-20250617-comprend-jamais-rien-pourquoi-donald-trump-tape-autant-emmanuel-macron\" target=\"_blank\" class=\"color-ultramarine c-link\" rel=\"noopener\">Emmanuel Macron<\/a> a affirm\u00e9 samedi que les Europ\u00e9ens allaient \u00ab\u00a0acc\u00e9l\u00e9rer les n\u00e9gociations\u00a0\u00bb avec <a href=\"https:\/\/www.20minutes.fr\/monde\/etats-unis\/4159776-20250622-carte-situes-sites-nucleaires-iraniens-frappes-etats-unis-autres-sites\" target=\"_blank\" class=\"color-ultramarine c-link\" rel=\"noopener\">l\u2019Iran<\/a> pour \u00ab\u00a0sortir de la guerre et \u00e9viter de plus graves dangers\u00a0\u00bb, apr\u00e8s un appel avec le pr\u00e9sident iranien Masoud Pezeshkian. Le chef de l\u2019Etat a affirm\u00e9 sa \u00ab\u00a0profonde inqui\u00e9tude concernant le programme nucl\u00e9aire iranien\u00a0\u00bb.<\/p>\n<p>De son c\u00f4t\u00e9,<a href=\"https:\/\/www.20minutes.fr\/monde\/etats-unis\/4147893-20250410-etats-unis-si-necessaire-recourrons-force-affirme-trump-propos-negociations-iran\" target=\"_blank\" class=\"color-ultramarine c-link\" rel=\"noopener\"> le pr\u00e9sident iranien Masoud Pezeshkiana<\/a> a d\u00e9clar\u00e9 samedi que le droit de son pays \u00e0 mener des activit\u00e9s nucl\u00e9aires pacifiques ne pouvait lui \u00eatre retir\u00e9 \u00ab\u00a0par la guerre\u00a0\u00bb. \u00ab\u00a0L\u2019Iran a toujours annonc\u00e9 qu\u2019il \u00e9tait pr\u00eat \u00e0 fournir des garanties et instaurer la confiance concernant ses activit\u00e9s nucl\u00e9aires pacifiques dans le cadre du droit international\u00a0\u00bb. Le pr\u00e9sident iranien a \u00e9galement menac\u00e9 d\u2019une riposte \u00ab\u00a0encore plus d\u00e9vastatrice\u00a0\u00bb, lors d\u2019un appel avec Emmanuel Macron.<\/p>\n<p>Au m\u00eame moment, des infrastructures militaires ont \u00e9t\u00e9 touch\u00e9es dans le sud-ouest de l\u2019Iran. De l\u2019autre c\u00f4t\u00e9, un drone iranien a touch\u00e9 un immeuble dans le nord d\u2019Isra\u00ebl.<\/p>\n<p>Dans la nuit de samedi \u00e0 dimanche\u00a0: Trump contre-attaque<\/p>\n<p>Il s\u2019\u00e9tait donn\u00e9 \u00ab\u00a0deux semaines\u00a0\u00bb pour d\u00e9cider si les Etats-Unis attaquaient ou non l\u2019Iran pour d\u00e9fendre son alli\u00e9, Isra\u00ebl. Finalement, <a href=\"https:\/\/www.20minutes.fr\/monde\/israel\/4159771-20250622-guerre-israel-iran-nucleaire-frappes-americaines-iran-integralite-allocution-solennelle-trump\" target=\"_blank\" class=\"color-ultramarine c-link\" rel=\"noopener\">Donald Trump <\/a>a annonc\u00e9 que plusieurs frappes am\u00e9ricaines avaient \u00e9t\u00e9 lanc\u00e9es contre des sites nucl\u00e9aires iraniens, ceux de<a href=\"https:\/\/www.20minutes.fr\/monde\/israel\/4159511-20250620-guerre-israel-iran-dit-plus-fordo-site-nucleaire-plus-secret-mieux-garde-iran\" target=\"_blank\" class=\"color-ultramarine c-link\" rel=\"noopener\"> Fordo<\/a>, Natanz et Ispahan. Une attaque effectu\u00e9e en \u00ab\u00a0parfaite coordination\u00a0\u00bb avec Isra\u00ebl, selon Trump qui s\u2019est r\u00e9joui d\u2019une \u00ab\u00a0r\u00e9ussite militaire spectaculaire\u00a0\u00bb. \u00ab\u00a0L\u2019Iran, le ca\u00efd du Moyen-Orient, doit maintenant faire la paix. S\u2019ils ne le font pas, les prochaines attaques seront bien plus importantes, et bien plus faciles\u00a0\u00bb, a pr\u00e9venu Donald Trump.<\/p>\n<p>Pour l\u2019instant, l\u2019Organisation iranienne de l\u2019\u00e9nergie atomique assure qu\u2019il n\u2019y a \u00ab\u00a0aucun signe de contamination\u00a0\u00bb pour la population. \u00ab\u00a0Aucun effet radioactif n\u2019a \u00e9t\u00e9 d\u00e9tect\u00e9 sur l\u2019environnement du Royaume et des Etats du Golfe\u00a0\u00bb, a aussi fait savoir l\u2019autorit\u00e9 nucl\u00e9aire saoudienne.<\/p>\n<p>Des tirs ont \u00e9galement \u00e9t\u00e9 lanc\u00e9s depuis l\u2019Iran. 40 missiles ont vis\u00e9 Isra\u00ebl et notamment <a href=\"https:\/\/www.20minutes.fr\/monde\/israel\/4151662-20250504-israel-trafic-aerien-menaces-vengeance-point-frappe-touche-aeroport-tel-aviv\" target=\"_blank\" class=\"color-ultramarine c-link\" rel=\"noopener\">l\u2019a\u00e9roport de Ben Gourion<\/a>, pr\u00e8s de <a href=\"https:\/\/www.20minutes.fr\/dossier\/tel_aviv\" class=\"color-ultramarine c-link\" target=\"_blank\" rel=\"noopener\">Tel Aviv<\/a>, ainsi qu\u2019un centre de recherche biologique. Seize bless\u00e9s ont \u00e9t\u00e9 pris en charge.<\/p>\n<p>Dimanche\u00a0: Indignation et peur au Moyen-Orient comme en Europe<\/p>\n<p>Apr\u00e8s les frappes am\u00e9ricaines, les r\u00e9actions de la communaut\u00e9 internationale n\u2019ont pas tard\u00e9 \u00e0 se faire entendre. A commencer par le premier concern\u00e9, l\u2019Iran. Le ministre iranien des Affaires \u00e9trang\u00e8res iranien, Abbas Araghchi, a accus\u00e9 les Etats-Unis et Isra\u00ebl d\u2019avoir \u00ab\u00a0d\u00e9cid\u00e9 de faire exploser\u00a0\u00bb la diplomatie, apr\u00e8s avoir fustig\u00e9 un \u00ab\u00a0comportement extr\u00eamement dangereux, anarchique et criminel\u00a0\u00bb des Etats-Unis. Il a par ailleurs affirm\u00e9 que l\u2019Iran se d\u00e9fendre \u00ab\u00a0par tous les moyens n\u00e9cessaires\u00a0\u00bb.<\/p>\n<p><a href=\"https:\/\/www.20minutes.fr\/monde\/israel\/4157660-20250610-israel-appelle-evacuer-trois-ports-yemen-avant-possibles-frappes-contre-cibles-houthis\" target=\"_blank\" class=\"color-ultramarine c-link\" rel=\"noopener\">Les Houthis du Y\u00e9men<\/a> n\u2019ont pas tard\u00e9 \u00e0 r\u00e9agir non plus accusant les Etats-Unis d\u2019avoir d\u00e9clar\u00e9 une guerre \u00ab\u00a0flagrante contre le peuple fr\u00e8re iranien\u00a0\u00bb. Ils se sont dits pr\u00eats \u00ab\u00a0\u00e0 cibler les navires et les b\u00e2timents de guerre am\u00e9ricains en mer Rouge\u00a0\u00bb.<\/p>\n<p>Des pays comme <a href=\"https:\/\/www.20minutes.fr\/societe\/4159537-20250620-tourisme-etats-unis-egypte-situation-geopolitique-rend-tour-operateurs-prudents-avant\" target=\"_blank\" class=\"color-ultramarine c-link\" rel=\"noopener\">l\u2019Egypte<\/a> ont condamn\u00e9 une \u00ab\u00a0escalade\u00a0\u00bb aux \u00ab\u00a0dangereuses r\u00e9percussions\u00a0\u00bb, alors <a href=\"https:\/\/www.20minutes.fr\/planete\/4159446-20250619-emirats-greenpeace-craint-desastre-environnemental-apres-collision-deux-petroliers-mer-oman\" target=\"_blank\" class=\"color-ultramarine c-link\" rel=\"noopener\">qu\u2019Oman<\/a> a qualifi\u00e9 ces attaques \u00ab\u00a0d\u2019agression ill\u00e9gale\u00a0\u00bb. M\u00eame chose du c\u00f4t\u00e9 europ\u00e9en. \u00ab\u00a0J\u2019exhorte toutes les parties \u00e0 faire un pas en arri\u00e8re, \u00e0 revenir \u00e0 la table des n\u00e9gociations et \u00e0 \u00e9viter toute escalade suppl\u00e9mentaire\u00a0\u00bb, a \u00e9crit la cheffe de la diplomatie de l\u2019Union europ\u00e9enne, Kaja Kallas, sur X.<\/p>\n<p>Isra\u00ebl, \u00e0 l\u2019inverse, s\u2019est r\u00e9joui de ces frappes am\u00e9ricaines d\u00e9crivant \u00ab\u00a0un tournant historique qui peut aider \u00e0 conduire le Moyen-Orient et au-del\u00e0 vers un avenir de prosp\u00e9rit\u00e9 et de paix\u00a0\u00bb. \u00ab\u00a0Le pr\u00e9sident Trump et moi disons souvent\u00a0: la paix par la force. D\u2019abord vient la force, ensuite vient la paix\u00a0\u00bb.<\/p>\n","protected":false},"excerpt":{"rendered":"Les affrontements entre Isra\u00ebl et l\u2019Iran se sont intensifi\u00e9s ce week-end. Et si vous avez manqu\u00e9 les derni\u00e8res&hellip;\n","protected":false},"author":2,"featured_media":196157,"comment_status":"","ping_status":"","sticky":false,"template":"","format":"standard","meta":{"footnotes":""},"categories":[2],"tags":[47,11,75,4303,73,1011,27,32810,3019,664,74,3257,12,8039,25],"class_list":{"0":"post-196156","1":"post","2":"type-post","3":"status-publish","4":"format-standard","5":"has-post-thumbnail","7":"category-actualites","8":"tag-actualite","9":"tag-actualites","10":"tag-donald-trump","11":"tag-egypte","12":"tag-etats-unis","13":"tag-fr","14":"tag-france","15":"tag-guerre-israeliran","16":"tag-iran","17":"tag-israel","18":"tag-monde","19":"tag-moyen-orient","20":"tag-news","21":"tag-oman","22":"tag-republique-francaise"},"share_on_mastodon":{"url":"https:\/\/pubeurope.com\/@fr\/114727850052755138","error":""},"_links":{"self":[{"href":"https:\/\/www.europesays.com\/fr\/wp-json\/wp\/v2\/posts\/196156","targetHints":{"allow":["GET"]}}],"collection":[{"href":"https:\/\/www.europesays.com\/fr\/wp-json\/wp\/v2\/posts"}],"about":[{"href":"https:\/\/www.europesays.com\/fr\/wp-json\/wp\/v2\/types\/post"}],"author":[{"embeddable":true,"href":"https:\/\/www.europesays.com\/fr\/wp-json\/wp\/v2\/users\/2"}],"replies":[{"embeddable":true,"href":"https:\/\/www.europesays.com\/fr\/wp-json\/wp\/v2\/comments?post=196156"}],"version-history":[{"count":0,"href":"https:\/\/www.europesays.com\/fr\/wp-json\/wp\/v2\/posts\/196156\/revisions"}],"wp:featuredmedia":[{"embeddable":true,"href":"https:\/\/www.europesays.com\/fr\/wp-json\/wp\/v2\/media\/196157"}],"wp:attachment":[{"href":"https:\/\/www.europesays.com\/fr\/wp-json\/wp\/v2\/media?parent=196156"}],"wp:term":[{"taxonomy":"category","embeddable":true,"href":"https:\/\/www.europesays.com\/fr\/wp-json\/wp\/v2\/categories?post=196156"},{"taxonomy":"post_tag","embeddable":true,"href":"https:\/\/www.europesays.com\/fr\/wp-json\/wp\/v2\/tags?post=196156"}],"curies":[{"name":"wp","href":"https:\/\/api.w.org\/{rel}","templated":true}]}}