{"id":196164,"date":"2025-06-22T16:04:10","date_gmt":"2025-06-22T16:04:10","guid":{"rendered":"https:\/\/www.europesays.com\/fr\/196164\/"},"modified":"2025-06-22T16:04:10","modified_gmt":"2025-06-22T16:04:10","slug":"les-resultats-des-demi-finales-et-laffiche-dune-finale-prometteuse","status":"publish","type":"post","link":"https:\/\/www.europesays.com\/fr\/196164\/","title":{"rendered":"les r\u00e9sultats des demi-finales, et l&rsquo;affiche d&rsquo;une finale prometteuse"},"content":{"rendered":"<p>            Par<br \/>\n        <strong><br \/>\n            <a href=\"https:\/\/actu.fr\/auteur\/anthony-tallieu-actu-fr\" title=\"Consulter tous les articles de Anthony Tallieu\" rel=\"nofollow noopener\" target=\"_blank\">Anthony Tallieu<\/a><br \/>\n        <\/strong><\/p>\n<p>        Publi\u00e9 le<\/p>\n<p>            22 juin 2025 \u00e0 17h07        <\/p>\n<p>On conna\u00eet d\u00e9sormais les deux finalistes du championnat de France de <a href=\"https:\/\/actu.fr\/rugby\/amateurs\" rel=\"nofollow noopener\" target=\"_blank\">F\u00e9d\u00e9rale 2<\/a>. Les demi-finales ont longtemps laiss\u00e9 planer le doute, mais les vainqueurs s\u2019affronteront bient\u00f4t pour d\u00e9crocher le titre de champion. Retrouvez sur Actu Rugby tous les r\u00e9sultats de ces demi-finales ainsi que l\u2019affiche de la finale.<\/p>\n<p>F\u00e9d\u00e9rale 2 : les r\u00e9sultats de demi-finales<\/p>\n<ul class=\" wall-content\">\n<li>Saint-Girons \u2013 Vinay : 6-13<\/li>\n<li>Cahors \u2013 Tours : 21-18<\/li>\n<\/ul>\n<p>F\u00e9d\u00e9rale 2 : La finale entre Vinay et Cahors<\/p>\n<p class=\" wall-content\">La finale du championnat de France de F\u00e9d\u00e9rale 2 se jouera le dimanche 29 juin 2025, sur terrain neutre, lors d\u2019un match \u00e0 \u00e9limination directe. Ainsi, Vinay et Cahors tenteront de d\u00e9crocher le bouclier de champion avant de profiter de plusieurs semaines de repos bien m\u00e9rit\u00e9.<\/p>\n<ul class=\" wall-content\">\n<li>Finale de championnat de France de F\u00e9d\u00e9rale 2 : Vinay \u2013 Cahors<\/li>\n<\/ul>\n<p class=\" wall-content\">Suivez toute l\u2019actualit\u00e9 de vos villes et m\u00e9dias favoris en vous inscrivant \u00e0 <a href=\"https:\/\/moncompte.actu.fr\" title=\"D\u00e9couvez Mon Actu\" rel=\"nofollow noopener\" data-trk=\"{&quot;cta&quot;:{&quot;action&quot;:&quot;https:\\\/\\\/moncompte.actu.fr&quot;,&quot;category&quot;:&quot;mon compte&quot;,&quot;from&quot;:&quot;article footer&quot;,&quot;name&quot;:&quot;Mon actu&quot;,&quot;type&quot;:&quot;cta&quot;}}\" target=\"_blank\">Mon Actu<\/a>.<\/p>\n","protected":false},"excerpt":{"rendered":"Par Anthony Tallieu Publi\u00e9 le 22 juin 2025 \u00e0 17h07 On conna\u00eet d\u00e9sormais les deux finalistes du championnat&hellip;\n","protected":false},"author":2,"featured_media":196165,"comment_status":"","ping_status":"","sticky":false,"template":"","format":"standard","meta":{"footnotes":""},"categories":[1416],"tags":[5592,4127,1011,27,479,4126,1468,60],"class_list":{"0":"post-196164","1":"post","2":"type-post","3":"status-publish","4":"format-standard","5":"has-post-thumbnail","7":"category-rugby","8":"tag-amateurs","9":"tag-federale","10":"tag-fr","11":"tag-france","12":"tag-rugby","13":"tag-rugby-amateur","14":"tag-rugby-football","15":"tag-sports"},"share_on_mastodon":{"url":"https:\/\/pubeurope.com\/@fr\/114727869760953586","error":""},"_links":{"self":[{"href":"https:\/\/www.europesays.com\/fr\/wp-json\/wp\/v2\/posts\/196164","targetHints":{"allow":["GET"]}}],"collection":[{"href":"https:\/\/www.europesays.com\/fr\/wp-json\/wp\/v2\/posts"}],"about":[{"href":"https:\/\/www.europesays.com\/fr\/wp-json\/wp\/v2\/types\/post"}],"author":[{"embeddable":true,"href":"https:\/\/www.europesays.com\/fr\/wp-json\/wp\/v2\/users\/2"}],"replies":[{"embeddable":true,"href":"https:\/\/www.europesays.com\/fr\/wp-json\/wp\/v2\/comments?post=196164"}],"version-history":[{"count":0,"href":"https:\/\/www.europesays.com\/fr\/wp-json\/wp\/v2\/posts\/196164\/revisions"}],"wp:featuredmedia":[{"embeddable":true,"href":"https:\/\/www.europesays.com\/fr\/wp-json\/wp\/v2\/media\/196165"}],"wp:attachment":[{"href":"https:\/\/www.europesays.com\/fr\/wp-json\/wp\/v2\/media?parent=196164"}],"wp:term":[{"taxonomy":"category","embeddable":true,"href":"https:\/\/www.europesays.com\/fr\/wp-json\/wp\/v2\/categories?post=196164"},{"taxonomy":"post_tag","embeddable":true,"href":"https:\/\/www.europesays.com\/fr\/wp-json\/wp\/v2\/tags?post=196164"}],"curies":[{"name":"wp","href":"https:\/\/api.w.org\/{rel}","templated":true}]}}