{"id":196186,"date":"2025-06-22T16:17:10","date_gmt":"2025-06-22T16:17:10","guid":{"rendered":"https:\/\/www.europesays.com\/fr\/196186\/"},"modified":"2025-06-22T16:17:10","modified_gmt":"2025-06-22T16:17:10","slug":"des-chercheurs-alertent-sur-le-retour-dun-mythe-scientifiquement-refute","status":"publish","type":"post","link":"https:\/\/www.europesays.com\/fr\/196186\/","title":{"rendered":"des chercheurs alertent sur le retour d\u2019un mythe scientifiquement r\u00e9fut\u00e9"},"content":{"rendered":"<p>La pol\u00e9mique enfle autour des d\u00e9clarations de Robert F. Kennedy Jr. sur l&rsquo;autisme. Le nouveau responsable am\u00e9ricain de la Sant\u00e9 conteste le consensus scientifique en privil\u00e9giant des facteurs environnementaux comme causes principales du trouble. Face \u00e0 cette d\u00e9sinformation, la communaut\u00e9 scientifique rappelle les donn\u00e9es probantes sur les origines majoritairement g\u00e9n\u00e9tiques de l&rsquo;autisme.<\/p>\n<p>La nomination de Robert F. Kennedy Jr. \u00e0 la t\u00eate du D\u00e9partement am\u00e9ricain de la Sant\u00e9 suscite de vives inqui\u00e9tudes parmi les chercheurs sp\u00e9cialis\u00e9s dans l&rsquo;<a href=\"https:\/\/www.futura-sciences.com\/sante\/questions-reponses\/cerveau-autisme-il-vrai-quil-possible-guerir-18258\/\" title=\"Autisme : est-il vrai qu\u2019il est possible de gu\u00e9rir ?\" target=\"_blank\" rel=\"noopener\">autisme<\/a>. Lors d&rsquo;une r\u00e9cente conf\u00e9rence de <a href=\"https:\/\/www.futura-sciences.com\/tech\/comparatifs\/meilleure-imprimante-3d-comparatif\/\" title=\"Comparatif imprimante\" class=\"link-type-comparo\" target=\"_blank\" rel=\"noopener\">presse<\/a>, RFK Jr. a relanc\u00e9 des th\u00e9ories r\u00e9fut\u00e9es depuis longtemps, qualifiant l&rsquo;augmentation des diagnostics d&rsquo;autisme \u00ab d&rsquo;\u00e9pid\u00e9mie \u00bb\u00a0principalement due \u00e0 des facteurs environnementaux. Ces d\u00e9clarations controvers\u00e9es interviennent alors que les donn\u00e9es scientifiques \u00e9tablissent clairement une forte composante g\u00e9n\u00e9tique. Cette confrontation entre opinions personnelles et faits scientifiques met en <a href=\"https:\/\/www.futura-sciences.com\/sciences\/definitions\/physique-lumiere-326\/\" class=\"typographies__SpanLink-sc-9uspqk-3 BjSPB\" universe=\"health\" target=\"_blank\" rel=\"noopener\">lumi\u00e8re<\/a>lumi\u00e8re les dangers de la d\u00e9sinformation dans un domaine aussi sensible que les troubles neurod\u00e9veloppementaux.<\/p>\n<p>Les propos controvers\u00e9s de RFK Jr. sur l&rsquo;autisme<\/p>\n<p>Robert F. Kennedy Jr. a r\u00e9cemment fait des d\u00e9clarations alarmistes concernant ce qu&rsquo;il consid\u00e8re comme une \u00ab \u00e9pid\u00e9mie \u00bb\u00a0d&rsquo;autisme. S&rsquo;appuyant sur les derni\u00e8res donn\u00e9es des <a href=\"https:\/\/www.cdc.gov\/mmwr\/volumes\/74\/ss\/ss7402a1.htm\" title=\"Prevalence and Early Identification of Autism Spectrum Disorder Among Children Aged 4 and 8 Years \u2014 Autism and Developmental Disabilities Monitoring Network, 16 Sites, United States, 2022\" target=\"_blank\" rel=\"noopener\">Centers for Disease Control and Prevention<\/a> (CDC ou en fran\u00e7ais \u00ab Centres pour le contr\u00f4le et la <a href=\"https:\/\/www.futura-sciences.com\/planete\/definitions\/developpement-durable-prevention-6509\/\" class=\"typographies__SpanLink-sc-9uspqk-3 BjSPB\" universe=\"health\" target=\"_blank\" rel=\"noopener\">pr\u00e9vention<\/a>pr\u00e9vention des maladies \u00bb) qui indiquent qu&rsquo;un enfant am\u00e9ricain sur 31, n\u00e9 en 2014, est aujourd&rsquo;hui diagnostiqu\u00e9 autiste,\u00a0il attribue cette hausse principalement \u00e0 des facteurs environnementaux nocifs.<\/p>\n<p>Le nouveau responsable de la Sant\u00e9 am\u00e9ricain a annonc\u00e9 vouloir mener sa propre enqu\u00eate sur les causes de l&rsquo;autisme d&rsquo;ici septembre 2025. Sa m\u00e9thodologie soul\u00e8ve pourtant de s\u00e9rieuses questions, notamment parce qu&rsquo;il envisage de visiter des pistes d\u00e9j\u00e0 invalid\u00e9es par la recherche scientifique, comme un lien potentiel entre les <a href=\"https:\/\/www.futura-sciences.com\/sante\/questions-reponses\/grossesse-servent-3-echographies-grossesse-18273\/\" title=\"\u00c0 quoi servent les 3 \u00e9chographies de la grossesse ?\" target=\"_blank\" rel=\"noopener\">\u00e9chographies<\/a> pr\u00e9natales et l&rsquo;autisme.<\/p>\n<p>Plus pr\u00e9occupant encore, RFK Jr. pr\u00e9voit de relancer l&rsquo;hypoth\u00e8se d&rsquo;un lien entre le <a href=\"https:\/\/www.futura-sciences.com\/sante\/definitions\/medecine-vaccin-ror-14245\/\" class=\"typographies__SpanLink-sc-9uspqk-3 BjSPB\" universe=\"health\" target=\"_blank\" rel=\"noopener\">vaccin ROR<\/a>vaccin ROR (<a href=\"https:\/\/www.futura-sciences.com\/sante\/definitions\/medecine-rougeole-4209\/\" class=\"typographies__SpanLink-sc-9uspqk-3 BjSPB\" universe=\"health\" target=\"_blank\" rel=\"noopener\">rougeole<\/a>rougeole-<a href=\"https:\/\/www.futura-sciences.com\/sante\/definitions\/medecine-oreillons-7935\/\" class=\"typographies__SpanLink-sc-9uspqk-3 BjSPB\" universe=\"health\" target=\"_blank\" rel=\"noopener\">oreillons<\/a>oreillons-rub\u00e9ole) et le trouble du <a href=\"https:\/\/www.futura-sciences.com\/sciences\/definitions\/physique-spectre-1663\/\" class=\"typographies__SpanLink-sc-9uspqk-3 BjSPB\" universe=\"health\" target=\"_blank\" rel=\"noopener\">spectre<\/a>spectre autistique, une th\u00e9orie pourtant d\u00e9finitivement r\u00e9fut\u00e9e par de nombreuses \u00e9tudes \u00e0 grande \u00e9chelle. Pour mener cette enqu\u00eate, il aurait confi\u00e9 cette mission \u00e0 une personne connue pour son scepticisme envers la <a href=\"https:\/\/www.futura-sciences.com\/sante\/definitions\/medecine-vaccination-11858\/\" class=\"typographies__SpanLink-sc-9uspqk-3 BjSPB\" universe=\"health\" target=\"_blank\" rel=\"noopener\">vaccination<\/a>vaccination, et qui aurait m\u00eame \u00e9t\u00e9 radi\u00e9e de l&rsquo;ordre des m\u00e9decins.<\/p>\n<p>La r\u00e9alit\u00e9 scientifique derri\u00e8re l&rsquo;augmentation des diagnostics<\/p>\n<p>La communaut\u00e9 scientifique s&rsquo;oppose fermement aux affirmations de RFK Jr. en pr\u00e9sentant des explications bien plus rationnelles \u00e0 l&rsquo;augmentation observ\u00e9e des cas d&rsquo;autisme. L&rsquo;\u00e9volution des crit\u00e8res diagnostiques constitue le facteur explicatif principal de cette hausse apparente.<\/p>\n<p>L&rsquo;histoire du diagnostic de l&rsquo;autisme r\u00e9v\u00e8le des changements majeurs au fil des d\u00e9cennies :<\/p>\n<ul dir=\"ltr\">\n<li role=\"presentation\">avant 1980, l&rsquo;autisme \u00e9tait consid\u00e9r\u00e9 comme une \u00ab r\u00e9action schizophr\u00e9nique infantile \u00bb ;<\/li>\n<li role=\"presentation\">en 1987, \u00e9largissement des crit\u00e8res pour inclure trois dimensions : interaction sociale, communication et restriction des activit\u00e9s ;<\/li>\n<li role=\"presentation\">en 1994, int\u00e9gration du <a href=\"https:\/\/www.futura-sciences.com\/sante\/definitions\/medecine-syndrome-asperger-15650\/\" class=\"typographies__SpanLink-sc-9uspqk-3 BjSPB\" universe=\"health\" target=\"_blank\" rel=\"noopener\">syndrome d&rsquo;Asperger<\/a>syndrome d&rsquo;Asperger ;<\/li>\n<li role=\"presentation\">en 2013, possibilit\u00e9 de diagnostiquer simultan\u00e9ment un TSA et un TDAH.<\/li>\n<\/ul>\n<p>Une <a href=\"https:\/\/onlinelibrary.wiley.com\/doi\/10.1002\/ajmg.b.32338\" title=\"Comorbidity of intellectual disability confounds ascertainment of autism: implications for genetic diagnosis\" target=\"_blank\" rel=\"noopener\">\u00e9tude<\/a> r\u00e9v\u00e9latrice de 2015 portant sur les enfants am\u00e9ricains scolaris\u00e9s dans des programmes sp\u00e9cialis\u00e9s montre que le nombre d&rsquo;enfants diagnostiqu\u00e9s autistes a quadrupl\u00e9 entre 2000 et 2010, passant de 93 624 \u00e0 419 647. Parall\u00e8lement, le nombre d&rsquo;\u00e9l\u00e8ves identifi\u00e9s comme souffrant de <a href=\"https:\/\/www.futura-sciences.com\/sante\/actualites\/medecine-deficience-intellectuelle-mutation-gene-serait-responsable-33068\/\" title=\"D\u00e9ficience intellectuelle : la mutation d&#039;un g\u00e8ne serait responsable\" target=\"_blank\" rel=\"noopener\">d\u00e9ficience intellectuelle<\/a> a diminu\u00e9 de 637 270 \u00e0 457 478 sur la m\u00eame p\u00e9riode, sugg\u00e9rant une reclassification diagnostique plut\u00f4t qu&rsquo;une v\u00e9ritable augmentation de <a href=\"https:\/\/www.futura-sciences.com\/sante\/definitions\/medecine-prevalence-2818\/\" class=\"typographies__SpanLink-sc-9uspqk-3 BjSPB\" universe=\"health\" target=\"_blank\" rel=\"noopener\">pr\u00e9valence<\/a>pr\u00e9valence.<\/p>\n<p>La disparit\u00e9 g\u00e9ographique des diagnostics renforce cette th\u00e8se. La Californie enregistre un taux de 53,1 pour 1 000 enfants contre seulement 9,1 pour 1 000 au Texas, un \u00e9cart que les CDC attribuent aux diff\u00e9rences de politiques de <a href=\"https:\/\/www.futura-sciences.com\/sante\/definitions\/medecine-depistage-2659\/\" class=\"typographies__SpanLink-sc-9uspqk-3 BjSPB\" universe=\"health\" target=\"_blank\" rel=\"noopener\">d\u00e9pistage<\/a>d\u00e9pistage et de d\u00e9stigmatisation, non \u00e0 des facteurs environnementaux locaux.<\/p>\n<p>Les v\u00e9ritables causes du trouble du spectre autistique<\/p>\n<p>Le trouble du spectre de l&rsquo;autisme (TSA) est un trouble du neurod\u00e9veloppement\u00a0aux manifestations vari\u00e9es. Contrairement aux affirmations simplistes, les chercheurs ont identifi\u00e9 une origine multifactorielle avec une pr\u00e9dominance g\u00e9n\u00e9tique claire.<\/p>\n<p>Annette Estes, directrice du Centre de l&rsquo;autisme de l&rsquo;Universit\u00e9 de Washington, explique cette complexit\u00e9 : \u00ab Contrairement \u00e0 la <a href=\"https:\/\/www.futura-sciences.com\/sante\/actualites\/genetique-capacites-cognitives-patients-atteints-trisomie-21-ameliorees-therapie-prometteuse-100488\/\" title=\"Les capacit\u00e9s cognitives des patients atteints de la trisomie 21 am\u00e9lior\u00e9es par une th\u00e9rapie prometteuse\" target=\"_blank\" rel=\"noopener\">trisomie 21<\/a>, pour laquelle une <a href=\"https:\/\/www.futura-sciences.com\/sante\/definitions\/medecine-anomalie-2982\/\" class=\"typographies__SpanLink-sc-9uspqk-3 BjSPB\" universe=\"health\" target=\"_blank\" rel=\"noopener\">anomalie<\/a>anomalie g\u00e9n\u00e9tique clairement identifi\u00e9e permet un diagnostic pr\u00e9cis, l&rsquo;autisme ne se laisse pas appr\u00e9hender aussi simplement, malgr\u00e9 des avanc\u00e9es remarquables \u00bb.<\/p>\n<p>Les donn\u00e9es scientifiques actuelles montrent que :<\/p>\n<ol dir=\"ltr\">\n<li role=\"presentation\">entre 60 et 90 % des cas d&rsquo;autisme pr\u00e9sentent une origine h\u00e9r\u00e9ditaire ;<\/li>\n<li role=\"presentation\">des mutations g\u00e9n\u00e9tiques sp\u00e9cifiques sont identifiables dans 40 % des cas ;<\/li>\n<li role=\"presentation\">certains facteurs environnementaux peuvent jouer un r\u00f4le secondaire, notamment des infections survenues in utero ;<\/li>\n<li role=\"presentation\">les outils de d\u00e9pistage recommand\u00e9s par l&rsquo;American Academy of Pediatrics permettent une d\u00e9tection pr\u00e9coce entre 18 et 24 mois.<\/li>\n<\/ol>\n<p>La propagation de th\u00e9ories non fond\u00e9es par des personnalit\u00e9s influentes comme RFK Jr. risque de d\u00e9tourner les ressources de recherche des v\u00e9ritables causes et traitements potentiels, tout en stigmatisant davantage les personnes autistes et leurs familles. Face \u00e0 cette d\u00e9sinformation croissante, la vigilance de la <a href=\"https:\/\/www.futura-sciences.com\/sciences\/actualites\/recherche-desaccords-quota-femmes-communaute-scientifique-9143\/\" title=\"D\u00e9saccords sur un quota de femmes dans la communaut\u00e9 scientifique\" target=\"_blank\" rel=\"noopener\">communaut\u00e9 scientifique<\/a> reste essentielle pour d\u00e9fendre les faits \u00e9tablis par des d\u00e9cennies de recherche rigoureuse.<\/p>\n<p>\u00a0<\/p>\n","protected":false},"excerpt":{"rendered":"La pol\u00e9mique enfle autour des d\u00e9clarations de Robert F. Kennedy Jr. sur l&rsquo;autisme. Le nouveau responsable am\u00e9ricain de&hellip;\n","protected":false},"author":2,"featured_media":196187,"comment_status":"","ping_status":"","sticky":false,"template":"","format":"standard","meta":{"footnotes":""},"categories":[10],"tags":[8187,33540,4121,228,29029,1011,27,22747,72,33541,33542,278,33543,1062,33532,33536,33533,71,33538,1256,33534,33537,33539,33535],"class_list":{"0":"post-196186","1":"post","2":"type-post","3":"status-publish","4":"format-standard","5":"has-post-thumbnail","7":"category-sante","8":"tag-autisme","9":"tag-deficience-intellectuelle","10":"tag-desinformation","11":"tag-diagnostic","12":"tag-facteurs-environnementaux","13":"tag-fr","14":"tag-france","15":"tag-genetique","16":"tag-health","17":"tag-hereditaire","18":"tag-heredite","19":"tag-les-tendances","20":"tag-mutations-genetiques","21":"tag-polemique","22":"tag-polemique-autour-de-lautisme","23":"tag-polemique-autour-du-vaccin-ror","24":"tag-robert-f-kennedy-jr","25":"tag-sante","26":"tag-syndrome-dasperger","27":"tag-tdah","28":"tag-trouble-du-neurodeveloppement","29":"tag-trouble-du-spectre-autistique","30":"tag-tsa","31":"tag-vaccin-ror"},"share_on_mastodon":{"url":"https:\/\/pubeurope.com\/@fr\/114727920889339629","error":""},"_links":{"self":[{"href":"https:\/\/www.europesays.com\/fr\/wp-json\/wp\/v2\/posts\/196186","targetHints":{"allow":["GET"]}}],"collection":[{"href":"https:\/\/www.europesays.com\/fr\/wp-json\/wp\/v2\/posts"}],"about":[{"href":"https:\/\/www.europesays.com\/fr\/wp-json\/wp\/v2\/types\/post"}],"author":[{"embeddable":true,"href":"https:\/\/www.europesays.com\/fr\/wp-json\/wp\/v2\/users\/2"}],"replies":[{"embeddable":true,"href":"https:\/\/www.europesays.com\/fr\/wp-json\/wp\/v2\/comments?post=196186"}],"version-history":[{"count":0,"href":"https:\/\/www.europesays.com\/fr\/wp-json\/wp\/v2\/posts\/196186\/revisions"}],"wp:featuredmedia":[{"embeddable":true,"href":"https:\/\/www.europesays.com\/fr\/wp-json\/wp\/v2\/media\/196187"}],"wp:attachment":[{"href":"https:\/\/www.europesays.com\/fr\/wp-json\/wp\/v2\/media?parent=196186"}],"wp:term":[{"taxonomy":"category","embeddable":true,"href":"https:\/\/www.europesays.com\/fr\/wp-json\/wp\/v2\/categories?post=196186"},{"taxonomy":"post_tag","embeddable":true,"href":"https:\/\/www.europesays.com\/fr\/wp-json\/wp\/v2\/tags?post=196186"}],"curies":[{"name":"wp","href":"https:\/\/api.w.org\/{rel}","templated":true}]}}