{"id":196198,"date":"2025-06-22T16:24:12","date_gmt":"2025-06-22T16:24:12","guid":{"rendered":"https:\/\/www.europesays.com\/fr\/196198\/"},"modified":"2025-06-22T16:24:12","modified_gmt":"2025-06-22T16:24:12","slug":"savoie-des-femmes-victimes-de-piqures-durant-la-fete-de-la-musique-a-chambery-un-suspect-arrete-le-dauphine-libere","status":"publish","type":"post","link":"https:\/\/www.europesays.com\/fr\/196198\/","title":{"rendered":"Savoie. Des femmes victimes de piq\u00fbres durant la F\u00eate de la musique \u00e0 Chamb\u00e9ry, un suspect arr\u00eat\u00e9 &#8211; Le Dauphin\u00e9 Lib\u00e9r\u00e9"},"content":{"rendered":"<ol>\n<li><a href=\"https:\/\/news.google.com\/rss\/articles\/CBMipAJBVV95cUxPUjBxZWpzUzJUbUR6SFNlNng2ckVoVkppaFZZeUdlMGFRZlljbXN4QU15YldZT0tlRVdiWVJQRE1KUEMyMnZsbW9RdzRYZklaVEEySGJXcGplbkx3aXZqY21pUEZqejlCdFd3VzhibUtsSU82WUphRGR1em4tSnFubEI3UFo3MWFOTUItT3p0bTRZdlJ6Ymw4WUZhN01BdWxadTJZVEMzekIwUTVVdnU5MmViMVdBWWVjLW96RVlaTzNZRWNOaVdhai1UREtCaGRyNTRNcW1iY0U2RjFtRHBNSkZ5d0wzQXZoMUpNX2dSMFdibEdsZzZWV3EwMkhORUJDTlVLN2ZmVU5ZRG9XRlA5bjdaSHhIcFhNVnVaMUhrNHowRkxz?oc=5\" target=\"_blank\" rel=\"noopener\">Savoie. Des femmes victimes de piq\u00fbres durant la F\u00eate de la musique \u00e0 Chamb\u00e9ry, un suspect arr\u00eat\u00e9<\/a>&nbsp;&nbsp;Le Dauphin\u00e9 Lib\u00e9r\u00e9<\/li>\n<li><a href=\"https:\/\/news.google.com\/rss\/articles\/CBMiuwFBVV95cUxOMkREUGpzb2VBWFhwbjNHcjhhLUVQeEZmM21xRGdrMVlCVXZOUlplTzI0ZkY3dVphd3VmcGFtMTZ2YV9RQ2NCblVmOEQ0MTNGVzVjWUxtdFZzcGx3XzBSVGNRUGJvY1ltRnhHbzBOQVFqMGtRNVpXTlp0NXVfR1pLQm5LTXFndk5GYzNSY1NiaGlTRWlwTW9oOGRqcDNuOFlUNjE1cU5yV0VpcVB5NTRjMnNsNGNUNXIxdF9z?oc=5\" target=\"_blank\" rel=\"noopener\">\u00c0 Paris, la F\u00eate la musique trahit, le temps d\u2019une nuit, toutes les fractures<\/a>&nbsp;&nbsp;Le Figaro<\/li>\n<li><a href=\"https:\/\/news.google.com\/rss\/articles\/CBMi0wFBVV95cUxOemwwVE92SkdCWm03QlFhTzI5WlJXQi1RZUxHcVI3bmE4UGdOZ21SR2JyN0drWWc5QVR0ZVM4ZXQxV1VvMVkxMUVjRm5JSlFUUEkycXBhRWRBOExjMHRWM0ZfWTlmdGllMUVZUy1rNzV2ZjhIY2haQURidndsWTR4VXp5bXBJWlFadWdMeHJHRHZPVGM4Y1VKVkRRMzA2bHBkM0wwTlE4NndNdl9URkNiaHpFay1pYUxiSzkwX0xyNmZLd19hMTdER0ZaYzFaN3RvVl9v?oc=5\" target=\"_blank\" rel=\"noopener\">Strasbourg. Un \u00ab agresseur \u00e0 la seringue \u00bb signal\u00e9 \u00e0 la F\u00eate de la musique, trois personnes prises en charge<\/a>&nbsp;&nbsp;les Derni\u00e8res Nouvelles d&rsquo;Alsace<\/li>\n<li><a href=\"https:\/\/news.google.com\/rss\/articles\/CBMi0wFBVV95cUxQUWlvdU5ZZ0dtaDNwZU92UDdPQXRLR0kzT25YYTNaZEtXMjhpWEtFZjdoWV9USERFMEVLX1dnTWw1UFhLQ0RHYW0zUEFUNHBIR1p4bFJRZUhlMnNlVlpURDBtdnF4RThQMVozeE1ReWpLNndiLU9yLVFfT1BpNzVEU2sxMFBpb2hFMmNVSGo2dG9FT3dxaDVzUWl3eFJxQVVfTFc5eG5TcG9SaVJwaFlhTlo3YkJwOVpUdWVjR2tia3Z4NTE2M2dob3ItVER3MTNwNHhJ?oc=5\" target=\"_blank\" rel=\"noopener\">F\u00eate de la musique : 145 cas de piq\u00fbres signal\u00e9s en France, 12 suspects interpell\u00e9s<\/a>&nbsp;&nbsp;TF1 Info<\/li>\n<li><a href=\"https:\/\/news.google.com\/rss\/articles\/CBMiigJBVV95cUxQNG5qVFJTUVB0alNOXzhSNFFLaEg3SmlaZThidmlFS1gwT2p3ZGRkVEtWWXNraDBfckUtTTJjM0JKTnhqWkVyZUNjdUVTMkw4VUFNeXVMS0l0OTUtSGpuejBMRjhwOGJFdHY1NUVLY3ZvcGE4ZHZLSk5xQVdsUHpkT0M1LVhzTEdabGpxd2ZmUnprb2Z5bHdDSk1IYzdzNU9HeVgyaTJTVmlBT2VxdEs1SkNHMFQ1S2ZUczNZNUkwZHJ2X1pwc25DN1BPV1VGOEhxTVNkYWJIalFka1QxWmJIZzhvdUxJWk9UdHJ3bVIwZnM3OXc3SHJBUlJQQnVJeWpHbzZuY19QQ3VsZw?oc=5\" target=\"_blank\" rel=\"noopener\">\u00ab Piq\u00fbres sauvages \u00bb en marge de la f\u00eate de la musique \u00e0 Nantes : aucune seringue n\u2019a \u00e9t\u00e9 retrouv\u00e9e<\/a>&nbsp;&nbsp;Ouest-France<\/li>\n<\/ol>\n","protected":false},"excerpt":{"rendered":"Savoie. Des femmes victimes de piq\u00fbres durant la F\u00eate de la musique \u00e0 Chamb\u00e9ry, un suspect arr\u00eat\u00e9&nbsp;&nbsp;Le Dauphin\u00e9&hellip;\n","protected":false},"author":2,"featured_media":196199,"comment_status":"","ping_status":"","sticky":false,"template":"","format":"standard","meta":{"footnotes":""},"categories":[2],"tags":[11,5509,12844,271,1687,272,7001,274,107,1011,27,873,12,5508],"class_list":{"0":"post-196198","1":"post","2":"type-post","3":"status-publish","4":"format-standard","5":"has-post-thumbnail","7":"category-actualites","8":"tag-actualites","9":"tag-chambery","10":"tag-chambery-bassin","11":"tag-crime","12":"tag-culture-loisirs","13":"tag-delit-et-contravention","14":"tag-edition-chambery-aix-les-bains","15":"tag-faits-divers-justice","16":"tag-fil-info","17":"tag-fr","18":"tag-france","19":"tag-musique","20":"tag-news","21":"tag-savoie"},"share_on_mastodon":{"url":"https:\/\/pubeurope.com\/@fr\/114727948282014326","error":""},"_links":{"self":[{"href":"https:\/\/www.europesays.com\/fr\/wp-json\/wp\/v2\/posts\/196198","targetHints":{"allow":["GET"]}}],"collection":[{"href":"https:\/\/www.europesays.com\/fr\/wp-json\/wp\/v2\/posts"}],"about":[{"href":"https:\/\/www.europesays.com\/fr\/wp-json\/wp\/v2\/types\/post"}],"author":[{"embeddable":true,"href":"https:\/\/www.europesays.com\/fr\/wp-json\/wp\/v2\/users\/2"}],"replies":[{"embeddable":true,"href":"https:\/\/www.europesays.com\/fr\/wp-json\/wp\/v2\/comments?post=196198"}],"version-history":[{"count":0,"href":"https:\/\/www.europesays.com\/fr\/wp-json\/wp\/v2\/posts\/196198\/revisions"}],"wp:featuredmedia":[{"embeddable":true,"href":"https:\/\/www.europesays.com\/fr\/wp-json\/wp\/v2\/media\/196199"}],"wp:attachment":[{"href":"https:\/\/www.europesays.com\/fr\/wp-json\/wp\/v2\/media?parent=196198"}],"wp:term":[{"taxonomy":"category","embeddable":true,"href":"https:\/\/www.europesays.com\/fr\/wp-json\/wp\/v2\/categories?post=196198"},{"taxonomy":"post_tag","embeddable":true,"href":"https:\/\/www.europesays.com\/fr\/wp-json\/wp\/v2\/tags?post=196198"}],"curies":[{"name":"wp","href":"https:\/\/api.w.org\/{rel}","templated":true}]}}