{"id":196200,"date":"2025-06-22T16:25:16","date_gmt":"2025-06-22T16:25:16","guid":{"rendered":"https:\/\/www.europesays.com\/fr\/196200\/"},"modified":"2025-06-22T16:25:16","modified_gmt":"2025-06-22T16:25:16","slug":"loire-a-saint-etienne-roanne-et-saint-chamond-une-fete-de-la-musique-chaude-mais-sans-incident","status":"publish","type":"post","link":"https:\/\/www.europesays.com\/fr\/196200\/","title":{"rendered":"Loire. \u00c0 Saint-Etienne, Roanne et Saint-Chamond, une F\u00eate de la musique chaude\u2026 mais sans incident"},"content":{"rendered":"<p>Des foules de m\u00e9lomanes, une chaleur tropicale et de la musique. Samedi 21\u00a0juin, la Loire a vibr\u00e9 d\u2019innombrables concerts, aux quatre coins du d\u00e9partement.<\/p>\n<p>Ce dimanche matin, force est de constater que la nuit n\u2019a \u00e9t\u00e9 que festive.<\/p>\n<p>Dans la circonscription de police de Loire sud, seules cinq personnes \u00e9taient en garde \u00e0 vue, ce 22\u00a0juin au matin, pour des faits relevant de violences intrafamiliales. Un fl\u00e9au auquel les policiers sont confront\u00e9s au quotidien, et particuli\u00e8rement le week-end.<\/p>\n<p>  Rien \u00e0 signaler en dehors du fl\u00e9au des violences intrafamiliales<\/p>\n<p>M\u00eame chose en zone gendarmerie, o\u00f9, en dehors de la free party qui mobilise des militaires depuis samedi \u00e0 Saint-Hilaire-Cusson-la-Valmitte, selon le groupement d\u00e9partemental, des gardes \u00e0 vue sont en cours ce dimanche, pour le m\u00eame motif de violences intrafamiliales, fl\u00e9au qui remplit les ge\u00f4les chaque week-end.<\/p>\n<p>Mais selon une source s\u00e9curitaire, \u00ab\u00a0c\u2019est assez rare pour \u00eatre soulign\u00e9. Nous avons eu des foules dehors une bonne partie de la nuit, sans un coup de couteau, sans une bagarre, rien\u00a0\u00bb.<\/p>\n<p>Une soir\u00e9e comme les forces de s\u00e9curit\u00e9 aimeraient en avoir plus souvent \u00e0 g\u00e9rer.<\/p>\n","protected":false},"excerpt":{"rendered":"Des foules de m\u00e9lomanes, une chaleur tropicale et de la musique. Samedi 21\u00a0juin, la Loire a vibr\u00e9 d\u2019innombrables&hellip;\n","protected":false},"author":2,"featured_media":196201,"comment_status":"","ping_status":"","sticky":false,"template":"","format":"standard","meta":{"footnotes":""},"categories":[9653],"tags":[1111,11,2430,271,1687,272,7539,1777,674,274,1011,27,3367,873,12,25,4001,7538],"class_list":{"0":"post-196200","1":"post","2":"type-post","3":"status-publish","4":"format-standard","5":"has-post-thumbnail","7":"category-saint-etienne","8":"tag-actu","9":"tag-actualites","10":"tag-auvergne-rhone-alpes","11":"tag-crime","12":"tag-culture-loisirs","13":"tag-delit-et-contravention","14":"tag-edition-loire-sud","15":"tag-eu","16":"tag-europe","17":"tag-faits-divers-justice","18":"tag-fr","19":"tag-france","20":"tag-loire","21":"tag-musique","22":"tag-news","23":"tag-republique-francaise","24":"tag-saint-etienne","25":"tag-saint-etienne-ville"},"share_on_mastodon":{"url":"https:\/\/pubeurope.com\/@fr\/114727952281286321","error":""},"_links":{"self":[{"href":"https:\/\/www.europesays.com\/fr\/wp-json\/wp\/v2\/posts\/196200","targetHints":{"allow":["GET"]}}],"collection":[{"href":"https:\/\/www.europesays.com\/fr\/wp-json\/wp\/v2\/posts"}],"about":[{"href":"https:\/\/www.europesays.com\/fr\/wp-json\/wp\/v2\/types\/post"}],"author":[{"embeddable":true,"href":"https:\/\/www.europesays.com\/fr\/wp-json\/wp\/v2\/users\/2"}],"replies":[{"embeddable":true,"href":"https:\/\/www.europesays.com\/fr\/wp-json\/wp\/v2\/comments?post=196200"}],"version-history":[{"count":0,"href":"https:\/\/www.europesays.com\/fr\/wp-json\/wp\/v2\/posts\/196200\/revisions"}],"wp:featuredmedia":[{"embeddable":true,"href":"https:\/\/www.europesays.com\/fr\/wp-json\/wp\/v2\/media\/196201"}],"wp:attachment":[{"href":"https:\/\/www.europesays.com\/fr\/wp-json\/wp\/v2\/media?parent=196200"}],"wp:term":[{"taxonomy":"category","embeddable":true,"href":"https:\/\/www.europesays.com\/fr\/wp-json\/wp\/v2\/categories?post=196200"},{"taxonomy":"post_tag","embeddable":true,"href":"https:\/\/www.europesays.com\/fr\/wp-json\/wp\/v2\/tags?post=196200"}],"curies":[{"name":"wp","href":"https:\/\/api.w.org\/{rel}","templated":true}]}}