{"id":19621,"date":"2025-04-12T10:33:36","date_gmt":"2025-04-12T10:33:36","guid":{"rendered":"https:\/\/www.europesays.com\/fr\/19621\/"},"modified":"2025-04-12T10:33:36","modified_gmt":"2025-04-12T10:33:36","slug":"lyon-et-marseille-chamboulees-par-la-reforme-du-scrutin-2","status":"publish","type":"post","link":"https:\/\/www.europesays.com\/fr\/19621\/","title":{"rendered":"Lyon et Marseille chamboul\u00e9es par la r\u00e9forme du scrutin"},"content":{"rendered":"<p>C&rsquo;est une course contre la contre.\u00a0\u00c0\u00a0moins d&rsquo;un an des prochaines \u00e9lections municipales, en mars 2026, les d\u00e9put\u00e9s LFI, LR, RN et du bloc central ont adopt\u00e9 ce mercredi 9 avril la proposition de loi visant \u00e0 r\u00e9former le scrutin municipal des villes de Paris, Lyon et Marseille.<\/p>\n<p>Le texte, port\u00e9 par quatre d\u00e9put\u00e9s Ensemble de Paris, entend r\u00e9soudre\u00a0les\u00a0failles de la loi de 1982 r\u00e9gissant le mode d&rsquo;\u00e9lection dans les trois plus grandes villes de France : aujourd&rsquo;hui, en fonction de l&rsquo;arrondissement ou du secteur de r\u00e9sidence, une voix ne vaut pas toujours un bulletin de vote dans ces trois villes. In fine, le maire peut \u00eatre \u00e9lu sans la majorit\u00e9 des voix. Cela s&rsquo;est notamment produit en 1983 \u00e0 Marseille, Gaston Defferre &#8211; initiateur de cette loi &#8211; l&#8217;emportant face \u00e0 Jean-Claude Gaudin.<\/p>\n","protected":false},"excerpt":{"rendered":"C&rsquo;est une course contre la contre.\u00a0\u00c0\u00a0moins d&rsquo;un an des prochaines \u00e9lections municipales, en mars 2026, les d\u00e9put\u00e9s LFI,&hellip;\n","protected":false},"author":2,"featured_media":19622,"comment_status":"","ping_status":"","sticky":false,"template":"","format":"standard","meta":{"footnotes":""},"categories":[2814],"tags":[17,1111,11,7601,1777,674,1011,27,2428,884,3554,12,5912,882,4190,25,4189,7600],"class_list":{"0":"post-19621","1":"post","2":"type-post","3":"status-publish","4":"format-standard","5":"has-post-thumbnail","7":"category-marseille","8":"tag-17","9":"tag-actu","10":"tag-actualites","11":"tag-chamboulees","12":"tag-eu","13":"tag-europe","14":"tag-fr","15":"tag-france","16":"tag-lyon","17":"tag-marseille","18":"tag-municipales","19":"tag-news","20":"tag-par","21":"tag-provence-alpes-cote-dazur","22":"tag-reforme","23":"tag-republique-francaise","24":"tag-scrutin","25":"tag-territoire-la-tribune-aura"},"share_on_mastodon":{"url":"https:\/\/pubeurope.com\/@fr\/114324544131771018","error":""},"_links":{"self":[{"href":"https:\/\/www.europesays.com\/fr\/wp-json\/wp\/v2\/posts\/19621","targetHints":{"allow":["GET"]}}],"collection":[{"href":"https:\/\/www.europesays.com\/fr\/wp-json\/wp\/v2\/posts"}],"about":[{"href":"https:\/\/www.europesays.com\/fr\/wp-json\/wp\/v2\/types\/post"}],"author":[{"embeddable":true,"href":"https:\/\/www.europesays.com\/fr\/wp-json\/wp\/v2\/users\/2"}],"replies":[{"embeddable":true,"href":"https:\/\/www.europesays.com\/fr\/wp-json\/wp\/v2\/comments?post=19621"}],"version-history":[{"count":0,"href":"https:\/\/www.europesays.com\/fr\/wp-json\/wp\/v2\/posts\/19621\/revisions"}],"wp:featuredmedia":[{"embeddable":true,"href":"https:\/\/www.europesays.com\/fr\/wp-json\/wp\/v2\/media\/19622"}],"wp:attachment":[{"href":"https:\/\/www.europesays.com\/fr\/wp-json\/wp\/v2\/media?parent=19621"}],"wp:term":[{"taxonomy":"category","embeddable":true,"href":"https:\/\/www.europesays.com\/fr\/wp-json\/wp\/v2\/categories?post=19621"},{"taxonomy":"post_tag","embeddable":true,"href":"https:\/\/www.europesays.com\/fr\/wp-json\/wp\/v2\/tags?post=19621"}],"curies":[{"name":"wp","href":"https:\/\/api.w.org\/{rel}","templated":true}]}}