{"id":196216,"date":"2025-06-22T16:37:23","date_gmt":"2025-06-22T16:37:23","guid":{"rendered":"https:\/\/www.europesays.com\/fr\/196216\/"},"modified":"2025-06-22T16:37:23","modified_gmt":"2025-06-22T16:37:23","slug":"que-faire-a-grenoble-ce-week-end-samedi-21-et-dimanche-22-juin-2025","status":"publish","type":"post","link":"https:\/\/www.europesays.com\/fr\/196216\/","title":{"rendered":"Que faire \u00e0 Grenoble ce week-end (samedi 21 et dimanche 22 juin 2025) ?"},"content":{"rendered":"<p class=\"color\">Spectacles, visites guid\u00e9es, cin\u00e9-rencontre, v\u00e9loparade des enfants, la MC2 en f\u00eate, vide-greniers&#8230; Demandez le programme des animations \u00e0 ne pas manquer ce <strong>week-end du 20 au 22 juin 2025<\/strong> \u00e0 <strong>Grenoble <\/strong>et alentour. <\/p>\n<p>Faire le plein de com\u00e9dies musicales \u00e0 Grenoble <img decoding=\"async\" alt=\"\" data-zoomable=\"\" height=\"1406\" loading=\"lazy\" src=\"https:\/\/www.europesays.com\/fr\/wp-content\/uploads\/2025\/06\/upscalemedia-transformed.png\" title=\"\u00a9 Piment Sc\u00e8ne - Les 18-25 ans pr\u00e9senteront le spectacle Tous les enfants grandissent, vendredi et dimanche \u00e0 20h et samedi \u00e0 14h30.\" width=\"2000\"\/> \u00a9 Piment Sc\u00e8ne &#8211; Les 18-25 ans pr\u00e9senteront le spectacle Tous les enfants grandissent, vendredi et dimanche \u00e0 20h et samedi \u00e0 14h30. <\/p>\n<p><strong>L&rsquo;association Piment Sc\u00e8ne<\/strong> organise son <strong>festival de com\u00e9dies musicales<\/strong>, du vendredi 20 au dimanche 22 juin, \u00e0 la salle Messiaen \u00e0 Grenoble. Cinq spectacles seront au programme. Ils seront interpr\u00e9t\u00e9s par des \u00e9l\u00e8ves de diff\u00e9rentes cat\u00e9gories d&rsquo;\u00e2ges. <\/p>\n<p>Le ch\u0153ur d&rsquo;adultes pr\u00e9sentera Entre r\u00eaves et r\u00e9alit\u00e9s, vendredi 20 \u00e0 20h et dimanche 22 \u00e0 16h30 (dur\u00e9e 30 minutes). Les 18-25 ans, une trentaine de chanteurs, com\u00e9diens et danseurs, interpr\u00e9teront Tous les enfants grandissent (dur\u00e9e 1h30) vendredi 20 et dimanche 22 \u00e0 20h et samedi 21 \u00e0 14h30. Samedi 21 \u00e0 14h30 et dimanche 22 \u00e0 11h, les jeunes de 8-11 pr\u00e9senteront un spectacle de 45 minutes intitul\u00e9 Vous cherchez quelque chose ? avec des reprises de tubes sign\u00e9s Thomas Fersen, Oldelaf, Zaz, Barbara Pravi, \u00c9velyne Gallet, Zazie, etc. <\/p>\n<p>Les 12-17 ans (30 danseurs, chanteurs et com\u00e9diens) pr\u00e9senteront Ne sens-tu rien dans l&rsquo;air ? (dur\u00e9e 1h20), samedi 21 \u00e0 18h et dimanche 22 \u00e0 16h30. Enfin, A l&#8217;embarquage !, une restitution d&rsquo;ateliers de 20 minutes sera propos\u00e9e par les petits de 5-8 ans dimanche 22 \u00e0 11h.<\/p>\n<p><strong>Pratique<\/strong> <\/p>\n<p>Festival Piment Sc\u00e8ne, salle Messiaen, 1, rue du Vieux-Temple \u00e0 Grenoble. Tarifs : 5 \u00e0 13 euros. Renseignements et r\u00e9servations : <a href=\"https:\/\/piment-scene.fr\/\" rel=\"noopener\" target=\"_blank\">ici<\/a>.\u00a0<\/p>\n<p>  Rencontrer le r\u00e9alisateur du film Chien de la Casse en tant qu&rsquo;acteur \u00e0 Grenoble <\/p>\n<p><strong>Le cin\u00e9ma Le Club <\/strong>organise une <strong>projection-rencontre <\/strong>ce vendredi 20 juin, \u00e0 20h30 autour du <strong>film La danse des renards<\/strong>, de Val\u00e9ry Carnoy avec Samuel Kircher, le jeune com\u00e9dien remarqu\u00e9 en 2023 dans L&rsquo;Et\u00e9 dernier, de Catherine Breillat. <\/p>\n<p>Il s&rsquo;agit d&rsquo;une <strong>avant-premi\u00e8re<\/strong>, la sortie en salles \u00e9tant programm\u00e9e en mars 2026. Le r\u00e9alisateur <strong>Val\u00e9ry Carnoy<\/strong> sera pr\u00e9sent pour \u00e9changer avec le public de m\u00eame que l&rsquo;acteur<strong> Jean-Baptiste Durand<\/strong>. Ce dernier est connu pour \u00eatre le r\u00e9alisateur de Chien de la Casse qui avait valu \u00e0 Rapha\u00ebl Quenard de remporter le C\u00e9sar de la r\u00e9v\u00e9lation masculine en 2024.<\/p>\n<p>L&rsquo;intrigue du film : dans un internat sportif, Camille, un jeune boxeur virtuose, est sauv\u00e9 in extremis d\u2019un accident mortel par son meilleur ami Matteo. Alors que les m\u00e9decins le pensent gu\u00e9ri, une douleur inexpliqu\u00e9e l\u2019envahit peu \u00e0 peu, jusqu\u2019\u00e0 remettre en question ses r\u00eaves de grandeur.. <\/p>\n<p><strong>Pratique<\/strong> <\/p>\n<p>Vendredi 20 juin \u00e0 20h30 au cin\u00e9ma le Club, 9B rue du Phalanst\u00e8re \u00e0 Grenoble. R\u00e9servations : <a href=\"https:\/\/www.cinemaleclub.com\/detail-evenement-1271\" rel=\"noopener\" target=\"_blank\">ici<\/a>.<\/p>\n<p>  Visiter le fort de la Bastille \u00e0 Grenoble <\/p>\n<p>Samedi 21 juin, <strong>visites guid\u00e9es gratuites du fort de la Bastille<\/strong> \u00e0 Grenoble. <\/p>\n<p>De cet ouvrage militaire reconstruit au XIXe si\u00e8cle sous le commandement du G\u00e9n\u00e9ral Haxo, subsiste absolument tout\u2026 sauf les canons. Suivez le guide dans les lieux m\u00e9connus ou cach\u00e9s du public pour tout comprendre de ce g\u00e9ant de pierre. <\/p>\n<p><strong>Pratique<\/strong> <\/p>\n<p>Visites guid\u00e9es le samedi 21 juin, de 14h \u00e0 15h et de 15h \u00e0 16h et de 16h \u00e0 17h. Renseignements : 04 76 42 41 41.<\/p>\n<p>  S&rsquo;essayer au slam en public \u00e0 Grenoble <img decoding=\"async\" alt=\"\" class=\"img-size-full\" data-zoomable=\"\" height=\"675\" loading=\"lazy\" src=\"https:\/\/www.europesays.com\/fr\/wp-content\/uploads\/2025\/06\/slam.png\" title=\"\u00a9 DR - Une slam session est programm\u00e9e au th\u00e9\u00e2tre Sainte-Marie-d'en-Bas, samedi 21 juin \u00e0 20h30.\" width=\"1200\"\/> \u00a9 DR &#8211; Une slam session est programm\u00e9e au th\u00e9\u00e2tre Sainte-Marie-d&rsquo;en-Bas, samedi 21 juin \u00e0 20h30. <\/p>\n<p>Samedi 21 juin, \u00e0 20h30, au <strong>th\u00e9\u00e2tre Sainte-Marie-d&rsquo;en-Bas<\/strong> \u00e0 Grenoble : <strong>slam session<\/strong>. <\/p>\n<p>Slameurs en herbe ou tchatcheurs confirm\u00e9s, amoureux des mots qui fusent, po\u00e8tes du quotidien ou des grands soirs, passants aux langues d\u00e9li\u00e9es, grands timides et grandes gueules, sont invit\u00e9s \u00e0 venir participer \u00e0 cette soir\u00e9e slam ouverte \u00e0 tous. <\/p>\n<p><strong>Pratique<\/strong> <\/p>\n<p>Slam Session samedi 21 juin \u00e0 20h30 au th\u00e9\u00e2tre Sainte-Marie-d&rsquo;en-Bas, 38 rue Tr\u00e8s-Clo\u00eetre \u00e0 Grenoble. Gratuit. Renseignements : <a href=\"https:\/\/musiques-nomades.fr\/\" rel=\"noopener\" target=\"_blank\">ici<\/a>.<\/p>\n<p>  Participer \u00e0 la MC2 en F\u00eate \u00e0 Grenoble <\/p>\n<p>La<strong> MC2 est en f\u00eate<\/strong> ce vendredi 20 juin, et propose <strong>deux rendez-vous gratuits<\/strong>.<\/p>\n<p>D&rsquo;abord rendez-vous \u00e0 18h30 au petit th\u00e9\u00e2tre pour assister \u00e0 la repr\u00e9sentation de la<strong> pi\u00e8ce de th\u00e9\u00e2tre<\/strong>, Sur l&rsquo;aile d&rsquo;un papillon, d&rsquo;Emmanuel Meirieu, avec\u00a0Julien Chavrial et Jean-Erns Marie-Louise. <\/p>\n<p>La pi\u00e8ce raconte deux migrations qui se r\u00e9pondent et s\u2019entrelacent : l\u2019une animale, l\u2019autre humaine. Une odyss\u00e9e contemporaine o\u00f9 se d\u00e9voilent espoir, r\u00e9sistance et r\u00e9silience face aux \u00e9preuves.\u00a0 <\/p>\n<p>Puis, \u00e0 21h, salle Ren\u00e9 Rizzardo : carte blanche au collectif A\/R. Apr\u00e8s\u00a0Shake, performance jou\u00e9e pour les 20 ans de la MC2, le collectif A\/R revient avec sa prochaine cr\u00e9ation immersive m\u00ealant danse, musique live et installation lumi\u00e8re. <\/p>\n<p><strong>Pratique<\/strong> <\/p>\n<p>La MC2 en f\u00eate. Gratuit sur r\u00e9servation au 04 76 00 79 00. Renseignements : <a href=\"https:\/\/www.mc2grenoble.fr\/\" rel=\"noopener\" target=\"_blank\">ici<\/a>.<\/p>\n<p>  Prendre le d\u00e9part de la V\u00e9loparade des enfants \u00e0 Grenoble <img decoding=\"async\" alt=\"\" class=\"img-size-limited\" data-zoomable=\"\" height=\"1500\" loading=\"lazy\" src=\"https:\/\/www.europesays.com\/fr\/wp-content\/uploads\/2025\/06\/outdoor-girl-bicycle-bike-summer-cyclist-658996-pxherecom.jpg\" title=\"\u00a9 PxHere - La V\u00e9loparade des enfants se d\u00e9roulera dimanche 22 juin \u00e0 partir de 14h au d\u00e9part de la Bifurk \u00e0 Grenoble.\" width=\"2000\"\/> \u00a9 PxHere &#8211; La V\u00e9loparade des enfants se d\u00e9roulera dimanche 22 juin \u00e0 partir de 14h au d\u00e9part de la Bifurk \u00e0 Grenoble. <\/p>\n<p>Dimanche 22 juin 2025 de 14h \u00e0 17h \u00e0 la Bifurk \u00e0 Grenoble. <\/p>\n<p>Pour le plus grand plaisir des petits et grands, la deuxi\u00e8me \u00e9dition de <strong>V\u00e9loparade des enfants<\/strong> de Grenoble se d\u00e9roulera ce dimanche 22 juin de 14h \u00e0 17h. Rendez-vous \u00e0 la <strong>Bifurk\u00a0<\/strong>\u00e0 partir de 14h devant la Bifurk pour l&rsquo;accueil, le maquillage des participants et la d\u00e9coration des v\u00e9lo, mat\u00e9riel fourni par l\u2019ADTC. Cacun est invit\u00e9 \u00e0 venir avec son d\u00e9guisement.<\/p>\n<p>Le cort\u00e8ge s&rsquo;\u00e9lancera en musique \u00e0 15h avec une halte pr\u00e9vue \u00e0 la Caserne de Bonne \u00e0 15h30. Arriv\u00e9e pr\u00e9vue vers\u00a016h \u00e0 l&rsquo;anneau de vitesse au parc Paul Mistral, pour partager un go\u00fbter avec la Cocotte \u00e0 Roulettes,la remise de r\u00e9compenses et des jeux autour du v\u00e9lo. <\/p>\n<p><strong>Pratique<\/strong> <\/p>\n<p>V\u00e9loparade, dimanche 22 juin \u00e0 14h \u00e0 la Bifurk, 2, rue Gustave-Flaubert, Grenoble. Gratuit. Renseignements. <a href=\"https:\/\/www.adtc-grenoble.org\/2025\/05\/09\/veloparade-des-enfants-a-velo-les-marmots-dimanche-22-juin\/\" rel=\"noopener\" target=\"_blank\">ici<\/a>.<\/p>\n<p> O\u00f9 chiner \u00e0 Grenoble et alentour <\/p>\n<ul>\n<li>Samedi 21 juin, de 8h \u00e0 12h, <strong>vide-greniers<\/strong> de l&rsquo;\u00e9cole Jules-Ferry, 66, rue Claude-Genin \u00e0 Grenoble. <\/li>\n<li>Dimanche 22 juin, de 6h \u00e0 14h, vide-greniers de l&rsquo;Esplanade, boulevard de l&rsquo;Esplanade \u00e0 Grenoble. <\/li>\n<li>Dimanche 22 juin, \u00e0 partir de 9h, vide-greniers d&rsquo;\u00e9t\u00e9 des v\u00e9t\u00e9rans, 14, avenue des Etats-G\u00e9n\u00e9raux \u00e0 Echirolles. <\/li>\n<li>Dimanche 22 juin, de 8h \u00e0 16h, vide-greniers au complexe sportif Charles-de-Gaulle, 283, route de la Vanne \u00e0 Noyarey.<\/li>\n<\/ul>\n","protected":false},"excerpt":{"rendered":"Spectacles, visites guid\u00e9es, cin\u00e9-rencontre, v\u00e9loparade des enfants, la MC2 en f\u00eate, vide-greniers&#8230; Demandez le programme des animations \u00e0&hellip;\n","protected":false},"author":2,"featured_media":196217,"comment_status":"","ping_status":"","sticky":false,"template":"","format":"standard","meta":{"footnotes":""},"categories":[9566],"tags":[1111,11,2430,650,1777,674,1011,27,2731,12,25,4698,3365,28821],"class_list":{"0":"post-196216","1":"post","2":"type-post","3":"status-publish","4":"format-standard","5":"has-post-thumbnail","7":"category-grenoble","8":"tag-actu","9":"tag-actualites","10":"tag-auvergne-rhone-alpes","11":"tag-cinema","12":"tag-eu","13":"tag-europe","14":"tag-fr","15":"tag-france","16":"tag-grenoble","17":"tag-news","18":"tag-republique-francaise","19":"tag-thu00e9u00e2tre","20":"tag-vide-greniers","21":"tag-visite-guidu00e9e"},"share_on_mastodon":{"url":"https:\/\/pubeurope.com\/@fr\/114727999658421748","error":""},"_links":{"self":[{"href":"https:\/\/www.europesays.com\/fr\/wp-json\/wp\/v2\/posts\/196216","targetHints":{"allow":["GET"]}}],"collection":[{"href":"https:\/\/www.europesays.com\/fr\/wp-json\/wp\/v2\/posts"}],"about":[{"href":"https:\/\/www.europesays.com\/fr\/wp-json\/wp\/v2\/types\/post"}],"author":[{"embeddable":true,"href":"https:\/\/www.europesays.com\/fr\/wp-json\/wp\/v2\/users\/2"}],"replies":[{"embeddable":true,"href":"https:\/\/www.europesays.com\/fr\/wp-json\/wp\/v2\/comments?post=196216"}],"version-history":[{"count":0,"href":"https:\/\/www.europesays.com\/fr\/wp-json\/wp\/v2\/posts\/196216\/revisions"}],"wp:featuredmedia":[{"embeddable":true,"href":"https:\/\/www.europesays.com\/fr\/wp-json\/wp\/v2\/media\/196217"}],"wp:attachment":[{"href":"https:\/\/www.europesays.com\/fr\/wp-json\/wp\/v2\/media?parent=196216"}],"wp:term":[{"taxonomy":"category","embeddable":true,"href":"https:\/\/www.europesays.com\/fr\/wp-json\/wp\/v2\/categories?post=196216"},{"taxonomy":"post_tag","embeddable":true,"href":"https:\/\/www.europesays.com\/fr\/wp-json\/wp\/v2\/tags?post=196216"}],"curies":[{"name":"wp","href":"https:\/\/api.w.org\/{rel}","templated":true}]}}