{"id":19623,"date":"2025-04-12T10:34:07","date_gmt":"2025-04-12T10:34:07","guid":{"rendered":"https:\/\/www.europesays.com\/fr\/19623\/"},"modified":"2025-04-12T10:34:07","modified_gmt":"2025-04-12T10:34:07","slug":"lyon-lemploye-de-la-metropole-vexe-de-sa-punition-il-se-prend-un-retour-de-baton-en-justice","status":"publish","type":"post","link":"https:\/\/www.europesays.com\/fr\/19623\/","title":{"rendered":"Lyon. L&#8217;employ\u00e9 de la M\u00e9tropole vex\u00e9 de sa \u00ab\u00a0punition\u00a0\u00bb, il se prend un retour de b\u00e2ton en justice"},"content":{"rendered":"<p>            Par<br \/>\n        <strong><br \/>\n            <a href=\"https:\/\/actu.fr\/auteur\/redaction-lyon\" title=\"Consulter tous les articles de R\u00e9daction Lyon\" target=\"_blank\" rel=\"noopener\">R\u00e9daction Lyon<\/a><br \/>\n        <\/strong><\/p>\n<p>        Publi\u00e9 le<\/p>\n<p>            12 avr. 2025 \u00e0 6h30        <\/p>\n<p>Le tribunal administratif de <a href=\"https:\/\/actu.fr\/auvergne-rhone-alpes\/lyon_69123\" target=\"_blank\" rel=\"noopener\">Lyon<\/a> a d\u00e9bout\u00e9 <strong>un employ\u00e9 de la M\u00e9tropole de Lyon<\/strong> qui r\u00e9clamait 9.000 \u20ac de d\u00e9dommagements \u00e0 son employeur pour la \u00ab\u00a0sanction d\u00e9guis\u00e9e\u00a0\u00bb qui lui avait \u00e9t\u00e9 inflig\u00e9e en f\u00e9vrier 2023.<\/p>\n<p class=\" wall-content\">Cet \u00ab\u00a0\u00e9lectrom\u00e9canicien\u00a0\u00bb du service \u00ab\u00a0maintenance des b\u00e2timents m\u00e9tropolitains\u00a0\u00bb avait en fait \u00e9t\u00e9 suspendu \u00ab\u00a0\u00e0 titre conservatoire\u00a0\u00bb et mettait cette d\u00e9cision sur le compte de \u00ab\u00a0la publication d\u2019un article dans le journal Le Progr\u00e8s\u00a0\u00bb le 30 juillet 2022, o\u00f9 il y d\u00e9non\u00e7ait \u00ab\u00a0l\u2019inaction\u00a0\u00bb de sa collectivit\u00e9 sur les \u00ab\u00a0d\u00e9tournements de biens\u00a0\u00bb de son sup\u00e9rieur hi\u00e9rarchique.<\/p>\n<p>\u00ab\u00a0Victime d\u2019insultes et d\u2019intimidations\u00a0\u00bb de son chef<\/p>\n<p class=\" wall-content\">\u00ab\u00a0Victime d\u2019insultes et d\u2019intimidations\u00a0\u00bb de son chef \u00ab\u00a0en raison de son r\u00f4le de lanceur d\u2019alerte\u00a0\u00bb, il avait \u00e9t\u00e9 \u00ab\u00a0agress\u00e9 \u00e0 plusieurs reprises\u00a0\u00bb mais la m\u00e9tropole n\u2019avait pris \u00ab\u00a0aucune mesure\u00a0\u00bb.<\/p>\n<p class=\" wall-content\">Ces \u00ab\u00a0faits d\u2019insultes\u00a0\u00bb avaient en fait \u00e9t\u00e9 d\u00e9mentis par le coll\u00e8gue accus\u00e9 de l\u2019avoir trait\u00e9 de \u00ab\u00a0salope\u00a0\u00bb, justifiait la collectivit\u00e9 : ce dernier avait affirm\u00e9 lui avoir \u00ab\u00a0adress\u00e9 la parole qu\u2019une fois depuis le 30 juillet 2022 afin de lui demander des explications sur la divulgation aupr\u00e8s de la presse locale de faits le concernant indirectement\u00a0\u00bb.<\/p>\n<p class=\" wall-content\">En attendant \u00ab\u00a0aucune (\u2026) sanction n\u2019a finalement \u00e9t\u00e9 prononc\u00e9e \u00e0 l\u2019issue de sa suspension\u00a0\u00bb, faisait remarquer l\u2019avocat du \u00ab\u00a0lanceur d\u2019alerte\u00a0\u00bb.<\/p>\n<p class=\" wall-content\">La M\u00e9tropole avait en r\u00e9alit\u00e9 \u00ab\u00a0l\u2019intention de lui nuire\u00a0\u00bb, pense\u00a0Me S\u00e9bastien Bracq,\u00a0en lui causant un \u00ab\u00a0pr\u00e9judice financier\u00a0\u00bb li\u00e9 \u00e0 \u00ab\u00a0l\u2019impossibilit\u00e9 d\u2019effectuer des heures suppl\u00e9mentaires et des astreintes\u00a0\u00bb pour environ \u00ab\u00a04.000 \u20ac\u00a0\u00bb.<\/p>\n<p class=\" wall-content\">La collectivit\u00e9 pr\u00e9sid\u00e9e par <a href=\"https:\/\/actu.fr\/auvergne-rhone-alpes\/lyon_69123\/exclusif-bruno-bernard-nous-allons-decaler-des-travaux-dans-la-metropole-de-lyon_61957941.html\" target=\"_blank\" rel=\"noopener\">Bruno Bernard<\/a> (EE-LV) avait aussi caus\u00e9 un \u00ab\u00a0pr\u00e9judice moral\u00a0\u00bb \u00e0 son client \u00e9valu\u00e9 \u00e0 5.000 \u20ac en raison d\u2019une \u00ab\u00a0atteinte \u00e0 son honneur et \u00e0 sa r\u00e9putation\u00a0\u00bb.<\/p>\n<p>La \u00ab\u00a0malice de la M\u00e9tropole\u00a0\u00bb<\/p>\n<p class=\" wall-content\">En r\u00e9ponse, la M\u00e9tropole de Lyon avait certifi\u00e9 que cette suspension temporaire de fonctions n\u2019\u00e9tait \u00ab\u00a0pas en lien avec l\u2019article de presse\u00a0\u00bb paru dans Le Progr\u00e8s mais se fondait au contraire sur des \u00ab\u00a0faits parfaitement vraisemblables\u00a0\u00bb.<\/p>\n<p class=\" wall-content\">Sur un plan financier, son agent avait \u00ab\u00a0b\u00e9n\u00e9fici\u00e9 du maintien du versement de la totalit\u00e9 de son r\u00e9gime indemnitaire\u00a0\u00bb et n\u2019avait de toutes mani\u00e8res \u00ab\u00a0pas droit\u00a0\u00bb au versement d\u2019heures suppl\u00e9mentaires qu\u2019il n\u2019avait pas faites, soulignait l\u2019avocat de la collectivit\u00e9.<\/p>\n<p class=\" wall-content\">\u00ab\u00a0Le montant du pr\u00eat \u00e0 la consommation dont se pr\u00e9vaut le requ\u00e9rant d\u00e9passe largement la partie de la r\u00e9mun\u00e9ration dont il pr\u00e9tend avoir \u00e9t\u00e9 priv\u00e9\u00a0\u00bb, faisait au demeurant remarquer Me Jean-Bernard Prouvez.<\/p>\n<p class=\" wall-content\">\u00ab\u00a0Les difficult\u00e9s de remboursement de son emprunt et de la taxe fonci\u00e8re datent de la fin d\u2019ann\u00e9e 2023, et non de la p\u00e9riode de suspension.\u00a0\u00bb<\/p>\n<p>L\u2019un de ses coll\u00e8gues d\u00e9nonce des appels \u00ab\u00a0virulents\u00a0\u00bb et \u00ab\u00a0mena\u00e7ants\u00a0\u00bb<\/p>\n<p class=\" wall-content\">Bruno Bernard s\u2019est en fait fond\u00e9 sur le fait que l\u2019un des coll\u00e8gues du requ\u00e9rant avait \u00ab\u00a0signal\u00e9 avoir re\u00e7u de la part de l\u2019int\u00e9ress\u00e9 plusieurs appels t\u00e9l\u00e9phoniques virulents et mena\u00e7ants\u00a0\u00bb, sur \u00ab\u00a0le signalement du m\u00e9decin du travail alertant des r\u00e9percussions d\u00e9l\u00e9t\u00e8res du comportement de M. XXX sur l\u2019\u00e9tat de sant\u00e9 de plusieurs agents travaillant avec ce dernier au PC S\u00e9curit\u00e9\u00a0\u00bb et sur \u00ab\u00a0l\u2019existence de demandes de protection fonctionnelle [prise en charge des frais d\u2019avocats, ndlr] par trois agents faisant \u00e9tat de (\u2026) comportements agressifs, insultants et mena\u00e7ants\u00a0\u00bb.<\/p>\n<p class=\" wall-content\">Ils avaient m\u00eame \u00ab\u00a0t\u00e9moign\u00e9 de la peur et du sentiment d\u2019ins\u00e9curit\u00e9\u00a0\u00bb qu\u2019ils \u00e9prouvaient \u00e0 l\u2019id\u00e9e de \u00ab\u00a0se trouver seul en bin\u00f4me de travail avec lui\u00a0\u00bb.<\/p>\n<p>Un syndicat avait signal\u00e9 la situation<\/p>\n<p class=\" wall-content\">Une \u00ab\u00a0organisation syndicale\u00a0\u00bb avait d\u2019ailleurs elle aussi \u00ab\u00a0signal\u00e9 la situation\u00a0\u00bb puisque cette \u00ab\u00a0attitude\u00a0\u00bb du requ\u00e9rant g\u00e9n\u00e9rait une certaine \u00ab\u00a0perturbation du service\u00a0\u00bb.<\/p>\n<p class=\" wall-content\">\u00ab\u00a0En se bornant \u00e0 (\u2026) soutenir que la m\u00e9tropole proc\u00e9derait par \u00ab\u00a0malice\u00a0\u00bb avec la volont\u00e9 de \u00ab\u00a0l\u2019asphyxier \u00e9conomiquement\u00a0\u00bb, M. XXX ne conteste pas s\u00e9rieusement la gravit\u00e9 et la vraisemblance de ces faits\u00a0\u00bb, consid\u00e8re le tribunal administratif de Lyon dans l\u2019un des quatre jugements en date du 14 f\u00e9vrier 2025 qui viennent d\u2019\u00eatre rendus publics.\u00a0Et \u00ab\u00a0il ne r\u00e9sulte pas de l\u2019instruction que le pr\u00e9sident de la M\u00e9tropole de Lyon aurait \u00e9t\u00e9 anim\u00e9 par une intention de lui nuire au regard de la publication d\u2019un article dans le journal \u00ab\u00a0Le Progr\u00e8s\u00ab\u00a0\u00a0\u00bb, soulignent les juges lyonnais.<\/p>\n<p>\u00ab\u00a0Exclusion de trois jours\u00a0\u00bb puis une \u00ab\u00a0mutation d\u2019office\u00a0\u00bb<\/p>\n<p class=\" wall-content\">L\u2019avocat du requ\u00e9rant avait n\u00e9anmoins fait observer que son client avait par la suite fait l\u2019objet d\u2019une \u00ab\u00a0exclusion de trois jours\u00a0\u00bb en juillet 2023 puis d\u2019une \u00ab\u00a0mutation d\u2019office\u00a0\u00bb en novembre 2023 comme \u00ab\u00a0agent \u00e9lectricien au sein (\u2026) de la station d\u2019\u00e9puration de Pierre-B\u00e9nite\u00a0\u00bb alors qu\u2019il travaillait jusqu\u2019alors \u00e0 l\u2019H\u00f4tel de la M\u00e9tropole. Un lieu de travail certes \u00ab\u00a0bruyant et malodorant dans le milieu des eaux us\u00e9es\u00a0\u00bb mais qui lui ouvre toutefois droit \u00e0 une prime \u00ab\u00a0Travaux dangereux\u00a0\u00bb, positivait la M\u00e9tropole de Lyon devant le tribunal.<\/p>\n<p class=\" wall-content\">Concernant l\u2019exclusion de trois jours de juillet 2023, elle est justifi\u00e9e par les courriels que l\u2019int\u00e9ress\u00e9 avait envoy\u00e9s en pleine nuit \u00e0 la directrice g\u00e9n\u00e9rale des services (DGS) de la M\u00e9tropole de Lyon, en mettant en copie le directeur de cabinet du pr\u00e9sident et sa vice-pr\u00e9sidente (EE-LV) en charge des ressources humaines\u00a0Z\u00e9morda Khelifi.<\/p>\n<p>Les \u00ab\u00a0agissements anormaux\u00a0\u00bb de son chef<\/p>\n<p class=\" wall-content\">Alors qu\u2019il avait d\u00e9nonc\u00e9 les \u00ab\u00a0agissements anormaux\u00a0\u00bb de son chef et qu\u2019il voulait leur \u00e9pargner \u00ab\u00a0un scandale\u00a0\u00bb, le requ\u00e9rant s\u2019\u00e9tait vu r\u00e9pondre qu\u2019il fallait plut\u00f4t \u00ab\u00a0saisir sa hi\u00e9rarchie avant d\u2019\u00e9voquer de tels faits aupr\u00e8s des hautes autorit\u00e9s\u00a0\u00bb de la M\u00e9tropole.\u00a0Il avait alors r\u00e9pondu deux jours plus tard, \u00e0 \u00ab\u00a03h43 du matin\u00a0\u00bb, et en mettant en copie les m\u00eames personnes.<\/p>\n<p class=\" wall-content\">Une fa\u00e7on de proc\u00e9der \u00ab\u00a0pas acceptable\u00a0\u00bb, lui avait r\u00e9pondu la DGS. \u00ab\u00a0Je prends note que vous ne souhaitez plus que je vous mette en copie dans les courriers \u00e9lectroniques que je soumets aux personnes dites responsables, dont il me semblait que vous faisiez partie\u00a0\u00bb, avait-il alors r\u00e9pondu \u00e0 son tour. \u00ab\u00a0Ce qui n\u2019est pas acceptable, c\u2019est de m\u2019avoir mis un bl\u00e2me injustement [pour une altercation avec un coll\u00e8gue en octobre 2021, ndlr] et de continuer de me harceler. L\u2019injuste dont j\u2019ai \u00e9t\u00e9 victime est impardonnable.\u00a0\u00bb<\/p>\n<p>Mut\u00e9 dans une station d\u2019\u00e9puration<\/p>\n<p class=\" wall-content\">\u00ab\u00a0M. XXX a outrepass\u00e9 ses responsables directs et manifest\u00e9 de mani\u00e8re r\u00e9it\u00e9r\u00e9e et persistante, en d\u00e9pit des rappels qui lui ont \u00e9t\u00e9 faits, (\u2026) un manque de respect de la cha\u00eene hi\u00e9rarchique\u00a0\u00bb, consid\u00e8re le tribunal administratif de Lyon.<\/p>\n<p class=\" wall-content\">\u00ab\u00a0Les informations qui doivent \u00eatre transmises par courriel \u00e0 la DGS et au directeur de cabinet sont uniquement celles qui concernent les accidents (\u2026) ayant entra\u00een\u00e9 des bless\u00e9s et des dommages importants \u00e0 un ouvrage. (\u2026)\u00a0Les termes ironiques employ\u00e9s (\u2026) expriment une attitude insolente et d\u00e9sobligeante \u00e0 l\u2019\u00e9gard de la DGS.\u00a0\u00bb L\u2019int\u00e9ress\u00e9 a jusqu\u2019au 14 avril 2025 pour faire appel de ces quatre jugements.<\/p>\n<p class=\" wall-content\"><strong>GF (PressPepper)<\/strong><\/p>\n<p class=\" wall-content\">Suivez toute l\u2019actualit\u00e9 de vos villes et m\u00e9dias favoris en vous inscrivant \u00e0 <a href=\"https:\/\/moncompte.actu.fr\" title=\"D\u00e9couvez Mon Actu\" rel=\"nofollow noopener\" data-trk=\"{&quot;cta&quot;:{&quot;action&quot;:&quot;https:\\\/\\\/moncompte.actu.fr&quot;,&quot;category&quot;:&quot;mon compte&quot;,&quot;from&quot;:&quot;article footer&quot;,&quot;name&quot;:&quot;Mon actu&quot;,&quot;type&quot;:&quot;cta&quot;}}\" target=\"_blank\">Mon Actu<\/a>.<\/p>\n","protected":false},"excerpt":{"rendered":"Par R\u00e9daction Lyon Publi\u00e9 le 12 avr. 2025 \u00e0 6h30 Le tribunal administratif de Lyon a d\u00e9bout\u00e9 un&hellip;\n","protected":false},"author":2,"featured_media":19624,"comment_status":"","ping_status":"","sticky":false,"template":"","format":"standard","meta":{"footnotes":""},"categories":[1889],"tags":[1111,11,2430,1777,674,1011,27,2808,303,2428,12,25,104],"class_list":{"0":"post-19623","1":"post","2":"type-post","3":"status-publish","4":"format-standard","5":"has-post-thumbnail","7":"category-lyon","8":"tag-actu","9":"tag-actualites","10":"tag-auvergne-rhone-alpes","11":"tag-eu","12":"tag-europe","13":"tag-fr","14":"tag-france","15":"tag-grand-lyon","16":"tag-justice","17":"tag-lyon","18":"tag-news","19":"tag-republique-francaise","20":"tag-societe"},"share_on_mastodon":{"url":"https:\/\/pubeurope.com\/@fr\/114324548100314006","error":""},"_links":{"self":[{"href":"https:\/\/www.europesays.com\/fr\/wp-json\/wp\/v2\/posts\/19623","targetHints":{"allow":["GET"]}}],"collection":[{"href":"https:\/\/www.europesays.com\/fr\/wp-json\/wp\/v2\/posts"}],"about":[{"href":"https:\/\/www.europesays.com\/fr\/wp-json\/wp\/v2\/types\/post"}],"author":[{"embeddable":true,"href":"https:\/\/www.europesays.com\/fr\/wp-json\/wp\/v2\/users\/2"}],"replies":[{"embeddable":true,"href":"https:\/\/www.europesays.com\/fr\/wp-json\/wp\/v2\/comments?post=19623"}],"version-history":[{"count":0,"href":"https:\/\/www.europesays.com\/fr\/wp-json\/wp\/v2\/posts\/19623\/revisions"}],"wp:featuredmedia":[{"embeddable":true,"href":"https:\/\/www.europesays.com\/fr\/wp-json\/wp\/v2\/media\/19624"}],"wp:attachment":[{"href":"https:\/\/www.europesays.com\/fr\/wp-json\/wp\/v2\/media?parent=19623"}],"wp:term":[{"taxonomy":"category","embeddable":true,"href":"https:\/\/www.europesays.com\/fr\/wp-json\/wp\/v2\/categories?post=19623"},{"taxonomy":"post_tag","embeddable":true,"href":"https:\/\/www.europesays.com\/fr\/wp-json\/wp\/v2\/tags?post=19623"}],"curies":[{"name":"wp","href":"https:\/\/api.w.org\/{rel}","templated":true}]}}