{"id":196245,"date":"2025-06-22T16:53:18","date_gmt":"2025-06-22T16:53:18","guid":{"rendered":"https:\/\/www.europesays.com\/fr\/196245\/"},"modified":"2025-06-22T16:53:18","modified_gmt":"2025-06-22T16:53:18","slug":"pollution-a-lozone-plusieurs-departement-en-alerte","status":"publish","type":"post","link":"https:\/\/www.europesays.com\/fr\/196245\/","title":{"rendered":"Pollution \u00e0 l\u2019ozone : plusieurs d\u00e9partement en alerte"},"content":{"rendered":"<p itemprop=\"description\"><strong>ENVIRONNEMENT \/ Le pr\u00e9fet de la r\u00e9gion PACA et Atmosud placent le d\u00e9partement en alerte de niveau 1 ce week-end en raison d\u2019un \u00e9pisode de pollution atmosph\u00e9rique persistant. La pr\u00e9fecture appelle donc \u00e0 la vigilance, en particulier pour les personnes vuln\u00e9rables.<\/strong><\/p>\n<p>\u00a0<\/p>\n<p><strong>-Alpes de Haute-Provence-<\/strong><\/p>\n<p style=\"text-align: justify;\">Plusieurs d\u00e9partement sont concern\u00e9s par un \u00e9pisode de pollution \u00e0 l\u2019ozone de type estival. Parmi eux : les Alpes de Haute-Provence, le Var, le Vaucluse et les Bouches-du-Rh\u00f4ne. Les Alpes de Haute-Provence ont \u00e9t\u00e9 plac\u00e9es en alerte de niveau 1 ce week-end. Des mesures ont \u00e9t\u00e9 mises en place par AtmoSud et le pr\u00e9fet de la r\u00e9gion pour limiter les \u00e9missions : restriction des d\u00e9placements, encouragement au covoiturage, suspension des travaux agricoles et interdiction des br\u00fblages. Il est recommand\u00e9 de limiter les efforts en plein air, de privil\u00e9gier les lieux frais et de consulter un m\u00e9decin en cas de g\u00eane respiratoire.<\/p>\n<p style=\"text-align: right;\"><strong>K.Hosana<\/strong><\/p>\n","protected":false},"excerpt":{"rendered":"ENVIRONNEMENT \/ Le pr\u00e9fet de la r\u00e9gion PACA et Atmosud placent le d\u00e9partement en alerte de niveau 1&hellip;\n","protected":false},"author":2,"featured_media":196246,"comment_status":"","ping_status":"","sticky":false,"template":"","format":"standard","meta":{"footnotes":""},"categories":[2814],"tags":[1111,11,7733,8279,7736,650,7734,2889,2263,1777,674,1011,27,1085,8280,6417,1114,4662,884,12,3725,882,1825,25,7053,7737],"class_list":{"0":"post-196245","1":"post","2":"type-post","3":"status-publish","4":"format-standard","5":"has-post-thumbnail","7":"category-marseille","8":"tag-actu","9":"tag-actualites","10":"tag-alpes","11":"tag-alpes1","12":"tag-cds","13":"tag-cinema","14":"tag-ecoute","15":"tag-emission","16":"tag-equipe","17":"tag-eu","18":"tag-europe","19":"tag-fr","20":"tag-france","21":"tag-gap","22":"tag-haute","23":"tag-information","24":"tag-infos","25":"tag-journal","26":"tag-marseille","27":"tag-news","28":"tag-podcast","29":"tag-provence-alpes-cote-dazur","30":"tag-radio","31":"tag-republique-francaise","32":"tag-sud","33":"tag-winamp"},"share_on_mastodon":{"url":"https:\/\/pubeurope.com\/@fr\/114728062450644376","error":""},"_links":{"self":[{"href":"https:\/\/www.europesays.com\/fr\/wp-json\/wp\/v2\/posts\/196245","targetHints":{"allow":["GET"]}}],"collection":[{"href":"https:\/\/www.europesays.com\/fr\/wp-json\/wp\/v2\/posts"}],"about":[{"href":"https:\/\/www.europesays.com\/fr\/wp-json\/wp\/v2\/types\/post"}],"author":[{"embeddable":true,"href":"https:\/\/www.europesays.com\/fr\/wp-json\/wp\/v2\/users\/2"}],"replies":[{"embeddable":true,"href":"https:\/\/www.europesays.com\/fr\/wp-json\/wp\/v2\/comments?post=196245"}],"version-history":[{"count":0,"href":"https:\/\/www.europesays.com\/fr\/wp-json\/wp\/v2\/posts\/196245\/revisions"}],"wp:featuredmedia":[{"embeddable":true,"href":"https:\/\/www.europesays.com\/fr\/wp-json\/wp\/v2\/media\/196246"}],"wp:attachment":[{"href":"https:\/\/www.europesays.com\/fr\/wp-json\/wp\/v2\/media?parent=196245"}],"wp:term":[{"taxonomy":"category","embeddable":true,"href":"https:\/\/www.europesays.com\/fr\/wp-json\/wp\/v2\/categories?post=196245"},{"taxonomy":"post_tag","embeddable":true,"href":"https:\/\/www.europesays.com\/fr\/wp-json\/wp\/v2\/tags?post=196245"}],"curies":[{"name":"wp","href":"https:\/\/api.w.org\/{rel}","templated":true}]}}