{"id":196254,"date":"2025-06-22T16:58:08","date_gmt":"2025-06-22T16:58:08","guid":{"rendered":"https:\/\/www.europesays.com\/fr\/196254\/"},"modified":"2025-06-22T16:58:08","modified_gmt":"2025-06-22T16:58:08","slug":"paris-et-lile-de-france-nen-ont-pas-fini-avec-les-temperatures-caniculaires-avant-les-orages","status":"publish","type":"post","link":"https:\/\/www.europesays.com\/fr\/196254\/","title":{"rendered":"Paris et l&rsquo;\u00cele-de-France n&rsquo;en ont pas fini avec les temp\u00e9ratures caniculaires avant les orages"},"content":{"rendered":"<p>            Par<br \/>\n        <strong><br \/>\n            <a href=\"https:\/\/actu.fr\/auteur\/redaction-paris\" title=\"Consulter tous les articles de R\u00e9daction Paris\" rel=\"nofollow noopener\" target=\"_blank\">R\u00e9daction Paris<\/a><br \/>\n        <\/strong><\/p>\n<p>        Publi\u00e9 le<\/p>\n<p>            22 juin 2025 \u00e0 18h22        <\/p>\n<p>Un petit r\u00e9pit. Ce dimanche \u00e9tait plus respirable \u00e0 Paris et en \u00cele-de-France apr\u00e8s le samedi 21 juin torride v\u00e9cu. Apr\u00e8s les <strong>35,3\u00b0C<\/strong> relev\u00e9s \u00e0 Paris, les temp\u00e9ratures sont repass\u00e9es sous la barre des 30\u00b0C et l\u2019on relevait ainsi 28,5\u00b0C au parc Montsouris, dans le 14e arrondissement de la capitale, \u00e0 17h. Mais, le r\u00e9pit risque d\u2019\u00eatre de courte dur\u00e9e selon les pr\u00e9visions de <a href=\"https:\/\/actu.fr\/tag\/meteo-france\" rel=\"nofollow noopener\" target=\"_blank\">M\u00e9t\u00e9o-France <\/a>avec de la chaleur au programme et des <a href=\"https:\/\/actu.fr\/tag\/orages\" rel=\"nofollow noopener\" target=\"_blank\">orages<\/a>.\u00a0<\/p>\n<p>Les pr\u00e9visions de M\u00e9t\u00e9o-France<\/p>\n<p class=\" wall-content\">Lundi, les temp\u00e9ratures vont rester chaudes sur les r\u00e9gions m\u00e9ridionales et sur le Centre-Est, localement proches des 35 \u00b0C l\u2019apr\u00e8s-midi du Languedoc \u00e0 la Provence, alors qu\u2019elles demeureront plus respirables sur le nord-ouest du pays. Il fera ainsi 23\u00b0C \u00e0 14h \u00e0 Paris.\u00a0<\/p>\n<p class=\" wall-content\">Mais, d\u00e8s mardi, sous l\u2019effet d\u2019un beau temps sec et ensoleill\u00e9, le mercure va \u00e0 nouveau s\u2019\u00e9lever et les 30\u00b0C devraient \u00eatre atteints \u00e0 Paris, soit des temp\u00e9ratures sup\u00e9rieures aux normales de saison.\u00a0<\/p>\n<p class=\" wall-content\">Mercredi, ce sont m\u00eame 37\u00b0C qui sont annonc\u00e9s dans la capitale transform\u00e9e en fournaise. Un nouveau pic de chaleur qui pourrait s\u2019accompagner d\u2019orages en fin d\u2019apr\u00e8s-midi. Des rafales de vent proches de 65 km\/h, localement, \u00e0 la tomb\u00e9e du jour sont annonc\u00e9es.\u00a0<\/p>\n<p class=\" wall-content\">Tous les d\u00e9partements franciliens, sans exception, devraient \u00eatre concern\u00e9s.\u00a0<\/p>\n<p>Vid\u00e9os : en ce moment sur Actu<\/p>\n<p class=\" wall-content\">Les orages et la pluie qui suivra devraient offrir un air plus respirable jeudi avec une forte baisse des temp\u00e9ratures d\u00e9sormais inf\u00e9rieures aux 30\u00b0C.<\/p>\n<p class=\" wall-content\">Suivez toute l\u2019actualit\u00e9 de vos villes et m\u00e9dias favoris en vous inscrivant \u00e0 <a href=\"https:\/\/moncompte.actu.fr\" title=\"D\u00e9couvez Mon Actu\" rel=\"nofollow noopener\" data-trk=\"{&quot;cta&quot;:{&quot;action&quot;:&quot;https:\\\/\\\/moncompte.actu.fr&quot;,&quot;category&quot;:&quot;mon compte&quot;,&quot;from&quot;:&quot;article footer&quot;,&quot;name&quot;:&quot;Mon actu&quot;,&quot;type&quot;:&quot;cta&quot;}}\" target=\"_blank\">Mon Actu<\/a>.<\/p>\n","protected":false},"excerpt":{"rendered":"Par R\u00e9daction Paris Publi\u00e9 le 22 juin 2025 \u00e0 18h22 Un petit r\u00e9pit. Ce dimanche \u00e9tait plus respirable&hellip;\n","protected":false},"author":2,"featured_media":196255,"comment_status":"","ping_status":"","sticky":false,"template":"","format":"standard","meta":{"footnotes":""},"categories":[1592],"tags":[1111,11,1777,674,1011,27,662,2487,2357,12,4594,626,25,15637],"class_list":{"0":"post-196254","1":"post","2":"type-post","3":"status-publish","4":"format-standard","5":"has-post-thumbnail","7":"category-ile-de-france","8":"tag-actu","9":"tag-actualites","10":"tag-eu","11":"tag-europe","12":"tag-fr","13":"tag-france","14":"tag-ile-de-france","15":"tag-meteo","16":"tag-meteo-france","17":"tag-news","18":"tag-orages","19":"tag-paris","20":"tag-republique-francaise","21":"tag-vague-de-chaleur"},"share_on_mastodon":{"url":"https:\/\/pubeurope.com\/@fr\/114728082027109742","error":""},"_links":{"self":[{"href":"https:\/\/www.europesays.com\/fr\/wp-json\/wp\/v2\/posts\/196254","targetHints":{"allow":["GET"]}}],"collection":[{"href":"https:\/\/www.europesays.com\/fr\/wp-json\/wp\/v2\/posts"}],"about":[{"href":"https:\/\/www.europesays.com\/fr\/wp-json\/wp\/v2\/types\/post"}],"author":[{"embeddable":true,"href":"https:\/\/www.europesays.com\/fr\/wp-json\/wp\/v2\/users\/2"}],"replies":[{"embeddable":true,"href":"https:\/\/www.europesays.com\/fr\/wp-json\/wp\/v2\/comments?post=196254"}],"version-history":[{"count":0,"href":"https:\/\/www.europesays.com\/fr\/wp-json\/wp\/v2\/posts\/196254\/revisions"}],"wp:featuredmedia":[{"embeddable":true,"href":"https:\/\/www.europesays.com\/fr\/wp-json\/wp\/v2\/media\/196255"}],"wp:attachment":[{"href":"https:\/\/www.europesays.com\/fr\/wp-json\/wp\/v2\/media?parent=196254"}],"wp:term":[{"taxonomy":"category","embeddable":true,"href":"https:\/\/www.europesays.com\/fr\/wp-json\/wp\/v2\/categories?post=196254"},{"taxonomy":"post_tag","embeddable":true,"href":"https:\/\/www.europesays.com\/fr\/wp-json\/wp\/v2\/tags?post=196254"}],"curies":[{"name":"wp","href":"https:\/\/api.w.org\/{rel}","templated":true}]}}