{"id":196260,"date":"2025-06-22T17:01:30","date_gmt":"2025-06-22T17:01:30","guid":{"rendered":"https:\/\/www.europesays.com\/fr\/196260\/"},"modified":"2025-06-22T17:01:30","modified_gmt":"2025-06-22T17:01:30","slug":"mythique-atelier-dart-sur-modele-vivant-la-grande-chaumiere-va-fermer-a-paris","status":"publish","type":"post","link":"https:\/\/www.europesays.com\/fr\/196260\/","title":{"rendered":"mythique atelier d&rsquo;art sur mod\u00e8le vivant, la Grande Chaumi\u00e8re va fermer \u00e0 Paris"},"content":{"rendered":"<p>            Par<br \/>\n        <strong><br \/>\n            <a href=\"https:\/\/actu.fr\/auteur\/emilie-salabelle\" title=\"Consulter tous les articles de Emilie Salabelle\" rel=\"nofollow noopener\" target=\"_blank\">Emilie Salabelle<\/a><br \/>\n        <\/strong><\/p>\n<p>        Publi\u00e9 le<\/p>\n<p>            22 juin 2025 \u00e0 7h22        <\/p>\n<p>Elle est l\u2019h\u00e9riti\u00e8re d\u2019un <a href=\"https:\/\/actu.fr\/tag\/montparnasse\" rel=\"nofollow noopener\" target=\"_blank\">Montparnasse<\/a> r\u00e9volu. Sous sa verri\u00e8re baign\u00e9e de lumi\u00e8re ont d\u00e9fil\u00e9 les plus illustres artistes du XXe\u00a0si\u00e8cle, de Chagall \u00e0 Modigliani, en passant par Soutine et m\u00eame <a href=\"https:\/\/actu.fr\/ile-de-france\/paris_75056\/un-bout-du-patrimoine-devant-la-maison-gainsbourg-a-paris-les-fans-redoutent-une-possible-fermeture_61695592.html\" rel=\"nofollow noopener\" target=\"_blank\">Serge Gainsbourg<\/a>. <a href=\"https:\/\/actu.fr\/loisirs-culture\/expo\/paris-le-musee-bourdelle-rouvre-apres-deux-ans-de-travaux_58080870.html\" rel=\"nofollow noopener\" target=\"_blank\">Antoine Bourdelle<\/a>, Ossip Zadkine ou Fernand L\u00e9ger y ont enseign\u00e9. Apr\u00e8s 120 d\u2019existence, l\u2019<strong>acad\u00e9mie de la Grande Chaumi\u00e8re<\/strong>, cet atelier de dessin, sculpture et peinture d\u2019apr\u00e8s mod\u00e8le vivant nich\u00e9 dans la rue du m\u00eame nom \u00e0 <a href=\"https:\/\/actu.fr\/paris\/\" rel=\"nofollow noopener\" target=\"_blank\">Paris<\/a> (6e), va d<strong>\u00e9finitivement quitter les lieux<\/strong> qu\u2019elle occupait depuis sa cr\u00e9ation. Tr\u00e8s v\u00e9tuste, le site historique, qui a \u00e9t\u00e9 rachet\u00e9 en 2018, va \u00eatre r\u00e9habilit\u00e9 et transform\u00e9 en espace culturel par son nouveau propri\u00e9taire.<\/p>\n<p>\u00ab\u2009On va perdre l\u2019esprit des lieux\u2009\u00bb<\/p>\n<p class=\" wall-content\">Cr\u00e9\u00e9e en 1904 par les peintres suisses Martha Stettler et Alice Dannenberg, la Grande Chaumi\u00e8re accueille historiquement deux activit\u00e9s, dirig\u00e9es depuis 2018 par le psychanalyste Serge Zagdanski\u2009: d\u2019une part, l\u2019acad\u00e9mie \u00e9ponyme, qui propose un choix in\u00e9gal\u00e9 d\u2019ateliers libres pour tous publics et des cours de croquis, dessin, peinture \u00e0 l\u2019huile, ou sculpture<strong> \u00e0 partir de mod\u00e8le vivant<\/strong>\u2009; d\u2019autre part l\u2019acad\u00e9mie Charpentier, une \u00e9cole qui forme depuis 1945 architectes d\u2019int\u00e9rieur et designers.<\/p>\n<p class=\" wall-content\">Apr\u00e8s le d\u00e9c\u00e8s de l\u2019ancien propri\u00e9taire, le notaire Yves Salats, le site a \u00e9t\u00e9 <strong>vendu en lots aux ench\u00e8res<\/strong> en 2018. Le nouvel acqu\u00e9reur, Alexandre Gar\u00e8se, a annonc\u00e9 en d\u00e9cembre 2020 aux occupants des lieux que leur bail ne serait pas renouvel\u00e9. Se\u2019est ensuivi une mobilisation et des recours devant les tribunaux pour tenter de p\u00e9renniser l\u2019activit\u00e9 artistique du local. Les associations de d\u00e9fense du patrimoine <a href=\"https:\/\/actu.fr\/ile-de-france\/paris_75056\/que-sont-devenues-les-statues-centenaires-qui-ornaient-une-facade-de-paris-classee-aux-monuments-historiques_61643652.html\" rel=\"nofollow noopener\" target=\"_blank\">SOS Paris<\/a> et Monts 14 se sont \u00e9galement empar\u00e9es du sujet, et plusieurs <a href=\"https:\/\/www.change.org\/p\/sauvons-l-atelier-de-la-grande-chaumi%C3%A8re\" rel=\"nofollow noopener\" target=\"_blank\">p\u00e9titions<\/a> ont circul\u00e9.<\/p>\n<p>\u00ab\u2009Une histoire qui se termine\u2009\u00bb<\/p>\n<p class=\" wall-content\">Une p\u00e9riode sur laquelle ne souhaite plus s\u2019attarder Serge Zagdanski, alors qu\u2019un <strong>protocole d\u2019accord<\/strong> a finalement \u00e9t\u00e9 trouv\u00e9 en novembre\u00a02024, et des indemnit\u00e9s financi\u00e8res accord\u00e9es aux occupants, selon <a href=\"https:\/\/www.lemonde.fr\/culture\/article\/2025\/06\/04\/l-academie-de-la-grande-chaumiere-a-paris-au-c-ur-d-une-polemique-sur-la-preservation-du-patrimoine_6610521_3246.html\" rel=\"nofollow noopener\" target=\"_blank\">Le Monde<\/a>. \u00ab\u2009Les discussions sont termin\u00e9es, on rend cl\u00e9s du local le 31\u00a0juillet 2025. C\u2019est une <strong>histoire qui se termine<\/strong>, on a eu cinq ans pour faire le deuil. C\u2019est bien \u00e9videmment triste de voir l\u2019acad\u00e9mie quitter son lieu historique, l\u00e0 o\u00f9 elle a exerc\u00e9 depuis 120\u00a0ans. Mais nous continuerons de notre activit\u00e9 sur le m\u00eame format, ailleurs\u2009\u00bb, se borne-t-il \u00e0 nous expliquer au t\u00e9l\u00e9phone. Les ateliers se tiendront dans un second local de la rue Jules Chaplain, toute proche, en attendant de trouver un lieu plus p\u00e9renne.<\/p>\n<p class=\" wall-content\">Patrice Maire, r\u00e9dacteur en chef de la revue Monts 14, se d\u00e9sole encore de cette issue. \u00ab\u2009On est catastroph\u00e9s par la disparition du site de la Grande Chaumi\u00e8re, qui encore aujourd\u2019hui, est tr\u00e8s en avance sur son temps. Les deux fondatrices avaient cr\u00e9\u00e9 ce lieu pour <strong>que les femmes puissent avoir un lieu pratiquer<\/strong>. Elles avaient la possibilit\u00e9 de dessiner sur des mod\u00e8les masculins nus. Avec cette d\u00e9localisation, on va perdre l\u2019esprit des lieux\u2009\u00bb.<\/p>\n<p>\u00ab\u2009L\u2019endroit aurait tr\u00e8s bien pu dispara\u00eetre\u2009\u00bb<\/p>\n<p class=\" wall-content\">Engag\u00e9 sur le dossier, Jean-Pierre Lecoq, maire (LR) du 6e arrondissement, ne cache pas son \u00e9nervement face \u00ab\u2009aux op\u00e9rations de retardement qui ont fait perdre pas mal de temps\u2009\u00bb. Il se f\u00e9licite d\u2019avoir trouv\u00e9 lui-m\u00eame le nouveau propri\u00e9taire, qui cherchait un bien pr\u00e8s de Montparnasse, nous explique-t-il. Ancien avocat, Alexandre Gar\u00e8se est un investisseur fran\u00e7ais domicili\u00e9 en Suisse, qui a fait fortune en Russie. Il g\u00e8re aujourd\u2019hui deux fonds dans les \u00e9nergies d\u00e9carbon\u00e9es, et son capital est \u00e9tabli \u00e0 300\u00a0millions d\u2019euros, selon le magazine <a href=\"https:\/\/www.challenges.fr\/classements\/fortune\/alexandre-garese_26967\" rel=\"nofollow noopener\" target=\"_blank\">Challenges<\/a>.<\/p>\n<p class=\" wall-content\">\u00ab\u2009C\u2019est un homme qui a de la culture, il a entendu parler de Montparnasse parce qu\u2019il a achet\u00e9 une maison \u00e0 proximit\u00e9, il est tomb\u00e9 amoureux de ce quartier\u2009\u00bb, salue l\u2019\u00e9dile. \u00ab\u2009J\u2019estime que j\u2019ai assum\u00e9 mes missions, <strong>j\u2019ai trouv\u00e9 un m\u00e9c\u00e8ne qui veut maintenir la vocation culturelle de l\u2019endroit<\/strong>, qui aurait tr\u00e8s bien pu dispara\u00eetre comme bien d\u2019autres avant lui. La <a href=\"https:\/\/actu.fr\/ile-de-france\/paris_75056\/le-lieu-est-mort-a-paris-sous-la-tour-montparnasse-un-centre-commercial-au-bord-du-gouffre_62513492.html\" rel=\"nofollow noopener\" target=\"_blank\">tour Montparnasse<\/a> a fichu en l\u2019air 400 ateliers d\u2019artiste\u2009\u00bb, contextualise l\u2019\u00e9lu. Et d\u2019ajouter\u2009: \u00ab\u2009Sans ce rachat, la Grande Chaumi\u00e8re pourrait \u00eatre actuellement <a href=\"https:\/\/actu.fr\/ile-de-france\/paris_75056\/on-ne-compte-pas-a-paris-l-arrivee-d-airbnb-dans-cette-petite-rue-bucolique-exaspere-des-habitants_62429861.html\" rel=\"nofollow noopener\" target=\"_blank\">transform\u00e9e en meubl\u00e9 de tourisme<\/a>, comme certains ont confondu avec un projet situ\u00e9 derri\u00e8re la parcelle\u2009\u00bb, tacle-t-il.<\/p>\n<p class=\" wall-content\">La<a href=\"https:\/\/actu.fr\/paris\/\" rel=\"nofollow noopener\" target=\"_blank\"> Ville de Paris<\/a>, de son c\u00f4t\u00e9, n\u2019a jamais voulu pr\u00e9empter le b\u00e2timent, malgr\u00e9 les sollicitations du maire d\u2019arrondissement. \u00ab\u2009Je leur ai pourtant \u00e9crit, pour attirer leur attention sur ce lieu embl\u00e9matique, sur son historicit\u00e9. La r\u00e9ponse, n\u00e9gative, \u00e9tait lapidaire.\u2009\u00bb<\/p>\n<p>\u00ab\u2009Le site va garder une activit\u00e9 culturelle\u2009\u00bb<\/p>\n<p class=\" wall-content\">Le b\u00e2timent n\u2019est pas prot\u00e9g\u00e9 au titre des <strong>monuments historiques<\/strong>. La demande de classement, elle, n\u2019a pas \u00e9t\u00e9 jusqu\u2019au bout, malgr\u00e9 un dossier compl\u00e8tement instruit par la commission, rapporte le maire. \u00ab\u2009Maintenant, \u00e7a n\u2019a plus qu\u2019un int\u00e9r\u00eat moyen, puisque le permis de construire a \u00e9t\u00e9 attribu\u00e9 sur la base d\u2019une r\u00e9novation des lieux.\u2009\u00bb Or, la r\u00e9habilitation est urgente, admet volontiers Serge Zagdanski. \u00ab\u2009Le b\u00e2timent est dans <strong>un \u00e9tat proche de l\u2019obsolescence<\/strong>. Il a d\u00e9j\u00e0 tenu plus d\u2019un si\u00e8cle, les mat\u00e9riaux sont tr\u00e8s ab\u00eem\u00e9s. On n\u2019aurait pas pu exploiter le site ind\u00e9finiment.\u2009\u00bb<\/p>\n<p class=\" wall-content\">Un <strong>lourd chantier<\/strong> s\u2019annonce donc. L\u2019\u00e9dile esp\u00e8re d\u00e9sormais voir les travaux d\u00e9marrer pendant l\u2019hiver 2025. Le <strong>projet culturel<\/strong>, lui, reste encore flou. \u00ab\u2009On a perdu quatre ans en raison des recours des associations qui occupaient les lieux, des gens qui ont p\u00e9titionn\u00e9 dans tous les sens. Tant que la situation \u00e9tait gel\u00e9e, le propri\u00e9taire n\u2019a pas avanc\u00e9 dessus\u2009\u00bb, justifie-t-il.<\/p>\n<p><a class=\"jo-module-caroussel__img-container\" href=\"https:\/\/static.actu.fr\/uploads\/2025\/06\/gchau-page-ref.jpg\" title=\"Agrandir la photo Vues d\u2019artistes du futur projet architectural. (\u00a9  Franklin Azzi Architecture)\" data-idx=\"1\" rel=\"nofollow noopener\" target=\"_blank\"><br \/>\n    <img decoding=\"async\" class=\"jo-module-caroussel__img\" loading=\"lazy\" src=\"https:\/\/www.europesays.com\/fr\/wp-content\/uploads\/2025\/06\/gchau-page-ref-640x427.jpg\" alt=\"Vues d\u2019artistes du futur projet architectural. (\u00a9  Franklin Azzi Architecture)\" width=\"640\" height=\"427\"\/><\/a><a class=\"jo-module-caroussel__img-container\" href=\"https:\/\/static.actu.fr\/uploads\/2025\/06\/design-sans-titre-2025-06-19t160826376.png\" title=\"Agrandir la photo \" data-idx=\"2\" rel=\"nofollow noopener\" target=\"_blank\"><br \/>\n    <img decoding=\"async\" class=\"jo-module-caroussel__img\" loading=\"lazy\" src=\"https:\/\/www.europesays.com\/fr\/wp-content\/uploads\/2025\/06\/design-sans-titre-2025-06-19t160826376-640x427.png\" alt=\"\" width=\"640\" height=\"427\"\/><\/a><\/p>\n<p class=\" wall-content\">Les grandes lignes se r\u00e9sument donc pour le moment \u00e0 quelques g\u00e9n\u00e9ralit\u00e9s \u2013 \u00ab\u2009un projet en continuit\u00e9 du pass\u00e9 du lieu conservant et r\u00e9interpr\u00e9tant son identit\u00e9\u2009\u00bb, indique Ma, la soci\u00e9t\u00e9 d\u2019assistance \u00e0 ma\u00eetrise d\u2019ouvrage, <a href=\"https:\/\/www.just-ma.com\/references\/academie-de-la-grande-chaumiere\/\" rel=\"nofollow noopener\" target=\"_blank\">sur son site<\/a> \u2013 et des hypoth\u00e8ses. \u00ab\u2009Le site va garder une activit\u00e9 culturelle, vraisemblablement des cours de dessins. D\u2019autres formes d\u2019art pourraient \u00eatre expos\u00e9es. Une partie pourrait \u00eatre d\u00e9di\u00e9e \u00e0 l\u2019exposition des collections personnelles du propri\u00e9taire\u2009\u00bb, fait savoir Jean-Pierre Lecoq. Avant de d\u00e9m\u00e9nager, l\u2019acad\u00e9mie de la Grande Chaumi\u00e8re fera ses derni\u00e8res portes ouvertes samedi 28\u00a0juin.<\/p>\n<p class=\" wall-content\">Suivez toute l\u2019actualit\u00e9 de vos villes et m\u00e9dias favoris en vous inscrivant \u00e0 <a href=\"https:\/\/moncompte.actu.fr\" title=\"D\u00e9couvez Mon Actu\" rel=\"nofollow noopener\" data-trk=\"{&quot;cta&quot;:{&quot;action&quot;:&quot;https:\\\/\\\/moncompte.actu.fr&quot;,&quot;category&quot;:&quot;mon compte&quot;,&quot;from&quot;:&quot;article footer&quot;,&quot;name&quot;:&quot;Mon actu&quot;,&quot;type&quot;:&quot;cta&quot;}}\" target=\"_blank\">Mon Actu<\/a>.<\/p>\n","protected":false},"excerpt":{"rendered":"Par Emilie Salabelle Publi\u00e9 le 22 juin 2025 \u00e0 7h22 Elle est l\u2019h\u00e9riti\u00e8re d\u2019un Montparnasse r\u00e9volu. Sous sa&hellip;\n","protected":false},"author":2,"featured_media":196261,"comment_status":"","ping_status":"","sticky":false,"template":"","format":"standard","meta":{"footnotes":""},"categories":[1888],"tags":[11,1777,674,1011,27,937,1116,12,626,2551,25,104],"class_list":{"0":"post-196260","1":"post","2":"type-post","3":"status-publish","4":"format-standard","5":"has-post-thumbnail","7":"category-paris","8":"tag-actualites","9":"tag-eu","10":"tag-europe","11":"tag-fr","12":"tag-france","13":"tag-histoire","14":"tag-immobilier","15":"tag-news","16":"tag-paris","17":"tag-patrimoine","18":"tag-republique-francaise","19":"tag-societe"},"share_on_mastodon":{"url":"https:\/\/pubeurope.com\/@fr\/114728094260290510","error":""},"_links":{"self":[{"href":"https:\/\/www.europesays.com\/fr\/wp-json\/wp\/v2\/posts\/196260","targetHints":{"allow":["GET"]}}],"collection":[{"href":"https:\/\/www.europesays.com\/fr\/wp-json\/wp\/v2\/posts"}],"about":[{"href":"https:\/\/www.europesays.com\/fr\/wp-json\/wp\/v2\/types\/post"}],"author":[{"embeddable":true,"href":"https:\/\/www.europesays.com\/fr\/wp-json\/wp\/v2\/users\/2"}],"replies":[{"embeddable":true,"href":"https:\/\/www.europesays.com\/fr\/wp-json\/wp\/v2\/comments?post=196260"}],"version-history":[{"count":0,"href":"https:\/\/www.europesays.com\/fr\/wp-json\/wp\/v2\/posts\/196260\/revisions"}],"wp:featuredmedia":[{"embeddable":true,"href":"https:\/\/www.europesays.com\/fr\/wp-json\/wp\/v2\/media\/196261"}],"wp:attachment":[{"href":"https:\/\/www.europesays.com\/fr\/wp-json\/wp\/v2\/media?parent=196260"}],"wp:term":[{"taxonomy":"category","embeddable":true,"href":"https:\/\/www.europesays.com\/fr\/wp-json\/wp\/v2\/categories?post=196260"},{"taxonomy":"post_tag","embeddable":true,"href":"https:\/\/www.europesays.com\/fr\/wp-json\/wp\/v2\/tags?post=196260"}],"curies":[{"name":"wp","href":"https:\/\/api.w.org\/{rel}","templated":true}]}}