{"id":196266,"date":"2025-06-22T17:04:16","date_gmt":"2025-06-22T17:04:16","guid":{"rendered":"https:\/\/www.europesays.com\/fr\/196266\/"},"modified":"2025-06-22T17:04:16","modified_gmt":"2025-06-22T17:04:16","slug":"kiev-promet-dintensifier-ses-frappes-en-profondeur-en-russie-2","status":"publish","type":"post","link":"https:\/\/www.europesays.com\/fr\/196266\/","title":{"rendered":"Kiev promet d&rsquo;intensifier ses frappes en profondeur en Russie"},"content":{"rendered":"<p>Le commandant en chef des arm\u00e9es ukrainiennes, Oleksandr Syrsky, a assur\u00e9 que l&rsquo;Ukraine allait intensifier ses frappes contre des cibles militaires russes en profondeur en Russie, trois semaines apr\u00e8s une attaque spectaculaire contre des bases a\u00e9riennes recul\u00e9es dans ce pays.<\/p>\n<p>La veille de n\u00e9gociations entre Kiev et Moscou \u00e0 Istanbul, le 2 juin, l&rsquo;Ukraine avait frapp\u00e9 plusieurs a\u00e9rodromes russes, jusqu&rsquo;\u00e0 des milliers de kilom\u00e8tres de ses fronti\u00e8res, apr\u00e8s avoir introduit clandestinement en Russie des drones explosifs pendant une op\u00e9ration complexe.<\/p>\n<p>Selon Kiev, cette attaque &#8211; une riposte visant l&rsquo;arm\u00e9e de l&rsquo;air russe qui frappe quasiment quotidiennement l&rsquo;Ukraine &#8211; avait d\u00e9truit ou endommag\u00e9 de nombreux avions militaires.<\/p>\n<p>Lors d&rsquo;une rencontre avec des journalistes samedi, sous embargo jusqu&rsquo;\u00e0 dimanche, Oleksandr Syrsky a affirm\u00e9 que de telles attaques se poursuivraient.<\/p>\n<p>\u00ab\u00a0Bien s\u00fbr, nous continuerons. Nous augmenterons l&rsquo;ampleur et la profondeur\u00a0\u00bb, a-t-il affirm\u00e9, estimant que ces frappes s&rsquo;av\u00e9raient \u00ab\u00a0efficaces\u00a0\u00bb et pr\u00e9cisant que Kiev n&rsquo;attaquerait que des cibles militaires.<\/p>\n<p>\u00ab\u00a0Nous ne nous contenterons pas de rester en d\u00e9fense. Parce que cela n&rsquo;apporte rien et conduit finalement au fait que nous reculons, perdons des hommes et des territoires,\u00a0\u00bb a-t-il ajout\u00e9.<\/p>\n<p>&#8211; N\u00e9gociations dans l&rsquo;impasse &#8211;<\/p>\n<p>Les commentaires de M. Syrsky interviennent alors que les efforts diplomatiques pour mettre fin \u00e0 la guerre d\u00e9clench\u00e9e par l&rsquo;invasion russe \u00e0 grande \u00e9chelle de l&rsquo;Ukraine, en f\u00e9vrier 2022, sont au point mort.<\/p>\n<p>La derni\u00e8re r\u00e9union entre les deux parties remonte \u00e0 pr\u00e8s de trois semaines et aucun pourparler de suivi n&rsquo;a \u00e9t\u00e9 programm\u00e9.<\/p>\n<p>Ce conflit arm\u00e9, le plus intense en Europe depuis la Deuxi\u00e8me guerre mondiale, se d\u00e9roule depuis plus de trois ans et a fait, a minima, des dizaines de milliers de morts dans les deux camps.<\/p>\n<p>Parmi les civils, tous les jours, des frappes d&rsquo;artillerie et a\u00e9riennes font de nouvelles victimes.<\/p>\n<p>Dimanche, les autorit\u00e9s ukrainiennes ont annonc\u00e9 qu&rsquo;un homme avait \u00e9t\u00e9 tu\u00e9 par un bombardement russe \u00e0 Kherson (sud) et, selon un nouveau bilan, quatre personnes dans une frappe dans la nuit de samedi \u00e0 dimanche \u00e0 Kramatorsk (est).<\/p>\n<p>Par ailleurs, un adolescent de 17 ans a \u00e9t\u00e9 tu\u00e9 par une frappe russe \u00e0 Sloviansk (est). Sa m\u00e8re et deux autres habitants ont \u00e9t\u00e9 bless\u00e9s, selon le parquet de la r\u00e9gion de Donetsk.<\/p>\n<p>Trois personnes ont \u00e9galement tu\u00e9es, et onze autres bless\u00e9es, lors d&rsquo;un bombardement dimanche sur un terrain d&rsquo;entra\u00eenement militaire ukrainien, a annonc\u00e9 l&rsquo;arm\u00e9e de Kiev.<\/p>\n<p>&#8211; Drones \u00e0 fibre optique &#8211;<\/p>\n<p>Malgr\u00e9 de lourdes pertes, les forces russes poursuivent sur le front des actions offensives, grignotant du terrain dans certains secteurs, face \u00e0 des troupes ukrainiennes moins nombreuses et moins bien \u00e9quip\u00e9es.<\/p>\n<p>La Russie, en d\u00e9pit des sanctions occidentales cens\u00e9es affaiblir son \u00e9conomie, a investi de gigantesques sommes pour faire tourner son industrie militaire.<\/p>\n<p>Oleksandr Syrsky a d&rsquo;ailleurs reconnu que Moscou avait certains avantages dans la guerre par drones, notamment dans la fabrication de drones \u00e0 fibre optique dont les syst\u00e8mes sont difficiles \u00e0 brouiller.<\/p>\n<p>\u00ab\u00a0Ici, malheureusement, ils ont un avantage \u00e0 la fois en nombre et en port\u00e9e de leur utilisation,\u00a0\u00bb a-t-il d\u00e9clar\u00e9.<\/p>\n<p>En d\u00e9pit de son inf\u00e9riorit\u00e9 num\u00e9rique, l&rsquo;arm\u00e9e ukrainienne a entrepris, depuis l&rsquo;invasion de 2022, de multiples offensives.<\/p>\n<p>En ao\u00fbt 2024, elle avait notamment attaqu\u00e9 par surprise la r\u00e9gion frontali\u00e8re russe de Koursk, s&#8217;emparant de centaines de kilom\u00e8tres carr\u00e9s avant d&rsquo;en \u00eatre d\u00e9log\u00e9e au printemps par les forces russes soutenues par un contingent nord-cor\u00e9en.<\/p>\n<p>&#8211; Pression sur Soumy &#8211;<\/p>\n<p>Oleksandr Syrsky a, lui, assur\u00e9 que l&rsquo;Ukraine d\u00e9tenait toujours 90 kilom\u00e8tres carr\u00e9s dans cette r\u00e9gion.\u00a0\u00bbCe sont nos actions pr\u00e9ventives en r\u00e9ponse \u00e0 une possible offensive ennemie,\u00a0\u00bb a-t-il dit.<\/p>\n<p>La Russie avait d\u00e9clar\u00e9 en avril avoir pris le contr\u00f4le total de la r\u00e9gion de Koursk et nie que Kiev y ait maintenu une pr\u00e9sence.<\/p>\n<p>Par la suite, Moscou a lanc\u00e9 des attaques dans la r\u00e9gion ukrainienne voisine de Soumy, s&#8217;emparant de plusieurs localit\u00e9s et disant vouloir y constituer une zone tampon.<\/p>\n<p>Cette semaine, le pr\u00e9sident russe Vladimir Poutine a dit ne pas exclure la prise de la ville de Soumy, la capitale r\u00e9gionale.<\/p>\n<p>Le commandant ukrainien Oleksandr Syrsky a pour sa part assur\u00e9 que son arm\u00e9e avait \u00ab\u00a0stopp\u00e9\u00a0\u00bb des op\u00e9rations offensives dans la r\u00e9gion, assurant que la situation \u00e9tait \u00ab\u00a0stabilis\u00e9e\u00a0\u00bb et que Kiev y avait repris le contr\u00f4le d&rsquo;un village, Andri\u00efvka.<\/p>\n<p>Moscou occupe actuellement environ un cinqui\u00e8me de l&rsquo;Ukraine et a d\u00e9j\u00e0 revendiqu\u00e9 l&rsquo;annexion de quatre r\u00e9gions ukrainiennes, en plus de la p\u00e9ninsule de Crim\u00e9e, qu&rsquo;elle a envahie en 2014.<\/p>\n<p>Kiev a accus\u00e9 Moscou de saboter d\u00e9lib\u00e9r\u00e9ment un accord de paix afin de saisir plus de territoire.<\/p>\n<p>ant-cad-rco\/thm<\/p>\n","protected":false},"excerpt":{"rendered":"Le commandant en chef des arm\u00e9es ukrainiennes, Oleksandr Syrsky, a assur\u00e9 que l&rsquo;Ukraine allait intensifier ses frappes contre&hellip;\n","protected":false},"author":2,"featured_media":196267,"comment_status":"","ping_status":"","sticky":false,"template":"","format":"standard","meta":{"footnotes":""},"categories":[1590],"tags":[11,33441,33548,1777,674,11229,5493,1916,12,33440,220],"class_list":{"0":"post-196266","1":"post","2":"type-post","3":"status-publish","4":"format-standard","5":"has-post-thumbnail","7":"category-ukraine","8":"tag-actualites","9":"tag-commandant-en-chef","10":"tag-commandant-en-chef-des-armees","11":"tag-eu","12":"tag-europe","13":"tag-kiev","14":"tag-lukraine","15":"tag-moscou","16":"tag-news","17":"tag-oleksandr-syrsky","18":"tag-ukraine"},"share_on_mastodon":{"url":"https:\/\/pubeurope.com\/@fr\/114728105883516715","error":""},"_links":{"self":[{"href":"https:\/\/www.europesays.com\/fr\/wp-json\/wp\/v2\/posts\/196266","targetHints":{"allow":["GET"]}}],"collection":[{"href":"https:\/\/www.europesays.com\/fr\/wp-json\/wp\/v2\/posts"}],"about":[{"href":"https:\/\/www.europesays.com\/fr\/wp-json\/wp\/v2\/types\/post"}],"author":[{"embeddable":true,"href":"https:\/\/www.europesays.com\/fr\/wp-json\/wp\/v2\/users\/2"}],"replies":[{"embeddable":true,"href":"https:\/\/www.europesays.com\/fr\/wp-json\/wp\/v2\/comments?post=196266"}],"version-history":[{"count":0,"href":"https:\/\/www.europesays.com\/fr\/wp-json\/wp\/v2\/posts\/196266\/revisions"}],"wp:featuredmedia":[{"embeddable":true,"href":"https:\/\/www.europesays.com\/fr\/wp-json\/wp\/v2\/media\/196267"}],"wp:attachment":[{"href":"https:\/\/www.europesays.com\/fr\/wp-json\/wp\/v2\/media?parent=196266"}],"wp:term":[{"taxonomy":"category","embeddable":true,"href":"https:\/\/www.europesays.com\/fr\/wp-json\/wp\/v2\/categories?post=196266"},{"taxonomy":"post_tag","embeddable":true,"href":"https:\/\/www.europesays.com\/fr\/wp-json\/wp\/v2\/tags?post=196266"}],"curies":[{"name":"wp","href":"https:\/\/api.w.org\/{rel}","templated":true}]}}