{"id":196279,"date":"2025-06-22T17:11:10","date_gmt":"2025-06-22T17:11:10","guid":{"rendered":"https:\/\/www.europesays.com\/fr\/196279\/"},"modified":"2025-06-22T17:11:10","modified_gmt":"2025-06-22T17:11:10","slug":"douze-morts-apres-le-lynchage-dinvites-musulmans-a-un-mariage","status":"publish","type":"post","link":"https:\/\/www.europesays.com\/fr\/196279\/","title":{"rendered":"Douze morts apr\u00e8s le lynchage d\u2019invit\u00e9s musulmans \u00e0 un mariage"},"content":{"rendered":"<p>Il n\u2019y a pas que dans le Vaucluse que <a href=\"https:\/\/www.20minutes.fr\/faits_divers\/4159777-20250622-luberon-deux-morts-trois-blesses-graves-fusillade-fin-mariage\" class=\"color-ultramarine c-link\" target=\"_blank\" rel=\"noopener\">les mariages sont sanglants<\/a>. Au <a href=\"https:\/\/www.20minutes.fr\/monde\/nigeria\/\" class=\"color-ultramarine c-link\" target=\"_blank\" rel=\"noopener\">Nigeria<\/a>, douze invit\u00e9s musulmans d\u2019un <a href=\"https:\/\/www.20minutes.fr\/dossier\/mariage\" class=\"color-ultramarine c-link\" target=\"_blank\" rel=\"noopener\">mariage<\/a> ont \u00e9t\u00e9 tu\u00e9s dans le centre du pays. Parmi eux se trouvaient le p\u00e8re et le fr\u00e8re du mari\u00e9. Un lynchage \u00ab\u00a0inacceptable et barbare\u00a0\u00bb pour le pr\u00e9sident Bola Tinubu. Il s\u2019agit de la derni\u00e8re attaque en date dans l\u2019\u00c9tat de Plateau, une r\u00e9gion o\u00f9 les tensions sont vives apr\u00e8s une s\u00e9rie d\u2019attaques sanglantes ces derniers jours.<\/p>\n<p>Des bergers musulmans nomades de l\u2019ethnie peule sont notamment soup\u00e7onn\u00e9s d\u2019avoir tu\u00e9 r\u00e9cemment des dizaines de personnes dans la zone de gouvernement local de Mangu, o\u00f9 le drame a eu lieu.<\/p>\n<p>Selon la police, les survivants et des organisations locales, une trentaine de personnes qui se rendaient en bus \u00e0 un mariage se sont \u00e9gar\u00e9es, se sont arr\u00eat\u00e9es pour demander leur chemin et ont \u00e9t\u00e9 accost\u00e9es par une foule en col\u00e8re. Elles ont ensuite \u00e9t\u00e9 attaqu\u00e9es \u00e0 coups de b\u00e2tons, de machettes et de pierres et leur bus a \u00e9t\u00e9 incendi\u00e9, a d\u00e9clar\u00e9 un survivant \u00e0 l\u2019AFP. Dans un premier temps, les autorit\u00e9s avaient confirm\u00e9 la mort de huit personnes et quatre \u00e9taient port\u00e9es disparues.<\/p>\n<p>Vingt-deux suspects arr\u00eat\u00e9s<\/p>\n<p>Le pr\u00e9sident nig\u00e9rian a ordonn\u00e9 l\u2019arrestation et la punition des coupables, tout en exhortant le gouvernement de l\u2019\u00c9tat de Plateau \u00e0 \u00ab\u00a0prendre des mesures d\u00e9cisives pour mettre un terme \u00e0 ces cycles cruels de violence\u00a0\u00bb. La police a d\u00e9clar\u00e9 avoir arr\u00eat\u00e9 22 suspects en rapport avec l\u2019attaque.<\/p>\n<p>Dans cet \u00c9tat, les \u00e9leveurs peuls musulmans sont depuis longtemps en conflit avec les agriculteurs s\u00e9dentaires, dont beaucoup sont chr\u00e9tiens, pour l\u2019acc\u00e8s aux terres et aux ressources.<\/p>\n","protected":false},"excerpt":{"rendered":"Il n\u2019y a pas que dans le Vaucluse que les mariages sont sanglants. Au Nigeria, douze invit\u00e9s musulmans&hellip;\n","protected":false},"author":2,"featured_media":196280,"comment_status":"","ping_status":"","sticky":false,"template":"","format":"standard","meta":{"footnotes":""},"categories":[2],"tags":[47,11,1011,27,9464,1930,777,74,28052,12,4778,25],"class_list":{"0":"post-196279","1":"post","2":"type-post","3":"status-publish","4":"format-standard","5":"has-post-thumbnail","7":"category-actualites","8":"tag-actualite","9":"tag-actualites","10":"tag-fr","11":"tag-france","12":"tag-lynchage","13":"tag-mariage","14":"tag-meurtre","15":"tag-monde","16":"tag-musulman","17":"tag-news","18":"tag-nigeria","19":"tag-republique-francaise"},"share_on_mastodon":{"url":"https:\/\/pubeurope.com\/@fr\/114728133353463540","error":""},"_links":{"self":[{"href":"https:\/\/www.europesays.com\/fr\/wp-json\/wp\/v2\/posts\/196279","targetHints":{"allow":["GET"]}}],"collection":[{"href":"https:\/\/www.europesays.com\/fr\/wp-json\/wp\/v2\/posts"}],"about":[{"href":"https:\/\/www.europesays.com\/fr\/wp-json\/wp\/v2\/types\/post"}],"author":[{"embeddable":true,"href":"https:\/\/www.europesays.com\/fr\/wp-json\/wp\/v2\/users\/2"}],"replies":[{"embeddable":true,"href":"https:\/\/www.europesays.com\/fr\/wp-json\/wp\/v2\/comments?post=196279"}],"version-history":[{"count":0,"href":"https:\/\/www.europesays.com\/fr\/wp-json\/wp\/v2\/posts\/196279\/revisions"}],"wp:featuredmedia":[{"embeddable":true,"href":"https:\/\/www.europesays.com\/fr\/wp-json\/wp\/v2\/media\/196280"}],"wp:attachment":[{"href":"https:\/\/www.europesays.com\/fr\/wp-json\/wp\/v2\/media?parent=196279"}],"wp:term":[{"taxonomy":"category","embeddable":true,"href":"https:\/\/www.europesays.com\/fr\/wp-json\/wp\/v2\/categories?post=196279"},{"taxonomy":"post_tag","embeddable":true,"href":"https:\/\/www.europesays.com\/fr\/wp-json\/wp\/v2\/tags?post=196279"}],"curies":[{"name":"wp","href":"https:\/\/api.w.org\/{rel}","templated":true}]}}