{"id":196289,"date":"2025-06-22T17:18:16","date_gmt":"2025-06-22T17:18:16","guid":{"rendered":"https:\/\/www.europesays.com\/fr\/196289\/"},"modified":"2025-06-22T17:18:16","modified_gmt":"2025-06-22T17:18:16","slug":"morbidelli-plaide-coupable-vinales-est-deja-passe-a-autre-chose","status":"publish","type":"post","link":"https:\/\/www.europesays.com\/fr\/196289\/","title":{"rendered":"Morbidelli plaide coupable, Vi\u00f1ales est d\u00e9j\u00e0 pass\u00e9 \u00e0 autre chose"},"content":{"rendered":"<p>Tr\u00e8s en vue depuis le d\u00e9but du week-end, <a href=\"https:\/\/fr.motorsport.com\/driver\/maverick-vinales\/96553\/\" target=\"_blank\" rel=\"noopener\">Maverick Vi\u00f1ales<\/a> n&rsquo;a pas \u00e9t\u00e9 r\u00e9compens\u00e9 en course au Grand Prix d&rsquo;Italie. Cinqui\u00e8me sur la grille, quatri\u00e8me du sprint la veille, le pilote Tech3 pouvait nourrir de grandes ambitions, mais elles ont \u00e9t\u00e9 an\u00e9anties par une man\u0153uvre t\u00e9m\u00e9raire de <a href=\"https:\/\/fr.motorsport.com\/driver\/franco-morbidelli\/109417\/\" target=\"_blank\" rel=\"noopener\">Franco Morbidelli<\/a>. En voulant reprendre l&rsquo;avantage alors qu&rsquo;ils se battaient pour la quatri\u00e8me place, l&rsquo;Italien a envoy\u00e9 l&rsquo;Espagnol \u00e0 terre, le contraignant \u00e0 l&rsquo;abandon.\u00a0<\/p>\n<p>Si\u00a0Maverick Vi\u00f1ales s&rsquo;est montr\u00e9 tr\u00e8s \u00e9nerv\u00e9 juste apr\u00e8s la chute, adressant des gestes d&rsquo;\u00e9nervement \u00e0 son adversaire qui a pu continuer la course, il est toutefois apparu tr\u00e8s philosophe et apais\u00e9 devant la presse. Il ne veut rien laisser venir troubler la satisfaction de trouver des sensations chaque jour meilleures sur la KTM.<\/p>\n<p>\u00ab\u00a0Honn\u00eatement, j&rsquo;\u00e9tais compl\u00e8tement devant car je l&rsquo;avais d\u00e9pass\u00e9 \u00e0 la sortie du virage 2\u00a0\u00bb, explique-t-il quant \u00e0 l&rsquo;incident. \u00ab\u00a0Si je vois sa roue, je vais tout droit et c&rsquo;est OK, mais je ne l&rsquo;ai m\u00eame pas vu, et je n&rsquo;ai pas vu les images. J&rsquo;ai juste senti un choc et je me suis retrouv\u00e9 sans ma moto. Je ne sais pas, c&rsquo;est la course.\u00a0\u00bb<\/p>\n<p>\u00a0<\/p>\n<p>\u00ab\u00a0Je veux conclure ce week-end avec des sensations positives, en retenant le feeling que l&rsquo;on a eu tout le week-end. On \u00e9tait l\u00e0, on s&rsquo;est battu contre les Ducati. On doit \u00eatre satisfait. Maintenant, on arrive sur des circuits qui sont plut\u00f4t bons pour moi, alors continuons sur cette dynamique. Ce n&rsquo;est pas le moment d&rsquo;avoir des regrets ou de se dire qu&rsquo;il y a peut-\u00eatre eu quelque chose de mal. Il est temps de penser \u00e0 la prochaine course et \u00e0 ce que l&rsquo;on peut faire de mieux.\u00a0\u00bb<\/p>\n<p>Franco Morbidelli, lui, a \u00e9t\u00e9 sanctionn\u00e9 d&rsquo;un long-lap, qu&rsquo;il a d\u00fb refaire apr\u00e8s avoir d\u00e9pass\u00e9 les limites de piste lors du premier.\u00a0\u00ab\u00a0C&rsquo;est le travail des commissaires et ce sont eux qui donnent des p\u00e9nalit\u00e9s\u00a0\u00bb, a r\u00e9agi Maverick Vi\u00f1ales, refusant de donner son avis sur la s\u00e9v\u00e9rit\u00e9 ou non de la sanction. \u00ab\u00a0Je ne suis ni contre, ni pour, je suis neutre, il faut accepter les p\u00e9nalit\u00e9s et c&rsquo;est comme \u00e7a.\u00a0\u00bb<\/p>\n<p>Estimant l&rsquo;incident clos, il a pr\u00e9cis\u00e9 que Franco Morbidelli \u00e9tait venu \u00e0 sa rencontre apr\u00e8s l&rsquo;arriv\u00e9e\u00a0: \u00ab\u00a0Il est venu me voir apr\u00e8s la course, il a pr\u00e9sent\u00e9 des excuses. Il a dit qu&rsquo;il avait fait une erreur\u00a0\u00bb.<\/p>\n<p>Morbidelli estime \u00ab\u00a0qu&rsquo;il y avait la place\u00a0\u00bb<br \/>\n   <img decoding=\"async\" draggable=\"false\" src=\"https:\/\/www.europesays.com\/fr\/wp-content\/uploads\/2025\/06\/1750612696_335_franco-morbidelli-vr46-racing-.jpg\" alt=\"Franco Morbidelli a sauv\u00e9 la sixi\u00e8me place.\" width=\"1200\" height=\"800\" loading=\"lazy\"\/> <\/p>\n<p class=\"title\">Franco Morbidelli a sauv\u00e9 la sixi\u00e8me place.<\/p>\n<p class=\"photographer\">Photo de: Gold and Goose Photography \/ LAT Images \/ via Getty Images<\/p>\n<p>Cette erreur, Franco Morbidelli l&rsquo;a en effet reconnue. \u00ab\u00a0Dans la bagarre, on s&rsquo;est touch\u00e9s et il a termin\u00e9 au sol\u00a0\u00bb, regrette le pilote VR46. \u00ab\u00a0Je suis d\u00e9sol\u00e9 de la mani\u00e8re dont ce combat s&rsquo;est termin\u00e9. J&rsquo;ai d\u00fb payer pour \u00e7a, deux fois, parce que dans le premier long-lap j&rsquo;ai fait une erreur. J&rsquo;ai d\u00fb en faire un autre.\u00a0\u00bb<\/p>\n<p>S&rsquo;il \u00ab\u00a0accepte\u00a0\u00bb la sanction des commissaires, il estime toutefois que sa tentative de d\u00e9passement n&rsquo;\u00e9tait pas irr\u00e9fl\u00e9chie.\u00a0\u00ab\u00a0Si j&rsquo;\u00e9tais l\u00e0, c&rsquo;est qu&rsquo;il y avait de la place, c&rsquo;est certain\u00a0\u00bb, estime-t-il. \u00ab\u00a0S&rsquo;il n&rsquo;y avait pas eu de place, je ne me serais pas retrouv\u00e9 l\u00e0.\u00a0\u00bb<\/p>\n<p>Pas certain qu&rsquo;il aurait pu se battre pour le podium comme son co\u00e9quipier <a href=\"https:\/\/fr.motorsport.com\/driver\/fabio-di-giannantonio\/289538\/\" target=\"_blank\" rel=\"noopener\">Fabio Di Giannantonio<\/a>, il nourrit tout de m\u00eame des regrets apr\u00e8s avoir sauv\u00e9 la sixi\u00e8me position \u00e0 l&rsquo;arriv\u00e9e.\u00a0<\/p>\n<p>\u00ab\u00a0Je suis un peu frustr\u00e9 par le r\u00e9sultat de la course, parce qu&rsquo;une fois de plus, j&rsquo;ai le sentiment qu&rsquo;on a atteint le pic de notre potentiel le dimanche\u00a0\u00bb, explique-t-il.\u00a0\u00bb Et \u00e7a s&rsquo;est refl\u00e9t\u00e9 dans le bon d\u00e9part, par la vitesse, par le meilleur tour en course. J&rsquo;ai essay\u00e9 de g\u00e9rer le pneu dans l&rsquo;espoir d&rsquo;avoir plus de potentiel \u00e0 la fin.\u00a0\u00bb <\/p>\n<p>\u00ab\u00a0On n&rsquo;est pas pleinement satisfaits par le r\u00e9sultat, mais il y a assur\u00e9ment beaucoup de choses qui nous permettent d&rsquo;aller de l&rsquo;avant pour les prochains Grands Prix. \u00c7a nous rendra plus forts.\u00a0\u00bb<\/p>\n<p>Lire aussi :<\/p>\n<p>Dans cet article<\/p>\n<p>    Basile Davoine\n<\/p>\n<p>    MotoGP\n<\/p>\n<p>    Maverick Vi\u00f1ales\n<\/p>\n<p>    Franco Morbidelli\n<\/p>\n<p>    Tech 3\n<\/p>\n<p>    Team VR46\n<\/p>\n<p>Soyez le premier inform\u00e9 et souscrivez aux alertes mails pour recevoir les infos en temps r\u00e9el<\/p>\n<p>    S&rsquo;abonner aux alertes de news<\/p>\n","protected":false},"excerpt":{"rendered":"Tr\u00e8s en vue depuis le d\u00e9but du week-end, Maverick Vi\u00f1ales n&rsquo;a pas \u00e9t\u00e9 r\u00e9compens\u00e9 en course au Grand&hellip;\n","protected":false},"author":2,"featured_media":196290,"comment_status":"","ping_status":"","sticky":false,"template":"","format":"standard","meta":{"footnotes":""},"categories":[1413],"tags":[1011,27,7985,31123,5712,1457,1456,1458,31124,60,7276,3374],"class_list":{"0":"post-196289","1":"post","2":"type-post","3":"status-publish","4":"format-standard","5":"has-post-thumbnail","7":"category-moto","8":"tag-fr","9":"tag-france","10":"tag-franco-morbidelli","11":"tag-gp-ditalie","12":"tag-maverick-viu00f1ales","13":"tag-moto","14":"tag-motocycle","15":"tag-motogp","16":"tag-mugello","17":"tag-sports","18":"tag-team-vr46","19":"tag-tech-3"},"share_on_mastodon":{"url":"https:\/\/pubeurope.com\/@fr\/114728160806010103","error":""},"_links":{"self":[{"href":"https:\/\/www.europesays.com\/fr\/wp-json\/wp\/v2\/posts\/196289","targetHints":{"allow":["GET"]}}],"collection":[{"href":"https:\/\/www.europesays.com\/fr\/wp-json\/wp\/v2\/posts"}],"about":[{"href":"https:\/\/www.europesays.com\/fr\/wp-json\/wp\/v2\/types\/post"}],"author":[{"embeddable":true,"href":"https:\/\/www.europesays.com\/fr\/wp-json\/wp\/v2\/users\/2"}],"replies":[{"embeddable":true,"href":"https:\/\/www.europesays.com\/fr\/wp-json\/wp\/v2\/comments?post=196289"}],"version-history":[{"count":0,"href":"https:\/\/www.europesays.com\/fr\/wp-json\/wp\/v2\/posts\/196289\/revisions"}],"wp:featuredmedia":[{"embeddable":true,"href":"https:\/\/www.europesays.com\/fr\/wp-json\/wp\/v2\/media\/196290"}],"wp:attachment":[{"href":"https:\/\/www.europesays.com\/fr\/wp-json\/wp\/v2\/media?parent=196289"}],"wp:term":[{"taxonomy":"category","embeddable":true,"href":"https:\/\/www.europesays.com\/fr\/wp-json\/wp\/v2\/categories?post=196289"},{"taxonomy":"post_tag","embeddable":true,"href":"https:\/\/www.europesays.com\/fr\/wp-json\/wp\/v2\/tags?post=196289"}],"curies":[{"name":"wp","href":"https:\/\/api.w.org\/{rel}","templated":true}]}}