{"id":196297,"date":"2025-06-22T17:22:09","date_gmt":"2025-06-22T17:22:09","guid":{"rendered":"https:\/\/www.europesays.com\/fr\/196297\/"},"modified":"2025-06-22T17:22:09","modified_gmt":"2025-06-22T17:22:09","slug":"il-ne-sen-cache-plus-la-nouvelle-compagne-de-karim-benzema-affole-deja-les-reseaux-avec-ses-photos","status":"publish","type":"post","link":"https:\/\/www.europesays.com\/fr\/196297\/","title":{"rendered":"\u00ab Il ne s\u2019en cache plus \u00bb : la nouvelle compagne de Karim Benzema affole d\u00e9j\u00e0 les r\u00e9seaux avec ses photos"},"content":{"rendered":"<tr>\n<td><strong>EN BREF<\/strong><\/td>\n<\/tr>\n<tr>\n<td>\n<ul>\n<li>\u26bd Karim Benzema, \u00e2g\u00e9 de 37 ans, reste une <strong>r\u00e9f\u00e9rence<\/strong> en tant qu\u2019attaquant, ayant r\u00e9cemment remport\u00e9 le championnat et la coupe nationale en Arabie saoudite.<\/li>\n<li>\ud83c\udfac Lors du Festival de Cannes, Benzema a surpris en apparaissant sur le tapis rouge avec l\u2019actrice Lyna Khoudri, suscitant la curiosit\u00e9 m\u00e9diatique.<\/li>\n<li>\u2764\ufe0f Lyna Khoudri a exprim\u00e9 avec <strong>pudeur<\/strong> son lien sp\u00e9cial avec Benzema lors de l\u2019\u00e9mission Quotidien, confirmant implicitement leur relation.<\/li>\n<li>\ud83d\udcc8 La carri\u00e8re de Benzema est marqu\u00e9e par des succ\u00e8s sportifs impressionnants, tout en captant l\u2019attention par sa vie personnelle intrigante.<\/li>\n<\/ul>\n<\/td>\n<\/tr>\n<p>Karim Benzema, figure embl\u00e9matique du football mondial, continue d\u2019attirer l\u2019attention tant sur le terrain qu\u2019en dehors. \u00c0 37 ans, il d\u00e9montre encore toute sa classe en tant qu\u2019attaquant, notamment en Arabie saoudite o\u00f9 il a r\u00e9cemment remport\u00e9 le championnat et la coupe nationale avec Al-Ittihad. Cependant, c\u2019est un autre aspect de sa vie qui a fait les gros titres r\u00e9cemment. Lors du prestigieux Festival de Cannes, il est apparu aux c\u00f4t\u00e9s de Lyna Khoudri, suscitant la curiosit\u00e9 et les sp\u00e9culations sur leur relation. Ce moment a marqu\u00e9 un tournant dans la perception publique de Benzema, ajoutant une nouvelle dimension \u00e0 sa notori\u00e9t\u00e9.<\/p>\n<p>Karim Benzema, une carri\u00e8re toujours au sommet<\/p>\n<p>\u00c0 37 ans, Karim Benzema reste une v\u00e9ritable l\u00e9gende vivante du football. Apr\u00e8s une brillante carri\u00e8re en Europe, notamment avec le Real Madrid, il a choisi de continuer son aventure en Arabie saoudite. L\u00e0-bas, il n\u2019a pas tard\u00e9 \u00e0 se faire un nom en remportant le championnat national avec Al-Ittihad. Ce succ\u00e8s n\u2019est pas un hasard, mais le fruit d\u2019une rigueur et d\u2019une d\u00e9termination sans faille. Sous contrat jusqu\u2019en 2026, Benzema ne semble pas pr\u00eat \u00e0 raccrocher les crampons. Son engagement et sa passion pour le football sont \u00e9vidents, et il continue de prouver qu\u2019il est l\u2019un des meilleurs attaquants de sa g\u00e9n\u00e9ration. Le parcours de Benzema est une source d\u2019inspiration pour de nombreux jeunes joueurs qui r\u00eavent de suivre ses traces.<\/p>\n<blockquote class=\"wp-embedded-content\" data-secret=\"eUQJkZrVKj\">\n<p><a href=\"https:\/\/foot-anglais.net\/2025\/05\/22\/benzema-explose-de-jalousie-envers-mbappe-cette-tension-inouie-au-real-madrid-devoile-un-cote-sombre-et-inattendu-du-celebre-buteur-francais\/\" target=\"_blank\" rel=\"noopener\">Benzema explose de jalousie envers Mbapp\u00e9 : cette tension inou\u00efe au Real Madrid d\u00e9voile un c\u00f4t\u00e9 sombre et inattendu du c\u00e9l\u00e8bre buteur fran\u00e7ais<\/a><\/p>\n<\/blockquote>\n<p>Une apparition remarqu\u00e9e au Festival de Cannes<\/p>\n<p>Le 23 mai dernier, lors du Festival de Cannes, Karim Benzema a surpris tout le monde en foulant le tapis rouge. Accompagn\u00e9 de Lyna Khoudri, actrice de renom, il n\u2019est pas pass\u00e9 inaper\u00e7u. Cette apparition a suscit\u00e9 de nombreuses questions, notamment sur la nature de leur relation. Bien que le couple n\u2019ait pas confirm\u00e9 leur lien, leur pr\u00e9sence ensemble a suffi \u00e0 alimenter les rumeurs. Cet \u00e9v\u00e9nement a montr\u00e9 une autre facette de Benzema, celle de l\u2019homme en dehors des terrains de football. <strong>La combinaison entre succ\u00e8s sportif et vie personnelle intrigante fait de lui une personnalit\u00e9 fascinante et compl\u00e8te.<\/strong> Cette incursion dans le monde du cin\u00e9ma a \u00e9t\u00e9 une v\u00e9ritable surprise pour ses fans et les m\u00e9dias.<\/p>\n<blockquote class=\"wp-embedded-content\" data-secret=\"0uDxuSbBch\">\n<p><a href=\"https:\/\/foot-anglais.net\/2025\/06\/19\/la-declaration-choc-de-desire-doue-et-rayan-cherki-cette-annonce-bouleversante-qui-va-transformer-le-monde-du-football-francais-pour-toujours\/\" target=\"_blank\" rel=\"noopener\">La d\u00e9claration choc de D\u00e9sir\u00e9 Dou\u00e9 et Rayan Cherki : cette annonce bouleversante qui va transformer le monde du football fran\u00e7ais pour toujours<\/a><\/p>\n<\/blockquote>\n<p>Les premiers mots de Lyna Khoudri sur leur relation<\/p>\n<p>Un mois apr\u00e8s leur apparition \u00e0 Cannes, Lyna Khoudri a enfin bris\u00e9 le silence lors de l\u2019\u00e9mission Quotidien. Invit\u00e9e par Yann Barth\u00e8s, elle a \u00e9t\u00e9 amen\u00e9e \u00e0 commenter une photo d\u2019elle et de Benzema sur le tapis rouge. Avec pudeur, elle a exprim\u00e9 son d\u00e9sir de partager des moments pr\u00e9cieux avec les gens qu\u2019elle aime, confirmant ainsi implicitement la profondeur de leur lien. Cette d\u00e9claration a \u00e9t\u00e9 accueillie avec enthousiasme et humour par le public et les autres invit\u00e9s de l\u2019\u00e9mission. Roschdy Zem, pr\u00e9sent sur le plateau, a \u00e9galement t\u00e9moign\u00e9 de l\u2019effervescence autour de cette r\u00e9v\u00e9lation. Les mots de Lyna Khoudri ont permis de lever une partie du myst\u00e8re entourant leur relation, tout en pr\u00e9servant une part de discr\u00e9tion et de respect mutuel.<\/p>\n<blockquote class=\"wp-embedded-content\" data-secret=\"Rj3spOIinK\">\n<p><a href=\"https:\/\/foot-anglais.net\/2025\/03\/18\/popularite-buzz-influence-acheter-des-fans-com-pourquoi-les-stars-du-foot-lutilisent-pour-dominer-les-reseaux-sociaux\/\" target=\"_blank\" rel=\"noopener\">Popularit\u00e9, buzz, influence\u2026 Acheter-des-Fans.com, pourquoi les stars du foot l\u2019utilisent pour dominer les r\u00e9seaux sociaux<\/a><\/p>\n<\/blockquote>\n<p>Un tableau de la carri\u00e8re de Benzema<\/p>\n<tr>\nAnn\u00e9e<br \/>\n\u00c9v\u00e9nement marquant<br \/>\n<\/tr>\n<tr>\n<td>2009<\/td>\n<td>Transfert au Real Madrid<\/td>\n<\/tr>\n<tr>\n<td>2022<\/td>\n<td>Ballon d\u2019Or<\/td>\n<\/tr>\n<tr>\n<td>2023<\/td>\n<td>Champion d\u2019Arabie saoudite avec Al-Ittihad<\/td>\n<\/tr>\n<p>La vie de Karim Benzema est un m\u00e9lange fascinant de succ\u00e8s sportif et de moments personnels captivants. Son apparition au Festival de Cannes aux c\u00f4t\u00e9s de Lyna Khoudri a ajout\u00e9 une nouvelle dimension \u00e0 son image publique, suscitant l\u2019int\u00e9r\u00eat et l\u2019admiration. Alors que sa carri\u00e8re sur le terrain continue de briller, sa vie personnelle semble \u00e9galement \u00eatre \u00e9panouissante. Ces deux aspects de sa vie ne cessent d\u2019\u00e9voluer, et il reste \u00e0 voir comment ils influenceront son avenir. Quelle sera la prochaine \u00e9tape pour Benzema, tant sur le plan professionnel que personnel ?<\/p>\n<p>L\u2019auteur s\u2019est appuy\u00e9 sur l\u2019intelligence artificielle pour enrichir cet article.<\/p>\n<p id=\"rating\">\u00c7a vous a plu ?\u00a04.6\/5 (24)<\/p>\n","protected":false},"excerpt":{"rendered":"EN BREF \u26bd Karim Benzema, \u00e2g\u00e9 de 37 ans, reste une r\u00e9f\u00e9rence en tant qu\u2019attaquant, ayant r\u00e9cemment remport\u00e9&hellip;\n","protected":false},"author":2,"featured_media":196298,"comment_status":"","ping_status":"","sticky":false,"template":"","format":"standard","meta":{"footnotes":""},"categories":[1359],"tags":[58,59,5634,1011,27,24748,24654,973],"class_list":{"0":"post-196297","1":"post","2":"type-post","3":"status-publish","4":"format-standard","5":"has-post-thumbnail","7":"category-people","8":"tag-divertissement","9":"tag-entertainment","10":"tag-festival-de-cannes","11":"tag-fr","12":"tag-france","13":"tag-karim-benzema","14":"tag-lyna-khoudri","15":"tag-people"},"share_on_mastodon":{"url":"https:\/\/pubeurope.com\/@fr\/114728176482990347","error":""},"_links":{"self":[{"href":"https:\/\/www.europesays.com\/fr\/wp-json\/wp\/v2\/posts\/196297","targetHints":{"allow":["GET"]}}],"collection":[{"href":"https:\/\/www.europesays.com\/fr\/wp-json\/wp\/v2\/posts"}],"about":[{"href":"https:\/\/www.europesays.com\/fr\/wp-json\/wp\/v2\/types\/post"}],"author":[{"embeddable":true,"href":"https:\/\/www.europesays.com\/fr\/wp-json\/wp\/v2\/users\/2"}],"replies":[{"embeddable":true,"href":"https:\/\/www.europesays.com\/fr\/wp-json\/wp\/v2\/comments?post=196297"}],"version-history":[{"count":0,"href":"https:\/\/www.europesays.com\/fr\/wp-json\/wp\/v2\/posts\/196297\/revisions"}],"wp:featuredmedia":[{"embeddable":true,"href":"https:\/\/www.europesays.com\/fr\/wp-json\/wp\/v2\/media\/196298"}],"wp:attachment":[{"href":"https:\/\/www.europesays.com\/fr\/wp-json\/wp\/v2\/media?parent=196297"}],"wp:term":[{"taxonomy":"category","embeddable":true,"href":"https:\/\/www.europesays.com\/fr\/wp-json\/wp\/v2\/categories?post=196297"},{"taxonomy":"post_tag","embeddable":true,"href":"https:\/\/www.europesays.com\/fr\/wp-json\/wp\/v2\/tags?post=196297"}],"curies":[{"name":"wp","href":"https:\/\/api.w.org\/{rel}","templated":true}]}}