{"id":196321,"date":"2025-06-22T17:34:09","date_gmt":"2025-06-22T17:34:09","guid":{"rendered":"https:\/\/www.europesays.com\/fr\/196321\/"},"modified":"2025-06-22T17:34:09","modified_gmt":"2025-06-22T17:34:09","slug":"a-laube-de-la-reforme-loffensive-tres-politique-de-rachida-dati-contre-laudiovisuel-public","status":"publish","type":"post","link":"https:\/\/www.europesays.com\/fr\/196321\/","title":{"rendered":"\u00c0 l\u2019aube de la r\u00e9forme, l\u2019offensive tr\u00e8s politique de Rachida Dati contre l\u2019audiovisuel public"},"content":{"rendered":"<p>Alors que le projet de loi sur l\u2019audiovisuel public arrive le 30\u00a0juin \u00e0 l\u2019Assembl\u00e9e nationale, les tensions entre la ministre de la Culture et des journalistes se sont multipli\u00e9s ces derni\u00e8res semaines.<\/p>\n<p class=\"fig-paragraph\">On peut parler de d\u00e9samour \u00e9tal\u00e9 au grand jour. Mercredi soir, les t\u00e9l\u00e9spectateurs fran\u00e7ais ont pu assister, interloqu\u00e9s, \u00e0 une passe d\u2019armes plut\u00f4t relev\u00e9e entre la ministre de la Culture, Rachida Dati, l\u2019un\u00a0<a href=\"http:\/\/www.lefigaro.fr\/medias\/france-inter-la-directrice-adele-van-reeth-visee-par-une-motion-de-defiance-20240711\" data-fig-type=\"NewsFlash\" data-gtm-custom-categorie=\"navigation\" data-gtm-custom-action=\"crossclick\" data-gtm-custom-label=\"Contextuel\" data-gtm-event=\"customEventSPE\" data-fig-domain=\"LEFIGARO\" rel=\"nofollow noopener\" target=\"_blank\">des journalistes stars de \u00ab\u00a0C \u00e0 Vous\u00a0\u00bb, Patrick Cohen,<\/a>\u00a0et la pr\u00e9sentatrice de l\u2019\u00e9mission, Anne-\u00c9lisabeth Lemoine. La locataire de la Rue de Valois avait choisi ce jour-l\u00e0 de tirer \u00e0 boulets rouges, devant les cam\u00e9ras de France\u00a05. Exc\u00e9d\u00e9e par des questions sur les 299\u00a0000\u00a0euros qu\u2019elle aurait\u00a0<a href=\"http:\/\/www.lefigaro.fr\/politique\/rachida-dati-aurait-percu-299-000-euros-d-honoraires-de-gdf-suez-en-2010-2011-selon-deux-medias-20250604\" data-fig-type=\"NewsFlash\" data-gtm-custom-categorie=\"navigation\" data-gtm-custom-action=\"crossclick\" data-gtm-custom-label=\"Contextuel\" data-gtm-event=\"customEventSPE\" data-fig-domain=\"LEFIGARO\" rel=\"nofollow noopener\" target=\"_blank\">per\u00e7us de GDF Suez en 2010-2011 sans les d\u00e9clarer au Parlement europ\u00e9en<\/a>, l\u2019\u00e9lue a envoy\u00e9 une premi\u00e8re salve\u00a0: \u00ab\u00a0M.\u00a0Cohen, avez-vous harcel\u00e9 vos collaborateurs\u00a0? Est-ce que c\u2019est vrai, M.\u00a0Cohen\u00a0?\u00a0\u00bb, a torpill\u00e9 la ministre, faisant r\u00e9f\u00e9rence \u00e0 des accusations de \u00ab\u00a0management brutal\u00a0\u00bb, du temps o\u00f9 le journaliste dirigeait la matinale de France Inter, de 2010 \u00e0 2017. Et de le menacer\u00a0: \u00ab\u00a0Vous pourriez aussi tomber sous le coup de ce d\u00e9lit. Je peux saisir le tribunal (\u2026)\u2026<\/p>\n<p class=\"fig-premium-paywall__infos\">\n        Cet article est r\u00e9serv\u00e9 aux abonn\u00e9s.        Il vous reste 88% \u00e0 d\u00e9couvrir.\n    <\/p>\n<p>                <img  data- alt=\"Le Figaro\" class=\"fig-img--complete fig-img\"\/><\/p>\n<p class=\"fig-premium-paywall__title\">Vente Flash<\/p>\n<p class=\"fig-premium-paywall__subtitle\">3,99\u20ac par mois pendant 12 mois. Sans engagement.<\/p>\n<p class=\"fig-premium-paywall__connect\">\n                D\u00e9j\u00e0 abonn\u00e9\u00a0?                <a class=\"fig-premium-paywall__connect-link\" href=\"https:\/\/connect.lefigaro.fr\/login?client=horizon_web&amp;type=main&amp;redirect_uri=https%3A%2F%2Fwww.lefigaro.fr%2Fmedias%2Fa-l-aube-de-la-reforme-l-offensive-tres-politique-de-rachida-dati-contre-l-audiovisuel-public-20250622\" data-js-gtm=\"{&quot;customCategorie&quot;: &quot;conversion&quot;, &quot;customAction&quot;: &quot;before_Landing_Connexion_paywall_auto&quot;, &quot;customLabel&quot;: &quot;bGVmaWdhcm8uZnJfXzFmMDRlODc0LTU0MDUtNmIwYy05ZDc1LTU5OGY3YzVhYjI2MF9fTmV3c0ZsYXNo_\u00c0 l\u2019aube de la r\u00e9forme, l\u2019offensive tr\u00e8s politique de Rachida Dati contre l\u2019audiovisuel public_1000&quot;, &quot;customIDSPE&quot;: &quot;bGVmaWdhcm8uZnJfXzFmMDRlODc0LTU0MDUtNmIwYy05ZDc1LTU5OGY3YzVhYjI2MF9fTmV3c0ZsYXNo&quot;, &quot;event&quot;: &quot;customEventSPE&quot;}\" rel=\"nofollow noopener\" target=\"_blank\"><br \/>\n                    Connectez-vous<br \/>\n                <\/a>\n            <\/p>\n","protected":false},"excerpt":{"rendered":"Alors que le projet de loi sur l\u2019audiovisuel public arrive le 30\u00a0juin \u00e0 l\u2019Assembl\u00e9e nationale, les tensions entre&hellip;\n","protected":false},"author":2,"featured_media":196322,"comment_status":"","ping_status":"","sticky":false,"template":"","format":"standard","meta":{"footnotes":""},"categories":[4],"tags":[11,6586,5717,1011,27,5724,5720,5725,5719,5723,5722,5721,5718,12,5715,5714,1834,417,25,5726,252,1364,5716],"class_list":{"0":"post-196321","1":"post","2":"type-post","3":"status-publish","4":"format-standard","5":"has-post-thumbnail","7":"category-france","8":"tag-actualites","9":"tag-audiovisuel-public","10":"tag-bibendum","11":"tag-fr","12":"tag-france","13":"tag-geant-vert","14":"tag-herisson-ernie-spontex","15":"tag-la-laitiere","16":"tag-lapin-duracell","17":"tag-mms","18":"tag-mamie-nova","19":"tag-mr-marie","20":"tag-mr-propre","21":"tag-news","22":"tag-personnage-publicitaire","23":"tag-pub","24":"tag-publicite","25":"tag-rachida-dati","26":"tag-republique-francaise","27":"tag-tele","28":"tag-television","29":"tag-tv","30":"tag-vache-qui-rit"},"share_on_mastodon":{"url":"https:\/\/pubeurope.com\/@fr\/114728223580232205","error":""},"_links":{"self":[{"href":"https:\/\/www.europesays.com\/fr\/wp-json\/wp\/v2\/posts\/196321","targetHints":{"allow":["GET"]}}],"collection":[{"href":"https:\/\/www.europesays.com\/fr\/wp-json\/wp\/v2\/posts"}],"about":[{"href":"https:\/\/www.europesays.com\/fr\/wp-json\/wp\/v2\/types\/post"}],"author":[{"embeddable":true,"href":"https:\/\/www.europesays.com\/fr\/wp-json\/wp\/v2\/users\/2"}],"replies":[{"embeddable":true,"href":"https:\/\/www.europesays.com\/fr\/wp-json\/wp\/v2\/comments?post=196321"}],"version-history":[{"count":0,"href":"https:\/\/www.europesays.com\/fr\/wp-json\/wp\/v2\/posts\/196321\/revisions"}],"wp:featuredmedia":[{"embeddable":true,"href":"https:\/\/www.europesays.com\/fr\/wp-json\/wp\/v2\/media\/196322"}],"wp:attachment":[{"href":"https:\/\/www.europesays.com\/fr\/wp-json\/wp\/v2\/media?parent=196321"}],"wp:term":[{"taxonomy":"category","embeddable":true,"href":"https:\/\/www.europesays.com\/fr\/wp-json\/wp\/v2\/categories?post=196321"},{"taxonomy":"post_tag","embeddable":true,"href":"https:\/\/www.europesays.com\/fr\/wp-json\/wp\/v2\/tags?post=196321"}],"curies":[{"name":"wp","href":"https:\/\/api.w.org\/{rel}","templated":true}]}}