{"id":196349,"date":"2025-06-22T17:52:11","date_gmt":"2025-06-22T17:52:11","guid":{"rendered":"https:\/\/www.europesays.com\/fr\/196349\/"},"modified":"2025-06-22T17:52:11","modified_gmt":"2025-06-22T17:52:11","slug":"neuried-sous-un-soleil-brulant-balade-dans-une-foret-tropicale-de-poche-situee-a-deux-pas-de-strasbourg","status":"publish","type":"post","link":"https:\/\/www.europesays.com\/fr\/196349\/","title":{"rendered":"Neuried. Sous un soleil br\u00fblant, balade dans une \u00ab for\u00eat tropicale \u00bb de poche situ\u00e9e \u00e0 deux pas de Strasbourg"},"content":{"rendered":"<p>Le thermom\u00e8tre affiche 34\u00b0C \u00e0 l\u2019ombre, soit un peu plus chaud qu\u2019en for\u00eat amazonienne ces jours-ci ! Une douzaine de courageux ont malgr\u00e9 tout d\u00e9cid\u00e9 de parcourir le \u00ab Auen-Wildnispfad \u00bb, un sentier sauvage qui serpente sur 2,5 km de zone humide. Guide nature, Jean de Barry a eu l\u2019id\u00e9e de proposer cette balade dans le cadre du <a href=\"https:\/\/www.dna.fr\/culture-loisirs\/2025\/01\/27\/luttes-sociales-et-ecologiques-le-fosse-generationnel-est-il-reconciliable\" target=\"_blank\" rel=\"nofollow noopener\">60e\u00a0 anniversaire d\u2019Alsace Nature<\/a> , juste avant la f\u00eate au parc de la Citadelle.<\/p>\n<p>Un secteur auparavant submerg\u00e9 par ses crues naturelles<\/p>\n<p>Un litre d\u2019eau dans les sacs \u00e0 dos, on fuit le parking de l\u2019Europ\u00e4isches Forum am Rhein, son bitume sans ombre et son drive \u00e0 cigarettes, pour emprunter un passage sous-terrain et se retrouver de l\u2019autre c\u00f4t\u00e9 de la route. Il faut encore longer la gravi\u00e8re, et voici le point d\u2019accueil du sentier : \u00e0 un saut&#8230;<\/p>\n","protected":false},"excerpt":{"rendered":"Le thermom\u00e8tre affiche 34\u00b0C \u00e0 l\u2019ombre, soit un peu plus chaud qu\u2019en for\u00eat amazonienne ces jours-ci ! Une&hellip;\n","protected":false},"author":2,"featured_media":196350,"comment_status":"","ping_status":"","sticky":false,"template":"","format":"standard","meta":{"footnotes":""},"categories":[2820],"tags":[1111,11,7782,1687,2880,436,1777,674,107,1011,27,775,12,25,640,2879],"class_list":{"0":"post-196349","1":"post","2":"type-post","3":"status-publish","4":"format-standard","5":"has-post-thumbnail","7":"category-strasbourg","8":"tag-actu","9":"tag-actualites","10":"tag-balades-et-randonnees","11":"tag-culture-loisirs","12":"tag-edition-strasbourg","13":"tag-environnement","14":"tag-eu","15":"tag-europe","16":"tag-fil-info","17":"tag-fr","18":"tag-france","19":"tag-grand-est","20":"tag-news","21":"tag-republique-francaise","22":"tag-strasbourg","23":"tag-strasbourg-ville"},"share_on_mastodon":{"url":"https:\/\/pubeurope.com\/@fr\/114728294348662720","error":""},"_links":{"self":[{"href":"https:\/\/www.europesays.com\/fr\/wp-json\/wp\/v2\/posts\/196349","targetHints":{"allow":["GET"]}}],"collection":[{"href":"https:\/\/www.europesays.com\/fr\/wp-json\/wp\/v2\/posts"}],"about":[{"href":"https:\/\/www.europesays.com\/fr\/wp-json\/wp\/v2\/types\/post"}],"author":[{"embeddable":true,"href":"https:\/\/www.europesays.com\/fr\/wp-json\/wp\/v2\/users\/2"}],"replies":[{"embeddable":true,"href":"https:\/\/www.europesays.com\/fr\/wp-json\/wp\/v2\/comments?post=196349"}],"version-history":[{"count":0,"href":"https:\/\/www.europesays.com\/fr\/wp-json\/wp\/v2\/posts\/196349\/revisions"}],"wp:featuredmedia":[{"embeddable":true,"href":"https:\/\/www.europesays.com\/fr\/wp-json\/wp\/v2\/media\/196350"}],"wp:attachment":[{"href":"https:\/\/www.europesays.com\/fr\/wp-json\/wp\/v2\/media?parent=196349"}],"wp:term":[{"taxonomy":"category","embeddable":true,"href":"https:\/\/www.europesays.com\/fr\/wp-json\/wp\/v2\/categories?post=196349"},{"taxonomy":"post_tag","embeddable":true,"href":"https:\/\/www.europesays.com\/fr\/wp-json\/wp\/v2\/tags?post=196349"}],"curies":[{"name":"wp","href":"https:\/\/api.w.org\/{rel}","templated":true}]}}