{"id":196351,"date":"2025-06-22T17:53:17","date_gmt":"2025-06-22T17:53:17","guid":{"rendered":"https:\/\/www.europesays.com\/fr\/196351\/"},"modified":"2025-06-22T17:53:17","modified_gmt":"2025-06-22T17:53:17","slug":"a-strasbourg-les-touristes-peuvent-se-rafraichir-dans-les-eglises-protestantes","status":"publish","type":"post","link":"https:\/\/www.europesays.com\/fr\/196351\/","title":{"rendered":"\u00c0 Strasbourg, les touristes peuvent se rafraichir dans les \u00e9glises protestantes"},"content":{"rendered":"<p>\t\t\t\t\t .elementor-motion-effects-container > .elementor-motion-effects-layer{background-color:var( &#8211;e-global-color-astglobalcolor4 );}.elementor-142484 .elementor-element.elementor-element-2c307ba{transition:background 0.3s, border 0.3s, border-radius 0.3s, box-shadow 0.3s;margin-top:40px;margin-bottom:0px;}.elementor-142484 .elementor-element.elementor-element-2c307ba > .elementor-background-overlay{transition:background 0.3s, border-radius 0.3s, opacity 0.3s;}.elementor-142484 .elementor-element.elementor-element-efc10a5{text-align:center;}.elementor-142484 .elementor-element.elementor-element-efc10a5 .elementor-heading-title{font-weight:700;}.elementor-142484 .elementor-element.elementor-element-435bf8b{text-align:center;}.elementor-142484 .elementor-element.elementor-element-2ee1f5f{text-align:center;}.elementor-142484 .elementor-element.elementor-element-77ff3cd > .elementor-widget-container{margin:1em 0em 0em 0em;}.elementor-142484 .elementor-element.elementor-element-77ff3cd{text-align:center;}.elementor-142484 .elementor-element.elementor-element-d2db27f > .elementor-widget-container{margin:20px 20px 20px 20px;}@media(max-width:767px){.elementor-142484 .elementor-element.elementor-element-d2db27f > .elementor-widget-container{margin:0px 0px 0px 0px;}}]]>L\u2019\u00e9glise protestante Saint-Thomas, situ\u00e9e en plein centre-ville de Strasbourg, est ouverte comme tous les apr\u00e8s-midis. Sur le parvis bien min\u00e9ral, il fait plus de 34 degr\u00e9s. Un couple d\u2019Am\u00e9ricains se pr\u00e9cipite \u00e0 l\u2019int\u00e9rieur pour trouver un peu de fraicheur. Plus d\u2019une dizaine de personnes d\u00e9ambulent \u00e0 l\u2019int\u00e9rieur de l\u2019\u00e9difice. Un homme a les yeux ferm\u00e9s, bien install\u00e9 sur son banc. Prie-t-il ou fait-il la sieste ? Dans les deux cas, personne ne veut le d\u00e9ranger. \u00ab Nous avons d\u00e9j\u00e0 pass\u00e9 un peu de temps dans la cath\u00e9drale, t\u00e9moigne un touriste allemand qui vient d\u2019Heidelberg avec sa femme. Mais l\u00e0, avec 34 degr\u00e9s, il fait vraiment trop chaud, ma femme a propos\u00e9 qu\u2019on entre dans cette \u00e9glise. \u00bb Ils profitent donc d&rsquo;une pause fraicheur pour admirer le Mausol\u00e9e de Maurice de Saxe (1696-1750), par le sculpteur Jean-Baptiste Pigalle, provisoirement mis \u00e0 distance par un ruban de travaux. 24 degr\u00e9s \u00e0 Saint-Guillaume&#8230; \t\t<\/p>\n<p>Poursuivez votre lecture en vous abonnant \u00e0 R\u00e9forme ou profitez de l&rsquo;offre D\u00e9couverte.<\/p>\n<p>pour profiter de l\u2019offre <strong>D\u00e9couverte<\/strong> et choisir <strong>10 articles sans abonnement<\/strong>.<\/p>\n<p>\n\t\t\t\t\tAbonnez-vous<br \/>pour acc\u00e9der \u00e0 tout le contenu R\u00e9forme\t\t\t\t<\/p>\n<p>\n\t\t\t\t\tVous avez d\u00e9j\u00e0 un compte\t\t\t\t<\/p>\n<p><strong>L\u2019information de qualit\u00e9 a de la valeur, soutenez l\u2019ind\u00e9pendance et la libert\u00e9 de R\u00e9forme, abonnez-vous. Merci !<\/strong><\/p>\n","protected":false},"excerpt":{"rendered":".elementor-motion-effects-container > .elementor-motion-effects-layer{background-color:var( &#8211;e-global-color-astglobalcolor4 );}.elementor-142484 .elementor-element.elementor-element-2c307ba{transition:background 0.3s, border 0.3s, border-radius 0.3s, box-shadow 0.3s;margin-top:40px;margin-bottom:0px;}.elementor-142484 .elementor-element.elementor-element-2c307ba > .elementor-background-overlay{transition:background 0.3s, border-radius&hellip;\n","protected":false},"author":2,"featured_media":196352,"comment_status":"","ping_status":"","sticky":false,"template":"","format":"standard","meta":{"footnotes":""},"categories":[2820],"tags":[1111,11,6698,1777,674,1011,27,775,12,25,640,33557],"class_list":{"0":"post-196351","1":"post","2":"type-post","3":"status-publish","4":"format-standard","5":"has-post-thumbnail","7":"category-strasbourg","8":"tag-actu","9":"tag-actualites","10":"tag-canicule","11":"tag-eu","12":"tag-europe","13":"tag-fr","14":"tag-france","15":"tag-grand-est","16":"tag-news","17":"tag-republique-francaise","18":"tag-strasbourg","19":"tag-temples"},"share_on_mastodon":{"url":"https:\/\/pubeurope.com\/@fr\/114728298462520045","error":""},"_links":{"self":[{"href":"https:\/\/www.europesays.com\/fr\/wp-json\/wp\/v2\/posts\/196351","targetHints":{"allow":["GET"]}}],"collection":[{"href":"https:\/\/www.europesays.com\/fr\/wp-json\/wp\/v2\/posts"}],"about":[{"href":"https:\/\/www.europesays.com\/fr\/wp-json\/wp\/v2\/types\/post"}],"author":[{"embeddable":true,"href":"https:\/\/www.europesays.com\/fr\/wp-json\/wp\/v2\/users\/2"}],"replies":[{"embeddable":true,"href":"https:\/\/www.europesays.com\/fr\/wp-json\/wp\/v2\/comments?post=196351"}],"version-history":[{"count":0,"href":"https:\/\/www.europesays.com\/fr\/wp-json\/wp\/v2\/posts\/196351\/revisions"}],"wp:featuredmedia":[{"embeddable":true,"href":"https:\/\/www.europesays.com\/fr\/wp-json\/wp\/v2\/media\/196352"}],"wp:attachment":[{"href":"https:\/\/www.europesays.com\/fr\/wp-json\/wp\/v2\/media?parent=196351"}],"wp:term":[{"taxonomy":"category","embeddable":true,"href":"https:\/\/www.europesays.com\/fr\/wp-json\/wp\/v2\/categories?post=196351"},{"taxonomy":"post_tag","embeddable":true,"href":"https:\/\/www.europesays.com\/fr\/wp-json\/wp\/v2\/tags?post=196351"}],"curies":[{"name":"wp","href":"https:\/\/api.w.org\/{rel}","templated":true}]}}