{"id":196357,"date":"2025-06-22T17:56:09","date_gmt":"2025-06-22T17:56:09","guid":{"rendered":"https:\/\/www.europesays.com\/fr\/196357\/"},"modified":"2025-06-22T17:56:09","modified_gmt":"2025-06-22T17:56:09","slug":"une-fresque-illumine-le-passage-sous-terrain-de-kermelo-a-lorient","status":"publish","type":"post","link":"https:\/\/www.europesays.com\/fr\/196357\/","title":{"rendered":"Une fresque illumine le passage sous terrain de Kermelo, \u00e0 Lorient"},"content":{"rendered":"<p>La fresque murale r\u00e9alis\u00e9e par l\u2019artiste muraliste Smoka (Kelig Le Ber) dans le tunnel de Kermelo, \u00e0 Lorient, a \u00e9t\u00e9 inaugur\u00e9e samedi soir 21 juin 2025, par Fabrice Loher, maire, C\u00e9cile Besnard et St\u00e9phane Daniel, adjointes, ainsi qu\u2019\u00c9mile Moisan de l\u2019association des rives du ter qui a port\u00e9 ce projet dans le cadre du budget participatif.<\/p>\n<p>Le\u00a0Nantais Smoka, dont la belle famille est lorientaise, est \u00ab\u00a0fier d\u2019avoir r\u00e9alis\u00e9 cette fresque qui apporte de la luminosit\u00e9 gr\u00e2ce \u00e0 sa couleur abricot\u00a0\u00bb. R\u00e9alis\u00e9e pendant quatorze jours, au mois de juin, la fresque habille d\u00e9sormais les murs et le plafond de ce passage quotidien qui repr\u00e9sente l\u2019univers marin.<\/p>\n<p>\u00ab\u00a0Le budget participatif fonctionne bien et donne la parole aux citoyens en cr\u00e9ant une dynamique dans les quartiers\u00a0\u00bb pr\u00e9cise Fabrice Loher. \u00ab\u00a0Ce projet fait conna\u00eetre les gens du quartier\u00a0\u00bb, pr\u00e9cise une adh\u00e9rente de l\u2019association Les rives du Ter.<\/p>\n","protected":false},"excerpt":{"rendered":"La fresque murale r\u00e9alis\u00e9e par l\u2019artiste muraliste Smoka (Kelig Le Ber) dans le tunnel de Kermelo, \u00e0 Lorient,&hellip;\n","protected":false},"author":2,"featured_media":196358,"comment_status":"","ping_status":"","sticky":false,"template":"","format":"standard","meta":{"footnotes":""},"categories":[2818],"tags":[1111,11,1777,674,1011,27,1781,766,12,2636,25],"class_list":{"0":"post-196357","1":"post","2":"type-post","3":"status-publish","4":"format-standard","5":"has-post-thumbnail","7":"category-nantes","8":"tag-actu","9":"tag-actualites","10":"tag-eu","11":"tag-europe","12":"tag-fr","13":"tag-france","14":"tag-lorient","15":"tag-nantes","16":"tag-news","17":"tag-pays-de-la-loire","18":"tag-republique-francaise"},"share_on_mastodon":{"url":"https:\/\/pubeurope.com\/@fr\/114728310103188952","error":""},"_links":{"self":[{"href":"https:\/\/www.europesays.com\/fr\/wp-json\/wp\/v2\/posts\/196357","targetHints":{"allow":["GET"]}}],"collection":[{"href":"https:\/\/www.europesays.com\/fr\/wp-json\/wp\/v2\/posts"}],"about":[{"href":"https:\/\/www.europesays.com\/fr\/wp-json\/wp\/v2\/types\/post"}],"author":[{"embeddable":true,"href":"https:\/\/www.europesays.com\/fr\/wp-json\/wp\/v2\/users\/2"}],"replies":[{"embeddable":true,"href":"https:\/\/www.europesays.com\/fr\/wp-json\/wp\/v2\/comments?post=196357"}],"version-history":[{"count":0,"href":"https:\/\/www.europesays.com\/fr\/wp-json\/wp\/v2\/posts\/196357\/revisions"}],"wp:featuredmedia":[{"embeddable":true,"href":"https:\/\/www.europesays.com\/fr\/wp-json\/wp\/v2\/media\/196358"}],"wp:attachment":[{"href":"https:\/\/www.europesays.com\/fr\/wp-json\/wp\/v2\/media?parent=196357"}],"wp:term":[{"taxonomy":"category","embeddable":true,"href":"https:\/\/www.europesays.com\/fr\/wp-json\/wp\/v2\/categories?post=196357"},{"taxonomy":"post_tag","embeddable":true,"href":"https:\/\/www.europesays.com\/fr\/wp-json\/wp\/v2\/tags?post=196357"}],"curies":[{"name":"wp","href":"https:\/\/api.w.org\/{rel}","templated":true}]}}