{"id":196363,"date":"2025-06-22T17:59:19","date_gmt":"2025-06-22T17:59:19","guid":{"rendered":"https:\/\/www.europesays.com\/fr\/196363\/"},"modified":"2025-06-22T17:59:19","modified_gmt":"2025-06-22T17:59:19","slug":"n2-dynamique-opposee-entre-chateaubriant-et-les-girondins","status":"publish","type":"post","link":"https:\/\/www.europesays.com\/fr\/196363\/","title":{"rendered":"N2 : dynamique oppos\u00e9e entre Ch\u00e2teaubriant et les Girondins"},"content":{"rendered":"<p><img decoding=\"async\" src=\"https:\/\/www.europesays.com\/fr\/wp-content\/uploads\/2025\/06\/671_88cdb46992649a023265f24305c436b3.jpg\" alt=\"N2 : dynamique oppos\u00e9e entre Ch\u00e2teaubriant et les Girondins\" class=\"img-responsive mt-3\"\/><\/p>\n<p class=\"text-center mb-3\" style=\"font-size: 14px\">\u00a9 Iconsport<\/p>\n<p><strong>Bordeaux voltige, pas Ch\u00e2teaubriant<\/strong><\/p>\n<p style=\"text-align: justify;\">Malgr\u00e9 le d\u00e9part de Babacar Leye, un temps pist\u00e9 par les Girondins, le club entra\u00een\u00e9 par Michel Audrain conservera une grande partie de son groupe. En t\u00e9moignent les nombreuses prolongations de contrat, annonc\u00e9es par <a href=\"https:\/\/www.foot-national.com\/mercato\/national-2-un-gardien-de-lol-debarque-a-limonest-vague-de-prolongations-a-chateaubriant-917173\" target=\"_blank\" rel=\"noopener\">Foot National<\/a>. Les joueurs concern\u00e9s sont : Akhibou Ly, Arnaud Guedj, Abdou Diallo, Babacar Leye Sene, Ryan Sabry, Daf\u00e9, L\u00e9mouya Goudiaby, Diabel Ndiaye et Balamine Dram\u00e9.<\/p>\n<p style=\"text-align: justify;\">\u00c0 Bordeaux, c\u2019est l\u2019inverse. Objectif : all\u00e9ger la masse salariale avant le passage devant la DNCG. Le club s\u2019est d\u00e9j\u00e0 s\u00e9par\u00e9 de Yvan Ikia Dimi, Nathana\u00ebl Bai, Issam Ben Kh\u00e9mis, N\u2019Famady Diaby, Nama Fofana, Youssouf Assogba, Djibril Diaw, Andy Carroll, Emeric Depussay et Thomas Trazi\u00e9.<\/p>\n<p style=\"text-align: justify;\">Et la vague de d\u00e9parts pourrait se poursuivre, avec plusieurs ind\u00e9sirables que le club ne d\u00e9sire plus : C\u00e9dric Yamb\u00e9r\u00e9, Amadou Diallo, Adrien Louveau, Travis Mutyaba, \u00c9tienne Beugr\u00e9 et Yanis Merdji.<\/p>\n<p>\u00a0<\/p>\n<p>\u00c0 lire &gt;&gt; <strong><a href=\"https:\/\/www.webgirondins.com\/actualite-girondins-ex-girondins-cedric-carrasso-denonce-la-gestion-incomprehensible-de-son-depart-de-bordeaux-129511\" target=\"_blank\" rel=\"noopener\">Ex-Girondins : C\u00e9dric Carrasso d\u00e9nonce la gestion \u00ab\u00a0incompr\u00e9hensible\u00a0\u00bb de son d\u00e9part de Bordeaux<\/a><\/strong><\/p>\n<p>\u00a0<\/p>\n<p>Notre podcast court :<\/p>\n<p>\u00a0<\/p>\n<p>\u00a0<\/p>\n","protected":false},"excerpt":{"rendered":"\u00a9 Iconsport Bordeaux voltige, pas Ch\u00e2teaubriant Malgr\u00e9 le d\u00e9part de Babacar Leye, un temps pist\u00e9 par les Girondins,&hellip;\n","protected":false},"author":2,"featured_media":149194,"comment_status":"","ping_status":"","sticky":false,"template":"","format":"standard","meta":{"footnotes":""},"categories":[2817],"tags":[1111,11,3683,3232,1997,16823,1442,29859,17177,8744,2834,1777,674,1011,27,1987,16026,4059,9778,11678,16027,12,2219,33558,33559,19080,25,27845],"class_list":{"0":"post-196363","1":"post","2":"type-post","3":"status-publish","4":"format-standard","5":"has-post-thumbnail","7":"category-bordeaux","8":"tag-actu","9":"tag-actualites","10":"tag-alors","11":"tag-avenir","12":"tag-bordeaux","13":"tag-chateaubriant","14":"tag-deja","15":"tag-dizaine","16":"tag-dynamique","17":"tag-elements","18":"tag-entre","19":"tag-eu","20":"tag-europe","21":"tag-fr","22":"tag-france","23":"tag-girondins","24":"tag-joue","25":"tag-joueurs","26":"tag-mardi","27":"tag-navire","28":"tag-neuf","29":"tag-news","30":"tag-nouvelle-aquitaine","31":"tag-opposee","32":"tag-prolongent","33":"tag-quitte","34":"tag-republique-francaise","35":"tag-voltigeurs"},"share_on_mastodon":{"url":"https:\/\/pubeurope.com\/@fr\/114728322038222594","error":""},"_links":{"self":[{"href":"https:\/\/www.europesays.com\/fr\/wp-json\/wp\/v2\/posts\/196363","targetHints":{"allow":["GET"]}}],"collection":[{"href":"https:\/\/www.europesays.com\/fr\/wp-json\/wp\/v2\/posts"}],"about":[{"href":"https:\/\/www.europesays.com\/fr\/wp-json\/wp\/v2\/types\/post"}],"author":[{"embeddable":true,"href":"https:\/\/www.europesays.com\/fr\/wp-json\/wp\/v2\/users\/2"}],"replies":[{"embeddable":true,"href":"https:\/\/www.europesays.com\/fr\/wp-json\/wp\/v2\/comments?post=196363"}],"version-history":[{"count":0,"href":"https:\/\/www.europesays.com\/fr\/wp-json\/wp\/v2\/posts\/196363\/revisions"}],"wp:featuredmedia":[{"embeddable":true,"href":"https:\/\/www.europesays.com\/fr\/wp-json\/wp\/v2\/media\/149194"}],"wp:attachment":[{"href":"https:\/\/www.europesays.com\/fr\/wp-json\/wp\/v2\/media?parent=196363"}],"wp:term":[{"taxonomy":"category","embeddable":true,"href":"https:\/\/www.europesays.com\/fr\/wp-json\/wp\/v2\/categories?post=196363"},{"taxonomy":"post_tag","embeddable":true,"href":"https:\/\/www.europesays.com\/fr\/wp-json\/wp\/v2\/tags?post=196363"}],"curies":[{"name":"wp","href":"https:\/\/api.w.org\/{rel}","templated":true}]}}