{"id":196382,"date":"2025-06-22T18:09:09","date_gmt":"2025-06-22T18:09:09","guid":{"rendered":"https:\/\/www.europesays.com\/fr\/196382\/"},"modified":"2025-06-22T18:09:09","modified_gmt":"2025-06-22T18:09:09","slug":"fete-de-la-musique-mort-dune-femme-frappee-a-la-hache-chaleur-les-infos-du-week-end-en-ile-de-france","status":"publish","type":"post","link":"https:\/\/www.europesays.com\/fr\/196382\/","title":{"rendered":"F\u00eate de la musique, mort d&rsquo;une femme frapp\u00e9e \u00e0 la hache, chaleur&#8230; Les infos du week-end en \u00cele-de-France"},"content":{"rendered":"<p>            Par<br \/>\n        <strong><br \/>\n            <a href=\"https:\/\/actu.fr\/auteur\/antoine-grotteria02\" title=\"Consulter tous les articles de Antoine Grotteria\" target=\"_blank\" rel=\"noopener\">Antoine Grotteria<\/a><br \/>\n        <\/strong><\/p>\n<p>        Publi\u00e9 le<\/p>\n<p>            22 juin 2025 \u00e0 18h06        <\/p>\n<p>Un week-end festif, mais plusieurs d\u00e9bordements \u00e0 <a href=\"https:\/\/actu.fr\/paris\/\" target=\"_blank\" rel=\"noopener\">Paris<\/a> et en <a href=\"https:\/\/actu.fr\/ile-de-france\/\" target=\"_blank\" rel=\"noopener\">\u00cele-de-France<\/a>. Dans la capitale, les f\u00eatards ont c\u00e9l\u00e9br\u00e9 la <strong>F\u00eate de la musique<\/strong> jusqu\u2019au bout de la nuit. Au moins 102 personnes ont \u00e9t\u00e9 interpell\u00e9es, selon la <a href=\"https:\/\/actu.fr\/tag\/prefecture-de-police-de-paris\" target=\"_blank\" rel=\"noopener\">pr\u00e9fecture de Police<\/a>. Plusieurs tentatives de piq\u00fbres et agressions sexuelles ont \u00e9t\u00e9 rapport\u00e9es aux services judiciaires.\u00a0<\/p>\n<p class=\" wall-content\">Voici la <strong>principale information<\/strong> \u00e0 retenir de ces samedi 24 et dimanche 25 ao\u00fbt 2024 dans votre r\u00e9gion.<\/p>\n<p class=\" wall-content\"><strong>Les infos marquantes du week-end \u00e0 Paris et en \u00cele-de-France<\/strong><\/p>\n<p class=\" wall-content\"><strong>Paris. <\/strong><a title=\"Lire l&#039;article\" href=\"https:\/\/actu.fr\/ile-de-france\/paris_75056\/fete-de-la-musique-a-paris-une-personne-entre-la-vie-et-la-mort-et-au-moins-102-interpellations_62807822.html\" target=\"_blank\" rel=\"noopener\"><strong>Une centaines d\u2019interpellations, piq\u00fbres, agressions sexuelles\u2026 Le bilan de la F\u00eate de la musique \u00e0 Paris<\/strong><\/a><br \/>Ce samedi 21 juin 2025, au moins 102 personnes ont \u00e9t\u00e9 interpell\u00e9es \u00e0 Paris \u00e0 l\u2019occasion de la F\u00eate de la musique. Plusieurs incidents ont \u00e9maill\u00e9 la soir\u00e9e.<\/p>\n<p class=\" wall-content\"><strong>Seine-Saint-Denis. <\/strong><a title=\"Lire l&#039;article\" href=\"https:\/\/actu.fr\/ile-de-france\/gagny_93032\/seine-saint-denis-mort-d-une-des-femmes-attaquees-a-la-hache-a-la-gare-de-gagny_62806108.html\" target=\"_blank\" rel=\"noopener\"><strong>Seine-Saint-Denis : mort d\u2019une des femmes attaqu\u00e9es \u00e0 la hache \u00e0 la gare de Gagny<\/strong><\/a><br \/>L\u2019ex-conjointe de l\u2019agresseur est d\u00e9c\u00e9d\u00e9e des suites de ses blessures. Elle avait 55 ans.<\/p>\n<p class=\" wall-content\"><strong>Val-de-Marne. <\/strong><a title=\"Lire l&#039;article\" href=\"https:\/\/actu.fr\/ile-de-france\/orly_94054\/val-de-marne-un-homme-entre-la-vie-la-mort-apres-une-violente-rixe-deux-autres-blesses_62806596.html\" target=\"_blank\" rel=\"noopener\"><strong>Val-de-Marne : un homme entre la vie la mort apr\u00e8s une violente rixe, deux autres bless\u00e9s<\/strong><\/a><br \/>Trois personnes ont \u00e9t\u00e9 bless\u00e9es au cours d\u2019une bagarre survenue \u00e0 Orly, dans la nuit du vendredi 20 au samedi 21 juin 2025. L\u2019un d\u2019eux se trouve dans un \u00e9tat critique.<\/p>\n<p>Vid\u00e9os : en ce moment sur Actu<\/p>\n<p class=\" wall-content\"><strong>Hauts-de-Seine. <\/strong><a title=\"Lire l&#039;article\" href=\"https:\/\/actu.fr\/ile-de-france\/nanterre_92050\/pourquoi-nanterre-veut-faire-citoyenne-d-honneur-cecile-kohler-detenue-en-iran-depuis-trois-ans_62807940.html\" target=\"_blank\" rel=\"noopener\"><strong>Pourquoi Nanterre veut faire citoyenne d\u2019honneur C\u00e9cile Kohler, d\u00e9tenue en Iran depuis trois ans<\/strong><\/a><br \/>La commune des Hauts-de-Seine a d\u00e9cid\u00e9 d\u2019\u00e9lever au rang de citoyenne d\u2019honneur l\u2019enseignante de 40 ans, fait otage d\u2019\u00c9tat \u00e0 T\u00e9h\u00e9ran. Elle exige sa \u00ab\u00a0lib\u00e9ration imm\u00e9diate\u00a0\u00bb.<\/p>\n<p class=\" wall-content\"><strong>Essonne. <\/strong><a title=\"Lire l&#039;article\" href=\"https:\/\/actu.fr\/ile-de-france\/les-granges-le-roi_91284\/sport-une-course-et-une-marche-solidaire-en-pleine-nature-essonnienne-voici-ou-et-quand_62787956.html\" target=\"_blank\" rel=\"noopener\"><strong>Sport : une course et une marche solidaire en pleine nature essonnienne, voici o\u00f9 et quand<\/strong><\/a><br \/>Le dimanche 29 juin 2025, l\u2019association Le Sourire d\u2019Erwan donne rendez-vous aux coureurs et aux marcheurs aux Granges-Le-Roi. Tous transpireront pour la bonne cause.<\/p>\n<p class=\" wall-content\"><strong>Val-d\u2019Oise. <\/strong><a title=\"Lire l&#039;article\" href=\"https:\/\/actu.fr\/ile-de-france\/cergy_95127\/gwladys-epangue-donne-son-nom-a-ce-gymnase-du-val-doise_62797525.html\" target=\"_blank\" rel=\"noopener\"><strong>Gwladys \u00c9pangue donne son nom \u00e0 ce gymnase du Val-d\u2019Oise<\/strong><\/a><br \/>Le gymnase de la Plaine, situ\u00e9 \u00e0 Cergy, a \u00e9t\u00e9 rebaptis\u00e9 au nom de la championne de taekwondo. Un choix m\u00fb par la volont\u00e9 d\u2019accorder plus de place aux femmes dans l\u2019espace public.<\/p>\n<p class=\" wall-content\"><strong>Yvelines. <\/strong><a title=\"Lire l&#039;article\" href=\"https:\/\/actu.fr\/ile-de-france\/rambouillet_78517\/quel-avenir-pour-les-entreprises-de-smart-city-campus-a-rambouillet_62805766.html\" target=\"_blank\" rel=\"noopener\"><strong>Quel avenir pour les entreprises de Smart City Campus \u00e0 Rambouillet ?<\/strong><\/a><br \/>La p\u00e9pini\u00e8re d\u2019entreprises de Rambouillet (Yvelines), Smart City Campus pourrait quitter le b\u00e2timent en juin\u00a02026. Une p\u00e9tition est lanc\u00e9e. La mairie tente de rassurer.<\/p>\n<p class=\" wall-content\"><strong>Seine-et-Marne. <\/strong><a title=\"Lire l&#039;article\" href=\"https:\/\/actu.fr\/ile-de-france\/chartrettes_77096\/conflit-entre-la-mairie-de-chartrettes-et-vnf-pour-la-centrale-hydroelectrique-on-veut-nous-faire-plier_62807990.html\" target=\"_blank\" rel=\"noopener\"><strong>Conflit entre la mairie de Chartrettes et VNF pour la centrale hydro\u00e9lectrique : \u00ab On veut nous faire plier \u00bb<\/strong><\/a><br \/>Un conflit oppose la mairie de Chartrettes \u00e0 Voies navigables de France, au sujet de la centrale hydro\u00e9lectrique et de la passe \u00e0 poissons. Le maire s\u2019indigne, VNF r\u00e9pond.<\/p>\n<p>Suivez-nous pour en savoir plus !<\/p>\n<p class=\" wall-content\">Paris : retrouvez actu Paris sur <a href=\"https:\/\/www.facebook.com\/actufr.paris\/\" target=\"_blank\" rel=\"noopener\">Facebook<\/a> et <a href=\"https:\/\/x.com\/actufrparis\">Twitter<\/a> ;<br \/>Seine-et-Marne : retrouvez\u00a0La R\u00e9publique de Seine-et-Marne\u00a0(sud) sur\u00a0<a href=\"https:\/\/www.facebook.com\/RepubliqueSeineMarne\/\" target=\"_blank\" rel=\"noopener\">Facebook\u00a0<\/a>et\u00a0<a href=\"https:\/\/x.com\/JournalLaMarne\">Twitter\u00a0<\/a>;\u00a0La Marne\u00a0(nord) sur\u00a0<a href=\"https:\/\/www.facebook.com\/RepubliqueSeineMarne\/\" target=\"_blank\" rel=\"noopener\">Facebook\u00a0<\/a>et\u00a0<a href=\"https:\/\/x.com\/JournalLaMarne\">Twitter\u00a0<\/a>; et\u00a0Le Pays Briard\u00a0sur\u00a0<a href=\"https:\/\/www.facebook.com\/LePaysBriard\/?ref=bookmarks\" target=\"_blank\" rel=\"noopener\">Facebook\u00a0<\/a>et\u00a0<a href=\"https:\/\/x.com\/LePaysBriard\">Twitter<\/a>\u00a0;<br \/>Yvelines : retrouvez\u00a078actu\u00a0sur\u00a0<a href=\"https:\/\/www.facebook.com\/78actu?locale=fr_FR\" target=\"_blank\" rel=\"noopener\">Facebook\u00a0<\/a>et\u00a0<a href=\"https:\/\/x.com\/78actu\">Twitter\u00a0<\/a>;<br \/>Essonne : retrouvez\u00a0actu Essonne\u00a0sur\u00a0<a href=\"https:\/\/www.facebook.com\/actuessonne\/?ref=br_rs\" target=\"_blank\" rel=\"noopener\">Facebook\u00a0<\/a>et\u00a0<a href=\"https:\/\/x.com\/ActuEssonne\">Twitter\u00a0<\/a>;<br \/>Hauts-de-Seine : retrouvez\u00a0actu Hauts-de-Seine\u00a0sur\u00a0<a href=\"https:\/\/www.facebook.com\/actufr.hautsdeseine\/\" target=\"_blank\" rel=\"noopener\">Facebook\u00a0<\/a>et\u00a0<a href=\"https:\/\/x.com\/actufr92\">Twitter\u00a0<\/a>;<br \/>Seine-Saint-Denis : retrouvez\u00a0actu Seine-Saint-Denis\u00a0sur\u00a0<a href=\"https:\/\/www.facebook.com\/actu94.valdemarne\/\" target=\"_blank\" rel=\"noopener\">Facebook\u00a0<\/a>et\u00a0<a href=\"https:\/\/x.com\/actufr93\">Twitter\u00a0<\/a>;<br \/>Val-de-Marne : retrouvez\u00a0actu Val-de-Marne\u00a0sur\u00a0<a href=\"https:\/\/www.facebook.com\/actu94.valdemarne\/\" target=\"_blank\" rel=\"noopener\">Facebook\u00a0<\/a>et\u00a0<a href=\"https:\/\/x.com\/actufr94\">Twitter\u00a0<\/a>;<br \/>Val-d\u2019Oise : retrouvez\u00a0La Gazette du Val-d\u2019Oise\u00a0sur\u00a0<a href=\"https:\/\/www.facebook.com\/lagazetteduvaldoise\/\" target=\"_blank\" rel=\"noopener\">Facebook<\/a>.<\/p>\n<p class=\" wall-content\">Suivez toute l\u2019actualit\u00e9 de vos villes et m\u00e9dias favoris en vous inscrivant \u00e0 <a href=\"https:\/\/moncompte.actu.fr\" title=\"D\u00e9couvez Mon Actu\" rel=\"nofollow noopener\" data-trk=\"{&quot;cta&quot;:{&quot;action&quot;:&quot;https:\\\/\\\/moncompte.actu.fr&quot;,&quot;category&quot;:&quot;mon compte&quot;,&quot;from&quot;:&quot;article footer&quot;,&quot;name&quot;:&quot;Mon actu&quot;,&quot;type&quot;:&quot;cta&quot;}}\" target=\"_blank\">Mon Actu<\/a>.<\/p>\n","protected":false},"excerpt":{"rendered":"Par Antoine Grotteria Publi\u00e9 le 22 juin 2025 \u00e0 18h06 Un week-end festif, mais plusieurs d\u00e9bordements \u00e0 Paris&hellip;\n","protected":false},"author":2,"featured_media":196383,"comment_status":"","ping_status":"","sticky":false,"template":"","format":"standard","meta":{"footnotes":""},"categories":[1592],"tags":[1111,11,1777,674,25885,1011,27,662,777,12,626,25,104,15637],"class_list":{"0":"post-196382","1":"post","2":"type-post","3":"status-publish","4":"format-standard","5":"has-post-thumbnail","7":"category-ile-de-france","8":"tag-actu","9":"tag-actualites","10":"tag-eu","11":"tag-europe","12":"tag-fete-de-la-musique","13":"tag-fr","14":"tag-france","15":"tag-ile-de-france","16":"tag-meurtre","17":"tag-news","18":"tag-paris","19":"tag-republique-francaise","20":"tag-societe","21":"tag-vague-de-chaleur"},"share_on_mastodon":{"url":"https:\/\/pubeurope.com\/@fr\/114728361305014332","error":""},"_links":{"self":[{"href":"https:\/\/www.europesays.com\/fr\/wp-json\/wp\/v2\/posts\/196382","targetHints":{"allow":["GET"]}}],"collection":[{"href":"https:\/\/www.europesays.com\/fr\/wp-json\/wp\/v2\/posts"}],"about":[{"href":"https:\/\/www.europesays.com\/fr\/wp-json\/wp\/v2\/types\/post"}],"author":[{"embeddable":true,"href":"https:\/\/www.europesays.com\/fr\/wp-json\/wp\/v2\/users\/2"}],"replies":[{"embeddable":true,"href":"https:\/\/www.europesays.com\/fr\/wp-json\/wp\/v2\/comments?post=196382"}],"version-history":[{"count":0,"href":"https:\/\/www.europesays.com\/fr\/wp-json\/wp\/v2\/posts\/196382\/revisions"}],"wp:featuredmedia":[{"embeddable":true,"href":"https:\/\/www.europesays.com\/fr\/wp-json\/wp\/v2\/media\/196383"}],"wp:attachment":[{"href":"https:\/\/www.europesays.com\/fr\/wp-json\/wp\/v2\/media?parent=196382"}],"wp:term":[{"taxonomy":"category","embeddable":true,"href":"https:\/\/www.europesays.com\/fr\/wp-json\/wp\/v2\/categories?post=196382"},{"taxonomy":"post_tag","embeddable":true,"href":"https:\/\/www.europesays.com\/fr\/wp-json\/wp\/v2\/tags?post=196382"}],"curies":[{"name":"wp","href":"https:\/\/api.w.org\/{rel}","templated":true}]}}