{"id":196386,"date":"2025-06-22T18:11:38","date_gmt":"2025-06-22T18:11:38","guid":{"rendered":"https:\/\/www.europesays.com\/fr\/196386\/"},"modified":"2025-06-22T18:11:38","modified_gmt":"2025-06-22T18:11:38","slug":"paris-intentions-de-vote-municipale-2026","status":"publish","type":"post","link":"https:\/\/www.europesays.com\/fr\/196386\/","title":{"rendered":"Paris \u2013 Intentions de vote Municipale 2026"},"content":{"rendered":"<p>\t\t\t\t\t\t\t\t<b>Rachida Dati est nettement plus connue que les autres personnalit\u00e9s test\u00e9es. <\/b><b>Au PS, Emmanuel Gr\u00e9goire b\u00e9n\u00e9ficie d\u2019une plus grande notori\u00e9t\u00e9 que R\u00e9mi F\u00e9raud. <\/b><b>Rachida Dati est connue <\/b><b>de nom <\/b><b>par 97% des inscrits sur les listes \u00e9lectorales de Paris, dont 80% <\/b><b>assez bien <\/b><b>ou <\/b><b>tr\u00e8s bien<\/b><b>.<\/b><\/p>\n<p><b>La plupart des autres personnalit\u00e9s sont connues <\/b><b>de nom <\/b><b>par 6 \u00e0 7 Parisiens sur 10 (dont 25% \u00e0 37% <\/b><b>bien<\/b><b>) :<\/b><\/p>\n<ul>\n<li>Thierry Mariani 67%, dont 33%<\/li>\n<li>Sophia Chikirou 64%, dont 34%<\/li>\n<li>Sarah Knafo 63%, dont 37%<\/li>\n<li>Emmanuel Gr\u00e9goire 60%, dont 27%<\/li>\n<li>David Belliard 60%, dont 25%<\/li>\n<li>Ian Brossat 59%, dont 37%<\/li>\n<\/ul>\n<p><b>Pierre-Yves Bournazel est l\u00e9g\u00e8rement en retrait : 1 Parisien sur 2 le connaissent <\/b><b>au moins de nom <\/b><b>(51%), dont 1 sur 4 d\u00e9clarent <\/b><b>bien<\/b><b> le conna\u00eetre (23%).<\/b><\/p>\n<p><b>R\u00e9mi F\u00e9raud est lui connu <\/b><b>de nom <\/b><b>de moins d\u2019un Parisien sur 2 (42%), dont seulement 15% <\/b><b>bien<\/b><b>.<\/b><\/p>\n<p><b>Une image contrast\u00e9e pour toutes les personnalit\u00e9s. <\/b><b>Rachida Dati b\u00e9n\u00e9ficie du plus fort taux d\u2019image positive, mais \u00e9galement d\u2019image n\u00e9gative.<\/b><\/p>\n<p><b>Rachida Dati b\u00e9n\u00e9ficie du capital d\u2019image positive le plus large (42%) parmi les personnalit\u00e9s test\u00e9es, mais clive fortement (54% <\/b><b>image n\u00e9gative<\/b><b>, solde \u00ab\u00a0image positive-n\u00e9gative \u00bb de -12). <\/b>Elle a une bonne image aupr\u00e8s des \u00e9lecteurs Ensemble (64% d\u2019image positive, solde +30) et LR (60%, +28), mais divise les \u00e9lecteurs RN (45%, -6), et a une mauvaise image aupr\u00e8s des \u00e9lecteurs NFP (79% d\u2019image n\u00e9gative, solde -59).<\/p>\n<p><b>Moins connus, les personnalit\u00e9s de gauche Ian <\/b><b>Brossat<\/b><b> (30% <\/b><b>image positive<\/b><b>), Emmanuel Gr\u00e9goire (30%), R\u00e9mi F\u00e9raud (20%) et David Belliard (25%) ont un taux d\u2019image positive plus modeste, mais sont l\u00e9g\u00e8rement moins clivants : solde d\u2019image entre -2 et +1, sauf pour David Belliard \u00e0 35% d\u2019image n\u00e9gative (-10).<\/b><\/p>\n<p><b>Sophia <\/b><b>Chikirou<\/b><b> est quant \u00e0 elle nettement plus clivante (22%, -20).<\/b><\/p>\n<p>Ian Brossat est la personnalit\u00e9 la plus appr\u00e9ci\u00e9e au sein de l\u2019\u00e9lectorat NFP, avec 49% d\u2019image positive et un solde de +29.<\/p>\n<p>Derri\u00e8re, Emmanuel Gr\u00e9goire recueille 42% d\u2019image positive (solde de +16), David Belliard 39% (+8) et R\u00e9mi F\u00e9raud 26% (+9).<\/p>\n<p>La candidate LFI Sophia Chikirou divise la gauche : elle b\u00e9n\u00e9ficie d\u2019une image positive aupr\u00e8s des \u00e9lecteurs LFI aux europ\u00e9ennes 2024 (53% image positive, solde +19), divise les \u00e9cologistes (34%, -2), et a une mauvaise image aupr\u00e8s des \u00e9lecteurs PS (64% image n\u00e9gative, solde -53).<\/p>\n<p><b>Pierre-Yves Bournazel (25%) a une image \u00e9quilibr\u00e9e : 25% \u00ab positive \u00bb, 25% \u00ab n\u00e9gative \u00bb.<\/b><\/p>\n<p>Il b\u00e9n\u00e9ficie d\u2019une image positive aupr\u00e8s des m\u00eames \u00e9lectorats que Rachida Dati (40%, +14 parmi les \u00e9lecteurs Ensemble et 47%, +29 parmi les \u00e9lecteurs LR) mais souffre en comparaison d\u2019un manque de notori\u00e9t\u00e9.<\/p>\n<p><b>De la m\u00eame fa\u00e7on que Sophia <\/b><b>Chikirou<\/b><b>, Sarah <\/b><b>Knafo<\/b><b> (23% <\/b><b>image positive<\/b><b>, solde -17) et Thierry Mariani (19%, -29) sont les personnalit\u00e9s ayant la moins bonne qualit\u00e9 d\u2019image.<\/b><\/p>\n<p><b>Rachida Dati serait nettement en t\u00eate au 1<\/b><b>er<\/b><b> tour avec 28% \u00e0 34% des intentions de vote. <\/b><b>Un total \u00ab gauche \u00bb \u00e9lev\u00e9 (environ 50%) mais une gauche fragment\u00e9e : PS, EELV et LFI dans un mouchoir de poche. <\/b><b>Pour le PS, Emmanuel Gr\u00e9goire ferait mieux que R\u00e9mi F\u00e9raud.<\/b><\/p>\n<p><b>Quelle que soit la configuration, Rachida Dati serait largement en t\u00eate au 1<\/b><b>er<\/b><b> tour : elle recueillerait 34% des intentions de vote en l\u2019absence de Pierre-Yves Bournazel (12 \u00e0 15 points d\u2019avance sur le second candidat), et 28% \u00e0 30% s\u2019il est candidat (+8 \u00e0 +13).<\/b><\/p>\n<p><b>La liste Horizons qu\u2019il m\u00e8nerait recueillerait 7% \u00e0 8% des intentions de vote, et \u00ab p\u00e9naliserait \u00bb Rachida Dati de 4 \u00e0 6 points (par rapport aux hypoth\u00e8ses sans candidature de Pierre-Yves Bournazel).<\/b><\/p>\n<p>Sans Pierre-Yves Bournazel, Rachida Dati obtiendrait le vote de la quasi-totalit\u00e9 des \u00e9lecteurs LR aux derni\u00e8res \u00e9lections l\u00e9gislatives (93% \u00e0 94% des reports de voix), et 78% des \u00e9lecteurs Ensemble (le compl\u00e9ment s\u2019orienterait vers les listes PS et EELV).<\/p>\n<p>Dans l\u2019hypoth\u00e8se d\u2019une candidature Horizons men\u00e9e par Pierre-Yves Bournazel, Rachida Dati ne perdrait qu\u2019une petite partie des \u00e9lecteurs LR (81% pour Dati, 14% pour Bournazel) et Ensemble (60% \u00e0 63% pour Dati, 20% \u00e0 21% pour Bournazel).<\/p>\n<p>Elle recueillerait par ailleurs 10% des voix du RN.<\/p>\n<p><b>La liste EELV men\u00e9e par David Belliard recueillerait 17% \u00e0 22% des intentions de vote (selon les hypoth\u00e8ses d\u2019offre \u00e9lectorale), la liste PS-PC men\u00e9e par R\u00e9mi F\u00e9raud ou Emmanuel Gr\u00e9goire 14% \u00e0 19%, et la liste LFI men\u00e9e par Sophia <\/b><b>Chikirou<\/b><b> 14% \u00e0 17%.<\/b><\/p>\n<p><b>Au PS, Emmanuel Gr\u00e9goire (16% \u00e0 19%)\u00a0 ferait l\u00e9g\u00e8rement mieux que R\u00e9mi F\u00e9raud (14% \u00e0 15%).<\/b><\/p>\n<p>Les voix du NFP aux \u00e9lections l\u00e9gislatives de 2024 se partageraient quasi-\u00e9quitablement entre les 3 listes de gauche.<\/p>\n<p>En consid\u00e9rant les \u00e9lectorats des \u00e9lections europ\u00e9ennes de 2024 (o\u00f9 la gauche \u00e9tait divis\u00e9e) :<\/p>\n<ul>\n<li>David Belliard r\u00e9cup\u00e9rerait les voix d\u2019environ 7 \u00e9lecteurs sur 10 d\u2019EELV (le compl\u00e9ment s\u2019orienterait vers la liste PS\/PC).<\/li>\n<li>Emmanuel Gr\u00e9goire et R\u00e9mi F\u00e9raud peineraient \u00e0 faire le plein aupr\u00e8s de l\u2019\u00e9lectorat de Rapha\u00ebl Glucksmann, ne r\u00e9cup\u00e9rant que la moiti\u00e9 de ses voix avec Emmanuel Gr\u00e9goire et 4 sur 10 avec R\u00e9mi F\u00e9raud. Le compl\u00e9ment s\u2019orienterait majoritairement vers la liste EELV (entre 2 et 4 sur 10), et dans une moindre mesure vers Rachida Dati (environ 1 sur 10).<\/li>\n<li>Sophia Chikirou r\u00e9cup\u00e9rerait les voix d\u2019environ 7 \u00e9lecteurs sur 10 de LFI (le compl\u00e9ment se partagerait entre les listes PS-PC et EELV).<\/li>\n<\/ul>\n<p><b>Le candidat RN Thierry Mariani recueillerait 7% \u00e0 8% des intentions de vote, et la candidate Reconqu\u00eate Sarah <\/b><b>Knafo<\/b><b> 5% \u00e0 6%.<\/b><\/p>\n<p>Les voix du RN aux l\u00e9gislatives 2024 se partageraient ainsi : 60% pour le candidat RN, 30% pour la candidate Reconqu\u00eate, 10% pour Rachida Dati.<\/p>\n<p>Si le RN avait obtenu seulement 1,5% des voix aux derni\u00e8res \u00e9lections municipales, le RN (8,5%) et Reconqu\u00eate (6%) ont rassembl\u00e9 14,5% des voix aux \u00e9lections europ\u00e9ennes de 2024.<\/p>\n<p><b>Quelles priorit\u00e9s d\u2019action pour le futur maire de Paris ? <\/b><b>S\u00e9curit\u00e9, propret\u00e9 et logement. <\/b><b>La s\u00e9curit\u00e9 en priorit\u00e9 absolue \u00e0 droite et au centre, le th\u00e8me du logement rassemble \u00e0 gauche.<\/b><\/p>\n<p><b>Au global, la s\u00e9curit\u00e9 est la priorit\u00e9 d\u2019action pour 42% des Parisiens (dont 23% en 1er), l\u00e9g\u00e8rement devant la propret\u00e9 et l\u2019entretien de la ville (44% dont 14%) et le logement (37% dont 18%).<\/b><\/p>\n<p><b>Les transports en commun (29%), l\u2019adaptation aux cons\u00e9quences du d\u00e9r\u00e8glement climatique (27%) et l\u2019acc\u00e8s aux soins (26%) sont cit\u00e9s par plus d\u2019un sur quatre.<\/b><\/p>\n<p><b>Les choix entre les diff\u00e9rentes priorit\u00e9s d\u2019action r\u00e9v\u00e8lent une forte polarisation politique:<\/b><\/p>\n<ul>\n<li>Aupr\u00e8s des \u00e9lecteurs potentiels de Sophia Chikirou (LFI) : logement (51% dans l\u2019hypoth\u00e8se \u00ab\u00a0Emmanuel Gr\u00e9goire candidat PS, et candidature de Pierre-Yves Bournazel)<\/li>\n<li>Aupr\u00e8s des \u00e9lecteurs potentiels d\u2019Emmanuel Gr\u00e9goire (PS, PC) : logement (51%)<\/li>\n<li>Aupr\u00e8s des \u00e9lecteurs potentiels de David Belliard (EELV) : adaptation aux cons\u00e9quences du d\u00e9r\u00e8glement climatique (57%) et logement (56%)<\/li>\n<li>Aupr\u00e8s des \u00e9lecteurs potentiels de Rachida Dati (Renaissance, MoDem, Horizons, LR) : s\u00e9curit\u00e9 (67%), propret\u00e9\/entretien de la ville (53%)<\/li>\n<li>Aupr\u00e8s des \u00e9lecteurs potentiels de Pierre-Yves Bournazel (Horizons) : propret\u00e9 et entretien de la ville (59%)<\/li>\n<li>Aupr\u00e8s des \u00e9lecteurs potentiels de Thierry Mariani (RN) : s\u00e9curit\u00e9 (66%)<\/li>\n<li>Aupr\u00e8s des \u00e9lecteurs potentiels de Sarah Knafo (Reconqu\u00eate) : s\u00e9curit\u00e9 (83%), propret\u00e9\/entretien de la ville (59%)<\/li>\n<\/ul>\n<p>_________________________<\/p>\n<p>T\u00e9l\u00e9charger le rapport : <a href=\"https:\/\/elabe.fr\/wp-content\/uploads\/2025\/06\/21062025_elabe_bfmtv_la-tribune-dimanche_municipale-paris-2026-1.pdf\" target=\"_blank\" rel=\"noopener\">Paris \u2013 Intentions de vote Municipale 2026<\/a><\/p>\n<p>\u00a0<\/p>\n<p>Cr\u00e9dits image :\u00a0https:\/\/www.maxpixel.net\/<\/p>\n<p>\u00a0<\/p>\n","protected":false},"excerpt":{"rendered":"Rachida Dati est nettement plus connue que les autres personnalit\u00e9s test\u00e9es. Au PS, Emmanuel Gr\u00e9goire b\u00e9n\u00e9ficie d\u2019une plus&hellip;\n","protected":false},"author":2,"featured_media":196387,"comment_status":"","ping_status":"","sticky":false,"template":"","format":"standard","meta":{"footnotes":""},"categories":[1888],"tags":[1111,1928,11,1927,10831,4188,1777,674,1011,27,33566,3102,12,1926,626,1925,417,25],"class_list":{"0":"post-196386","1":"post","2":"type-post","3":"status-publish","4":"format-standard","5":"has-post-thumbnail","7":"category-paris","8":"tag-actu","9":"tag-actu-paris","10":"tag-actualites","11":"tag-actualites-paris","12":"tag-bfmtv","13":"tag-elections-municipales","14":"tag-eu","15":"tag-europe","16":"tag-fr","17":"tag-france","18":"tag-intentions-de-vote","19":"tag-la-tribune-dimanche","20":"tag-news","21":"tag-news-paris","22":"tag-paris","23":"tag-paris-news","24":"tag-rachida-dati","25":"tag-republique-francaise"},"share_on_mastodon":{"url":"https:\/\/pubeurope.com\/@fr\/114728369069314168","error":""},"_links":{"self":[{"href":"https:\/\/www.europesays.com\/fr\/wp-json\/wp\/v2\/posts\/196386","targetHints":{"allow":["GET"]}}],"collection":[{"href":"https:\/\/www.europesays.com\/fr\/wp-json\/wp\/v2\/posts"}],"about":[{"href":"https:\/\/www.europesays.com\/fr\/wp-json\/wp\/v2\/types\/post"}],"author":[{"embeddable":true,"href":"https:\/\/www.europesays.com\/fr\/wp-json\/wp\/v2\/users\/2"}],"replies":[{"embeddable":true,"href":"https:\/\/www.europesays.com\/fr\/wp-json\/wp\/v2\/comments?post=196386"}],"version-history":[{"count":0,"href":"https:\/\/www.europesays.com\/fr\/wp-json\/wp\/v2\/posts\/196386\/revisions"}],"wp:featuredmedia":[{"embeddable":true,"href":"https:\/\/www.europesays.com\/fr\/wp-json\/wp\/v2\/media\/196387"}],"wp:attachment":[{"href":"https:\/\/www.europesays.com\/fr\/wp-json\/wp\/v2\/media?parent=196386"}],"wp:term":[{"taxonomy":"category","embeddable":true,"href":"https:\/\/www.europesays.com\/fr\/wp-json\/wp\/v2\/categories?post=196386"},{"taxonomy":"post_tag","embeddable":true,"href":"https:\/\/www.europesays.com\/fr\/wp-json\/wp\/v2\/tags?post=196386"}],"curies":[{"name":"wp","href":"https:\/\/api.w.org\/{rel}","templated":true}]}}