{"id":196388,"date":"2025-06-22T18:12:44","date_gmt":"2025-06-22T18:12:44","guid":{"rendered":"https:\/\/www.europesays.com\/fr\/196388\/"},"modified":"2025-06-22T18:12:44","modified_gmt":"2025-06-22T18:12:44","slug":"cest-le-forfait-mobile-a-699-euros-par-mois-que-tous-les-parisiens-sarrachent","status":"publish","type":"post","link":"https:\/\/www.europesays.com\/fr\/196388\/","title":{"rendered":"C\u2019est le forfait mobile \u00e0 6,99 euros par mois que tous les Parisiens s\u2019arrachent"},"content":{"rendered":"<p class=\"paragraph text_align_left lp-f-body-02\">Dites stop aux d\u00e9penses inutiles avec <a href=\"https:\/\/www.awin1.com\/awclick.php?gid=311374&amp;mid=7099&amp;awinaffid=467845&amp;linkid=2795761&amp;clickref=\" target=\"_blank\" rel=\"sponsored noopener\">le forfait Le grand de Prixtel<\/a>, un abonnement mobile complet, flexible et sans engagement. Con\u00e7u pour ceux qui veulent l\u2019essentiel sans superflu, il inclut de 100 \u00e0 140 Go en France, 15 Go depuis l\u2019UE et les DOM ainsi que les appels, SMS et MMS illimit\u00e9s. Le transfert d\u2019appel vers la messagerie est \u00e9galement compris. Vous ne payez que ce que vous consommez, sans frais cach\u00e9s ni mauvaises surprises. Votre consommation \u00e9volue ? Vous pouvez facilement adapter votre forfait avec les autres offres Prixtel. Un choix malin pour ma\u00eetriser son budget tout en restant connect\u00e9 partout, en toute libert\u00e9. En ce moment, <a href=\"https:\/\/www.awin1.com\/awclick.php?gid=311374&amp;mid=7099&amp;awinaffid=467845&amp;linkid=2795761&amp;clickref=\" target=\"_blank\" rel=\"sponsored noopener\">le forfait Le grand de Prixtel est disponible \u00e0 partir de 6,99 euros par mois<\/a>. <\/p>\n<p>Moins de 7 euros par mois pour un forfait mobile flexible et complet <\/p>\n<p class=\"paragraph text_align_left lp-f-body-02\">En souscrivant au forfait mobile Le grand de Prixtel, vous gardez le contr\u00f4le sur votre consommation de data. Cet abonnement s\u2019adapte \u00e0 vos besoins gr\u00e2ce \u00e0 3 paliers tarifaires : 6,99 euros par mois jusqu\u2019\u00e0 100 Go, 8,99 euros jusqu\u2019\u00e0 120 Go et 10,99 euros jusqu\u2019\u00e0 140 Go. Des options utiles sont aussi incluses comme le blocage des num\u00e9ros surtax\u00e9s et l\u2019acc\u00e8s \u00e0 la 5G (avec smartphone compatible). Avec plus de 6070 clients satisfaits en 2024, Prixtel s\u00e9duit par la qualit\u00e9 de son r\u00e9seau et l\u2019excellence de son service client. Prixtel, c\u2019est aussi un op\u00e9rateur fran\u00e7ais qui multiplie les actions pour r\u00e9duire les \u00e9missions de gaz \u00e0 effet de serre directement g\u00e9n\u00e9r\u00e9es par son activit\u00e9. Qui a dit qu\u2019\u00e9conomie ne pouvait pas rimer avec \u00e9cologie ?<\/p>\n<p class=\"paragraph text_align_left lp-f-body-02\"><b>Cliquez ici pour <\/b><a href=\"https:\/\/www.awin1.com\/awclick.php?gid=311374&amp;mid=7099&amp;awinaffid=467845&amp;linkid=2795761&amp;clickref=\" target=\"_blank\" rel=\"sponsored noopener\"><b>profiter de l\u2019offre sur Prixtel Le grand <\/b><\/a><\/p>\n","protected":false},"excerpt":{"rendered":"Dites stop aux d\u00e9penses inutiles avec le forfait Le grand de Prixtel, un abonnement mobile complet, flexible et&hellip;\n","protected":false},"author":2,"featured_media":196389,"comment_status":"","ping_status":"","sticky":false,"template":"","format":"standard","meta":{"footnotes":""},"categories":[1888],"tags":[11,1777,674,33568,33567,1011,27,749,142,12,626,25,724],"class_list":{"0":"post-196388","1":"post","2":"type-post","3":"status-publish","4":"format-standard","5":"has-post-thumbnail","7":"category-paris","8":"tag-actualites","9":"tag-eu","10":"tag-europe","11":"tag-forfait-mobile","12":"tag-forfaits-abonnements","13":"tag-fr","14":"tag-france","15":"tag-guide-shopping","16":"tag-high-tech","17":"tag-news","18":"tag-paris","19":"tag-republique-francaise","20":"tag-smartphone"},"share_on_mastodon":{"url":"https:\/\/pubeurope.com\/@fr\/114728373120591602","error":""},"_links":{"self":[{"href":"https:\/\/www.europesays.com\/fr\/wp-json\/wp\/v2\/posts\/196388","targetHints":{"allow":["GET"]}}],"collection":[{"href":"https:\/\/www.europesays.com\/fr\/wp-json\/wp\/v2\/posts"}],"about":[{"href":"https:\/\/www.europesays.com\/fr\/wp-json\/wp\/v2\/types\/post"}],"author":[{"embeddable":true,"href":"https:\/\/www.europesays.com\/fr\/wp-json\/wp\/v2\/users\/2"}],"replies":[{"embeddable":true,"href":"https:\/\/www.europesays.com\/fr\/wp-json\/wp\/v2\/comments?post=196388"}],"version-history":[{"count":0,"href":"https:\/\/www.europesays.com\/fr\/wp-json\/wp\/v2\/posts\/196388\/revisions"}],"wp:featuredmedia":[{"embeddable":true,"href":"https:\/\/www.europesays.com\/fr\/wp-json\/wp\/v2\/media\/196389"}],"wp:attachment":[{"href":"https:\/\/www.europesays.com\/fr\/wp-json\/wp\/v2\/media?parent=196388"}],"wp:term":[{"taxonomy":"category","embeddable":true,"href":"https:\/\/www.europesays.com\/fr\/wp-json\/wp\/v2\/categories?post=196388"},{"taxonomy":"post_tag","embeddable":true,"href":"https:\/\/www.europesays.com\/fr\/wp-json\/wp\/v2\/tags?post=196388"}],"curies":[{"name":"wp","href":"https:\/\/api.w.org\/{rel}","templated":true}]}}