{"id":196390,"date":"2025-06-22T18:13:09","date_gmt":"2025-06-22T18:13:09","guid":{"rendered":"https:\/\/www.europesays.com\/fr\/196390\/"},"modified":"2025-06-22T18:13:09","modified_gmt":"2025-06-22T18:13:09","slug":"a-paris-emmanuel-gregoire-acheve-sa-campagne-pour-linvestiture-socialiste-avec-un-dernier-meeting-liberation","status":"publish","type":"post","link":"https:\/\/www.europesays.com\/fr\/196390\/","title":{"rendered":"\u00e0 Paris, Emmanuel Gr\u00e9goire ach\u00e8ve sa campagne pour l\u2019investiture socialiste avec un dernier meeting \u2013 Lib\u00e9ration"},"content":{"rendered":"<p class=\"sc-ksZaOG ehjQrN text-element\">La chaleur de plomb sous laquelle Paris a c\u00e9l\u00e9br\u00e9 <a href=\"https:\/\/www.liberation.fr\/lifestyle\/a-paris-la-fete-de-la-musique-a-deborde-la-vasque-20250622_6OMYIBLCQJH2JG2UF5DR4MJ5OI\/\" target=\"_blank\" rel=\"noreferrer noopener\" title=\"https:\/\/www.liberation.fr\/lifestyle\/a-paris-la-fete-de-la-musique-a-deborde-la-vasque-20250622_6OMYIBLCQJH2JG2UF5DR4MJ5OI\/\">la F\u00eate de la musique<\/a> la veille n\u2019est pas redescendue, ce dimanche 22\u00a0juin du c\u00f4t\u00e9 de la Villette, dans le nord-est de la capitale. Dans la salle aux airs de serre tropicale, tant par sa d\u00e9coration que par son climat, o\u00f9 le <a href=\"https:\/\/www.liberation.fr\/politique\/elections\/emmanuel-gregoire-se-declare-candidat-a-la-mairie-de-paris-20241119_OEOJB3JGGBGAVEA7352QLT4IHM\/\" target=\"_blank\" rel=\"noopener\" title=\"https:\/\/www.liberation.fr\/politique\/elections\/emmanuel-gregoire-se-declare-candidat-a-la-mairie-de-paris-20241119_OEOJB3JGGBGAVEA7352QLT4IHM\/\">candidat \u00e0 l\u2019investiture du Parti socialiste pour la prochaine campagne municipale<\/a> \u00e0 Paris, Emmanuel Gr\u00e9goire, a r\u00e9uni ses soutiens, il aura fallu du courage aux 250 sympathisants r\u00e9unis pour rester debout le temps du meeting. Et \u00e0 l\u2019\u00e9preuve physique s\u2019est ajout\u00e9 le coup au moral re\u00e7u le matin m\u00eame.<\/p>\n<p class=\"sc-ksZaOG ehjQrN text-element\">Alors que le d\u00e9put\u00e9 de Paris saura lundi 30\u00a0juin s\u2019il est investi par le PS, un sondage <a href=\"https:\/\/elabe.fr\/municipale-paris\/\" target=\"_blank\" rel=\"noopener\" title=\"https:\/\/elabe.fr\/municipale-paris\/\">Elabe,<\/a> r\u00e9alis\u00e9 pour BFMTV et la Tribune dimanche, ne donne \u00e0 l\u2019ancien premi<\/p>\n","protected":false},"excerpt":{"rendered":"La chaleur de plomb sous laquelle Paris a c\u00e9l\u00e9br\u00e9 la F\u00eate de la musique la veille n\u2019est pas&hellip;\n","protected":false},"author":2,"featured_media":196391,"comment_status":"","ping_status":"","sticky":false,"template":"","format":"standard","meta":{"footnotes":""},"categories":[1888],"tags":[11,2618,1777,674,1011,27,5945,12,626,429,25],"class_list":{"0":"post-196390","1":"post","2":"type-post","3":"status-publish","4":"format-standard","5":"has-post-thumbnail","7":"category-paris","8":"tag-actualites","9":"tag-anne-hidalgo","10":"tag-eu","11":"tag-europe","12":"tag-fr","13":"tag-france","14":"tag-municipales-elections","15":"tag-news","16":"tag-paris","17":"tag-ps","18":"tag-republique-francaise"},"share_on_mastodon":{"url":"https:\/\/pubeurope.com\/@fr\/114728377149147602","error":""},"_links":{"self":[{"href":"https:\/\/www.europesays.com\/fr\/wp-json\/wp\/v2\/posts\/196390","targetHints":{"allow":["GET"]}}],"collection":[{"href":"https:\/\/www.europesays.com\/fr\/wp-json\/wp\/v2\/posts"}],"about":[{"href":"https:\/\/www.europesays.com\/fr\/wp-json\/wp\/v2\/types\/post"}],"author":[{"embeddable":true,"href":"https:\/\/www.europesays.com\/fr\/wp-json\/wp\/v2\/users\/2"}],"replies":[{"embeddable":true,"href":"https:\/\/www.europesays.com\/fr\/wp-json\/wp\/v2\/comments?post=196390"}],"version-history":[{"count":0,"href":"https:\/\/www.europesays.com\/fr\/wp-json\/wp\/v2\/posts\/196390\/revisions"}],"wp:featuredmedia":[{"embeddable":true,"href":"https:\/\/www.europesays.com\/fr\/wp-json\/wp\/v2\/media\/196391"}],"wp:attachment":[{"href":"https:\/\/www.europesays.com\/fr\/wp-json\/wp\/v2\/media?parent=196390"}],"wp:term":[{"taxonomy":"category","embeddable":true,"href":"https:\/\/www.europesays.com\/fr\/wp-json\/wp\/v2\/categories?post=196390"},{"taxonomy":"post_tag","embeddable":true,"href":"https:\/\/www.europesays.com\/fr\/wp-json\/wp\/v2\/tags?post=196390"}],"curies":[{"name":"wp","href":"https:\/\/api.w.org\/{rel}","templated":true}]}}