{"id":196413,"date":"2025-06-22T18:25:10","date_gmt":"2025-06-22T18:25:10","guid":{"rendered":"https:\/\/www.europesays.com\/fr\/196413\/"},"modified":"2025-06-22T18:25:10","modified_gmt":"2025-06-22T18:25:10","slug":"la-france-battue-au-cinquieme-set-par-les-etats-unis-en-ligue-des-nations-lequipe","status":"publish","type":"post","link":"https:\/\/www.europesays.com\/fr\/196413\/","title":{"rendered":"La France battue au cinqui\u00e8me set par les \u00c9tats-Unis en Ligue des nations &#8211; L&#039;\u00c9quipe"},"content":{"rendered":"<ol>\n<li><a href=\"https:\/\/news.google.com\/rss\/articles\/CBMixgFBVV95cUxPeVdGUXU0QWRZemFvQUdCTG9VTHd1XzBRZTlvMzRLQWxiQ0JZMjNnVEh0NHo0U3dWV2tnRm5OYUlMTjhnY1VIZ0xQN2pWWnNPQ1pSRU1aZHZRRnhaSjVhOVFUMTJJb3ozaWNpRnNTWFVDR3dQU1ZyUkJiWmdHNWhoeFVVMHdTajRad0dyM1JBZjk0UldlNVlWZDhGRlVqNHN6U0toR0lIMUNyMHM3UUFfRFVFYWYzWUoyX0FuVDU2ZFZ4MndOMXc?oc=5\" target=\"_blank\" rel=\"nofollow noopener\">La France battue au cinqui\u00e8me set par les \u00c9tats-Unis en Ligue des nations<\/a>&nbsp;&nbsp;L&rsquo;\u00c9quipe<\/li>\n<li><a href=\"https:\/\/news.google.com\/rss\/articles\/CBMivgFBVV95cUxOMjZhanoyNUJyWmtmX2w4MGhZS3VXU09Ha0FXd0FhalRBa3V5dzBMc2k2TkRYZHNpdnppOEZCLXRnNWN3NElnVjQybzA5Qm1HUnRvRGk4ZDVUMjJScklNQy11czFiWnJxV1VVNjZXVUZERVhpMXlzQUxqbEhNbHQ1V2NzVWVjS3c2T1pIR0pEbDBRVFZfWTNjNHgxNVVJYjlvQmkzSnRZSEkzWXVwckpURXRBbVI5TEVQNmFFNklR?oc=5\" target=\"_blank\" rel=\"nofollow noopener\">Volley (F): la France s&rsquo;offre la Serbie chez elle en Ligue des nations<\/a>&nbsp;&nbsp;Le Figaro<\/li>\n<li><a href=\"https:\/\/news.google.com\/rss\/articles\/CBMiwwFBVV95cUxNT3dpZEgxTVFtTEE3U1pnZ1pLZ002ZjNoZkpiemg3UmFWSXI0MEtMd2w0bnFVSFdHbHd1b1A1ZGlUdzlGdTdrUmIyOVJpYldQRmZGcmFKemZzUUtIUTU1UE1aUndyUHhsa0VwRFBTOWhaZUxlY01zVk1PYmpoMVpFamg5VVlDVldvR3U1a0h6YUdPWU5TVEROckttc3M4TGRJaks4bXRFRmdBWUNGQWdPSmlGU1piYU5UbVAwLVNORldzUmvSAcIBQVVfeXFMUEJmcFhaT2hvRUd2ZkZ2SUEwRG5fSzVyVGczVWQtVDd5Z25FRTBWUjNySXBMRmdtMG1JLUxrNThObUJOZWJnZllWekxWQU1OU0NQUkQ4bXFpUU9JRzFRSEh2cmhybFBpUkU2YnZpdFhHbnNjSXRwc3E1OTUxc3dWNTk4S1RNajVUZWtnd0RsdGRGQWxtd3FkVG5sMXlKS3RQOHpKeUNJY3M4RUxkNm9aWjVOdkhLZnpkaEZIRklMZVVGQXc?oc=5\" target=\"_blank\" rel=\"nofollow noopener\">Ligue des nations (F) : Les Bleues encha\u00eenent face \u00e0 la Serbie<\/a>&nbsp;&nbsp;Orange Actualit\u00e9s | Sports<\/li>\n<li><a href=\"https:\/\/news.google.com\/rss\/articles\/CBMi1gFBVV95cUxOc0pabEJENVhGbGVFRTdabkcyaWE3Sm9qUmt4SnE3MjAzLW11dkJhNmFnNzhOdDNqVXBDam4yaVZRZ1Zja3lEdWJYREZoWENBblhfQlVqT294Z2pnYkxqZVdvelJpZVN1VmFPTGpmVFA5Z3hJMmZRODBaY1A1MlBmVEJCTnM3ZjRoenY1M1p0UDN5cUFkMllYakotb3JIM2hTbDFodHhrZ3hsSmU1aWVSYUtsZUliVV9tWHhoWUNaSFlWVWx0LXRrTUNvbWxxZWE1Wnh6SjFR?oc=5\" target=\"_blank\" rel=\"nofollow noopener\">Ligue des nations f\u00e9minine : la France encha\u00eene avec un nouveau succ\u00e8s face \u00e0 la Serbie<\/a>&nbsp;&nbsp;lanouvellerepublique.fr<\/li>\n<li><a href=\"https:\/\/news.google.com\/rss\/articles\/CBMi8gFBVV95cUxQaEZJVFlZblB2ZTNXQnlmaTY2SldUTTM2bmx2cUM1eTB6Q1dGVjRGNFBxRmFRczFEU2tHMmxvZVFwb0NaaHFYbWxzbE1mTjdxWWRxNlpIcWZXVVc2bjNEM2l4cG9NLUFJcTh0OU1UeVdqUktUYzF5S05hY19MZUxmb1FLZnlfelROYVY2UEl6REM3MHhoV3dDZEo1WXRzV3dOSmF2VzU5WmM2aE53Tkkxd3AtLU5UVnZQeWhDTi1kc1pSWmpoYTltUFJDdW5md3BNVDNZcWRSOXh3WVV1Q2o3RFhUM216dW9WVFVwWnpjM0RoUQ?oc=5\" target=\"_blank\" rel=\"nofollow noopener\">Ligue des nations f\u00e9minine de volley. Les Bleues en d\u00e9monstration face aux Pays-Bas<\/a>&nbsp;&nbsp;Ouest-France<\/li>\n<\/ol>\n","protected":false},"excerpt":{"rendered":"La France battue au cinqui\u00e8me set par les \u00c9tats-Unis en Ligue des nations&nbsp;&nbsp;L&rsquo;\u00c9quipe Volley (F): la France s&rsquo;offre&hellip;\n","protected":false},"author":2,"featured_media":196414,"comment_status":"","ping_status":"","sticky":false,"template":"","format":"standard","meta":{"footnotes":""},"categories":[1417],"tags":[1011,27,60,1470,1469],"class_list":{"0":"post-196413","1":"post","2":"type-post","3":"status-publish","4":"format-standard","5":"has-post-thumbnail","7":"category-volley","8":"tag-fr","9":"tag-france","10":"tag-sports","11":"tag-volley","12":"tag-volleyball"},"share_on_mastodon":{"url":"https:\/\/pubeurope.com\/@fr\/114728424110869600","error":""},"_links":{"self":[{"href":"https:\/\/www.europesays.com\/fr\/wp-json\/wp\/v2\/posts\/196413","targetHints":{"allow":["GET"]}}],"collection":[{"href":"https:\/\/www.europesays.com\/fr\/wp-json\/wp\/v2\/posts"}],"about":[{"href":"https:\/\/www.europesays.com\/fr\/wp-json\/wp\/v2\/types\/post"}],"author":[{"embeddable":true,"href":"https:\/\/www.europesays.com\/fr\/wp-json\/wp\/v2\/users\/2"}],"replies":[{"embeddable":true,"href":"https:\/\/www.europesays.com\/fr\/wp-json\/wp\/v2\/comments?post=196413"}],"version-history":[{"count":0,"href":"https:\/\/www.europesays.com\/fr\/wp-json\/wp\/v2\/posts\/196413\/revisions"}],"wp:featuredmedia":[{"embeddable":true,"href":"https:\/\/www.europesays.com\/fr\/wp-json\/wp\/v2\/media\/196414"}],"wp:attachment":[{"href":"https:\/\/www.europesays.com\/fr\/wp-json\/wp\/v2\/media?parent=196413"}],"wp:term":[{"taxonomy":"category","embeddable":true,"href":"https:\/\/www.europesays.com\/fr\/wp-json\/wp\/v2\/categories?post=196413"},{"taxonomy":"post_tag","embeddable":true,"href":"https:\/\/www.europesays.com\/fr\/wp-json\/wp\/v2\/tags?post=196413"}],"curies":[{"name":"wp","href":"https:\/\/api.w.org\/{rel}","templated":true}]}}