{"id":196417,"date":"2025-06-22T18:27:09","date_gmt":"2025-06-22T18:27:09","guid":{"rendered":"https:\/\/www.europesays.com\/fr\/196417\/"},"modified":"2025-06-22T18:27:09","modified_gmt":"2025-06-22T18:27:09","slug":"atp-queens-jamie-murray-apres-sinner-et-alcaraz-il-sera-sans-aucun-doute-lun-des-favoris-a-wimbledon","status":"publish","type":"post","link":"https:\/\/www.europesays.com\/fr\/196417\/","title":{"rendered":"ATP &#8211; Queen&rsquo;s > Jamie Murray : \u00ab\u00a0Apr\u00e8s Sinner et Alcaraz, il sera sans aucun doute l&rsquo;un des favoris \u00e0 Wimbledon\u00a0\u00bb"},"content":{"rendered":"<p>Dans des propos tenus sur la BBC et relay\u00e9s par <a href=\"https:\/\/www.thetennisgazette.com\/news\/jamie-murray-reveals-whether-he-is-worried-about-jack-drapers-wimbledon-chances-following-queens-defeat\/\" data-wpel-link=\"external\" target=\"_blank\" rel=\"nofollow external noopener\">The Tennis Gazette<\/a>, Jamie Murray, fr\u00e8re d\u2019Andy et direc\u00adteur du Queen\u2019s, a \u00e9valu\u00e9 les chances de titre de Jack Draper \u00e0 Wimbledon, apr\u00e8s la d\u00e9faite de ce dernier contre Jiri Lehecka en demi\u2010finales.<\/p>\n<p><strong>\u00ab\u202fIl n\u2019y a abso\u00adlu\u00adment aucune raison de s\u2019in\u00adqui\u00e9ter ou de pani\u00adquer \u00e0 propos de ce qui pour\u00adrait se passer \u00e0 Wimbledon. Je suis s\u00fbr que lors\u00adqu\u2019il y repen\u00adsera, dans les prochains jours, il sera heureux d\u2019\u00eatre venu ici, d\u2019avoir disput\u00e9 quatre matchs et livr\u00e9 de nombreux combats. Il a telle\u00adment de qualit\u00e9s\u202f; il conna\u00eet une ann\u00e9e incroyable. Nous esp\u00e9\u00adrons vrai\u00adment qu\u2019il fera un grand Wimbledon. Il sera sans aucun doute l\u2019un des favoris derri\u00e8re Sinner et Alcaraz \u00e0 l\u2019ap\u00adproche du tournoi.\u202f\u00bb<\/strong><\/p>\n<p class=\"post-published-date\" style=\"color: silver; font-size: 75%; text-align: left;\">Publi\u00e9 le dimanche 22 juin 2025 \u00e0 19:45<\/p>\n","protected":false},"excerpt":{"rendered":"Dans des propos tenus sur la BBC et relay\u00e9s par The Tennis Gazette, Jamie Murray, fr\u00e8re d\u2019Andy et&hellip;\n","protected":false},"author":2,"featured_media":196418,"comment_status":"","ping_status":"","sticky":false,"template":"","format":"standard","meta":{"footnotes":""},"categories":[1415],"tags":[1744,4737,4388,1011,27,2127,60,1467],"class_list":{"0":"post-196417","1":"post","2":"type-post","3":"status-publish","4":"format-standard","5":"has-post-thumbnail","7":"category-tennis","8":"tag-alcaraz","9":"tag-andy-murray","10":"tag-draper","11":"tag-fr","12":"tag-france","13":"tag-sinner","14":"tag-sports","15":"tag-tennis"},"share_on_mastodon":{"url":"https:\/\/pubeurope.com\/@fr\/114728431933032366","error":""},"_links":{"self":[{"href":"https:\/\/www.europesays.com\/fr\/wp-json\/wp\/v2\/posts\/196417","targetHints":{"allow":["GET"]}}],"collection":[{"href":"https:\/\/www.europesays.com\/fr\/wp-json\/wp\/v2\/posts"}],"about":[{"href":"https:\/\/www.europesays.com\/fr\/wp-json\/wp\/v2\/types\/post"}],"author":[{"embeddable":true,"href":"https:\/\/www.europesays.com\/fr\/wp-json\/wp\/v2\/users\/2"}],"replies":[{"embeddable":true,"href":"https:\/\/www.europesays.com\/fr\/wp-json\/wp\/v2\/comments?post=196417"}],"version-history":[{"count":0,"href":"https:\/\/www.europesays.com\/fr\/wp-json\/wp\/v2\/posts\/196417\/revisions"}],"wp:featuredmedia":[{"embeddable":true,"href":"https:\/\/www.europesays.com\/fr\/wp-json\/wp\/v2\/media\/196418"}],"wp:attachment":[{"href":"https:\/\/www.europesays.com\/fr\/wp-json\/wp\/v2\/media?parent=196417"}],"wp:term":[{"taxonomy":"category","embeddable":true,"href":"https:\/\/www.europesays.com\/fr\/wp-json\/wp\/v2\/categories?post=196417"},{"taxonomy":"post_tag","embeddable":true,"href":"https:\/\/www.europesays.com\/fr\/wp-json\/wp\/v2\/tags?post=196417"}],"curies":[{"name":"wp","href":"https:\/\/api.w.org\/{rel}","templated":true}]}}