{"id":196421,"date":"2025-06-22T18:30:10","date_gmt":"2025-06-22T18:30:10","guid":{"rendered":"https:\/\/www.europesays.com\/fr\/196421\/"},"modified":"2025-06-22T18:30:10","modified_gmt":"2025-06-22T18:30:10","slug":"des-travaux-a-lechangeur-de-troyalach-une-innovation-a-lhopital-et-cinema-a-quimper-lundi-23-juin","status":"publish","type":"post","link":"https:\/\/www.europesays.com\/fr\/196421\/","title":{"rendered":"Des travaux \u00e0 l&rsquo;\u00e9changeur de Troyalac&rsquo;h, une innovation \u00e0 l&rsquo;h\u00f4pital et cin\u00e9ma, \u00e0 Quimper, lundi 23 juin"},"content":{"rendered":"<p>            Par<br \/>\n        <strong><br \/>\n            <a href=\"https:\/\/actu.fr\/auteur\/cote-quimper\" title=\"Consulter tous les articles de R\u00e9daction C\u00f4t\u00e9 Quimper\" rel=\"nofollow noopener\" target=\"_blank\">R\u00e9daction C\u00f4t\u00e9 Quimper<\/a><br \/>\n        <\/strong><\/p>\n<p>        Publi\u00e9 le<\/p>\n<p>            22 juin 2025 \u00e0 20h16        <\/p>\n<p>Encore une semaine de travaux \u00e0 l\u2019\u00e9changeur de Troyalac\u2019h\u00a0<\/p>\n<p class=\" wall-content\">Les <a href=\"https:\/\/actu.fr\/tag\/travaux\" rel=\"nofollow noopener\" target=\"_blank\">travaux <\/a>d\u2019am\u00e9nagement de <b>l\u2019\u00e9changeur de Troyalac\u2019h<\/b>, \u00e0 l\u2019entr\u00e9e de <b>Quimper <\/b>(Finist\u00e8re), continuent jusqu\u2019\u00e0 vendredi 4 juillet 2025.\u00a0<\/p>\n<p class=\" wall-content\">\u00c0 partir de ce lundi 23 juin, les conditions de circulation sont \u00e0 nouveau modifi\u00e9es :\u00a0<\/p>\n<ul class=\" wall-content\">\n<li>les voies du rond-point de Troyalac\u2019h sont partiellement neutralis\u00e9es,<\/li>\n<li>le shunt de la sortie de la RN 165 en provenance de Lorient vers Quimper est ferm\u00e9,<\/li>\n<li>la circulation est r\u00e9duite \u00e0 une seule voie au niveau du rond-point en cours de construction<\/li>\n<\/ul>\n<p class=\" wall-content\">Cons\u00e9quence :\u00a0<\/p>\n<ul class=\" wall-content\">\n<li>la vitesse est limit\u00e9e \u00e0 30 km\/h entre les deux giratoires de Troyalac\u2019h,<\/li>\n<li>les pi\u00e9tons sont invit\u00e9s \u00e0 \u00e9viter cette zone<\/li>\n<\/ul>\n<p>Vid\u00e9os : en ce moment sur ActuSant\u00e9 : l\u2019h\u00f4pital de Quimper inaugure un nouvel \u00e9quipement<\/p>\n<p class=\" wall-content\">Lundi 23 juin, le centre hospitalier de Cornouaille inaugure<b> la photobiomodulation<\/b> en radioth\u00e9rapie. Il s\u2019agit \u00ab\u00a0d\u2019une nouvelle technique de pr\u00e9vention et de traitement des effets secondaires des patients atteints de cancer\u00a0\u00bb, pr\u00e9cise la direction de l\u2019\u00e9tablissement.\u00a0<\/p>\n<p class=\" wall-content\">Ce projet a notamment re\u00e7u un financement du Fonds de dotation Innoveo.\u00a0 <b\/><\/p>\n<p>Cin\u00e9ma : F1\u00ae Le film en avant-premi\u00e8re<\/p>\n<p class=\" wall-content\">Lundi 23 juin, <b>le Cin\u00e9ville de Quimper <\/b>programme une soir\u00e9e sp\u00e9ciale F1 avec l\u2019avant-premi\u00e8re de F1\u00ae Le film,\u00a0de <b>Joseph Kosinski<\/b> avec Brad Pitt.\u00a0<\/p>\n<p class=\" wall-content\">La bande-annonce est \u00e0 regarder sur YouTube :\u00a0<\/p>\n<p class=\" wall-content\">\n<p class=\" wall-content\"><b>Infos pratiques.\u00a0<\/b><\/p>\n<p class=\" wall-content\"><b>La s\u00e9ance est programm\u00e9e \u00e0 20h15. Tarifs : de 5,90 \u00e0 11,20 euros.<\/b>\u00a0<\/p>\n<p class=\" wall-content\">Suivez toute l\u2019actualit\u00e9 de vos villes et m\u00e9dias favoris en vous inscrivant \u00e0 <a href=\"https:\/\/moncompte.actu.fr\" title=\"D\u00e9couvez Mon Actu\" rel=\"nofollow noopener\" data-trk=\"{&quot;cta&quot;:{&quot;action&quot;:&quot;https:\\\/\\\/moncompte.actu.fr&quot;,&quot;category&quot;:&quot;mon compte&quot;,&quot;from&quot;:&quot;article footer&quot;,&quot;name&quot;:&quot;Mon actu&quot;,&quot;type&quot;:&quot;cta&quot;}}\" target=\"_blank\">Mon Actu<\/a>.<\/p>\n","protected":false},"excerpt":{"rendered":"Par R\u00e9daction C\u00f4t\u00e9 Quimper Publi\u00e9 le 22 juin 2025 \u00e0 20h16 Encore une semaine de travaux \u00e0 l\u2019\u00e9changeur&hellip;\n","protected":false},"author":2,"featured_media":196422,"comment_status":"","ping_status":"","sticky":false,"template":"","format":"standard","meta":{"footnotes":""},"categories":[1412],"tags":[1451,1452,1453,1454,1455,1011,27,104,60,2086],"class_list":{"0":"post-196421","1":"post","2":"type-post","3":"status-publish","4":"format-standard","5":"has-post-thumbnail","7":"category-f1","8":"tag-f1","9":"tag-formula-1","10":"tag-formula1","11":"tag-formule-1","12":"tag-formule1","13":"tag-fr","14":"tag-france","15":"tag-societe","16":"tag-sports","17":"tag-travaux"},"share_on_mastodon":{"url":"https:\/\/pubeurope.com\/@fr\/114728443819801927","error":""},"_links":{"self":[{"href":"https:\/\/www.europesays.com\/fr\/wp-json\/wp\/v2\/posts\/196421","targetHints":{"allow":["GET"]}}],"collection":[{"href":"https:\/\/www.europesays.com\/fr\/wp-json\/wp\/v2\/posts"}],"about":[{"href":"https:\/\/www.europesays.com\/fr\/wp-json\/wp\/v2\/types\/post"}],"author":[{"embeddable":true,"href":"https:\/\/www.europesays.com\/fr\/wp-json\/wp\/v2\/users\/2"}],"replies":[{"embeddable":true,"href":"https:\/\/www.europesays.com\/fr\/wp-json\/wp\/v2\/comments?post=196421"}],"version-history":[{"count":0,"href":"https:\/\/www.europesays.com\/fr\/wp-json\/wp\/v2\/posts\/196421\/revisions"}],"wp:featuredmedia":[{"embeddable":true,"href":"https:\/\/www.europesays.com\/fr\/wp-json\/wp\/v2\/media\/196422"}],"wp:attachment":[{"href":"https:\/\/www.europesays.com\/fr\/wp-json\/wp\/v2\/media?parent=196421"}],"wp:term":[{"taxonomy":"category","embeddable":true,"href":"https:\/\/www.europesays.com\/fr\/wp-json\/wp\/v2\/categories?post=196421"},{"taxonomy":"post_tag","embeddable":true,"href":"https:\/\/www.europesays.com\/fr\/wp-json\/wp\/v2\/tags?post=196421"}],"curies":[{"name":"wp","href":"https:\/\/api.w.org\/{rel}","templated":true}]}}