{"id":196427,"date":"2025-06-22T18:33:09","date_gmt":"2025-06-22T18:33:09","guid":{"rendered":"https:\/\/www.europesays.com\/fr\/196427\/"},"modified":"2025-06-22T18:33:09","modified_gmt":"2025-06-22T18:33:09","slug":"un-autre-projet-de-vie-julie-ferrier-en-larmes-elle-fait-une-revelation-dechirante","status":"publish","type":"post","link":"https:\/\/www.europesays.com\/fr\/196427\/","title":{"rendered":"\u00ab\u00a0Un autre projet de vie\u00a0\u00bb : Julie Ferrier en larmes, elle fait une r\u00e9v\u00e9lation d\u00e9chirante"},"content":{"rendered":"<p>Invit\u00e9e de \u00ab\u00a0Un dimanche \u00e0 la campagne\u00a0\u00bb ce 22 juin sur France 2,<br \/>\nJulie Ferrier a livr\u00e9 un t\u00e9moignage poignant. Face \u00e0 <a href=\"https:\/\/www.closermag.fr\/tv_tele_realite\/la-tele-ne-repare-pas-frederic-lopez-se-livre-sur-les-maux-de-son-enfance-sans-affection-3540307\" rel=\"nofollow noopener\" target=\"_blank\"><br \/>\nFr\u00e9d\u00e9ric Lopez<\/a>, la com\u00e9dienne de 53 ans a \u00e9voqu\u00e9 sans d\u00e9tour<br \/>\nles \u00e9preuves qui ont jalonn\u00e9 sa vie priv\u00e9e, d\u00e9voilant au passage un<br \/>\nprojet qui lui tient particuli\u00e8rement \u00e0 c\u0153ur.<\/p>\n<p>Un t\u00e9moignage bouleversant sur la maternit\u00e9<\/p>\n<p>Dans le cadre intimiste de l&rsquo;\u00e9mission, <a href=\"https:\/\/www.closermag.fr\/people\/julie-ferrier-se-confie-sur-son-burn-out-j-etais-dans-le-deni-1248934#item=1\" rel=\"nofollow noopener\" target=\"_blank\"><br \/>\nJulie Ferrier<\/a> s&rsquo;est montr\u00e9e d&rsquo;une sinc\u00e9rit\u00e9 remarquable.<br \/>\nInterrog\u00e9e d\u00e9licatement par l&rsquo;animateur sur son d\u00e9sir d&rsquo;enfant,<br \/>\nl&rsquo;actrice n&rsquo;a pas \u00e9lud\u00e9 la question. \u00ab\u00a0Moi, j&rsquo;en avais envie et<br \/>\nje n&rsquo;ai pas r\u00e9ussi\u00a0\u00bb, a-t-elle confi\u00e9, la voix empreinte<br \/>\nd&rsquo;\u00e9motion.<\/p>\n<p>La star du petit \u00e9cran a alors d\u00e9voil\u00e9 l&rsquo;ampleur de son calvaire<br \/>\npersonnel. \u00ab\u00a0C&rsquo;\u00e9tait un parcours de longue haleine et de<br \/>\nsouffrance terrible, en parall\u00e8le de ce parcours artistique<br \/>\nmerveilleux, c&rsquo;est que j&rsquo;ai fait huit fausses couches\u00a0\u00bb, a<br \/>\nr\u00e9v\u00e9l\u00e9 la quinquag\u00e9naire. Une confidence d&rsquo;autant plus touchante<br \/>\nqu&rsquo;elle souligne le contraste entre sa r\u00e9ussite professionnelle et<br \/>\nses d\u00e9ceptions intimes. \u00ab\u00a0C&rsquo;est le petit point noir au parcours<br \/>\nde madame Ferrier, c&rsquo;est qu&rsquo;\u00e0 53 ans je n&rsquo;ai pas de vie de famille.<br \/>\nC&rsquo;est un peu triste\u00a0\u00bb, a-t-elle ajout\u00e9 avec une lucidit\u00e9<br \/>\nd\u00e9sarmante.<\/p>\n<p>L&rsquo;adoption, une voie complexe \u00e0 envisager<\/p>\n<p>Julie Ferrier a \u00e9galement abord\u00e9 la question de l&rsquo;adoption,<br \/>\nsouvent sugg\u00e9r\u00e9e par son entourage. Toutefois, cette alternative<br \/>\ns&rsquo;av\u00e8re plus compliqu\u00e9e qu&rsquo;il n&rsquo;y para\u00eet pour elle. \u00ab\u00a0On m&rsquo;a<br \/>\nsouvent dit : &lsquo;Pourquoi tu n&rsquo;adoptes pas ?&rsquo;. C&rsquo;est tr\u00e8s compliqu\u00e9<br \/>\nquand on a des grossesses et que juste l&rsquo;enfant ne s&rsquo;accroche pas<br \/>\net que tu le perds, d&rsquo;envisager d&rsquo;adopter\u00a0\u00bb,<br \/>\nexplique-t-elle.<\/p>\n<p>Cette distinction subtile mais essentielle illustre la<br \/>\nsp\u00e9cificit\u00e9 de son v\u00e9cu. En effet, contrairement \u00e0 une situation de<br \/>\nst\u00e9rilit\u00e9 diagnostiqu\u00e9e, les fausses couches r\u00e9p\u00e9t\u00e9es cr\u00e9ent un<br \/>\nrapport diff\u00e9rent \u00e0 la maternit\u00e9. \u00ab\u00a0Ce n&rsquo;est pas comme quand on<br \/>\nt&rsquo;annonce que tu es st\u00e9rile\u00a0\u00bb, pr\u00e9cise l&rsquo;artiste, mettant en<br \/>\nlumi\u00e8re la complexit\u00e9 psychologique de sa situation.<\/p>\n<p>Un projet in\u00e9dit pour ses 60 ans<\/p>\n<p>N\u00e9anmoins, Julie Ferrier refuse de s&rsquo;apitoyer sur son sort. Au<br \/>\ncontraire, elle puise dans cette \u00e9preuve la force de se projeter<br \/>\nvers l&rsquo;avenir. \u00ab\u00a0Alors il y a quelque chose de merveilleux quand<br \/>\nm\u00eame l\u00e0-dedans, c&rsquo;est que j&rsquo;ai un autre projet de vie pour mes 60<br \/>\nans\u00a0\u00bb, annonce-t-elle avec fiert\u00e9.<\/p>\n<p>Son projet ? Devenir famille d&rsquo;accueil \u00e0 Mayotte, territoire<br \/>\nqu&rsquo;elle affectionne particuli\u00e8rement. \u00ab\u00a0Il y a 6000 enfants \u00e0 la<br \/>\nrue, et j&rsquo;ai d\u00e9couvert le m\u00e9tier de famille d&rsquo;accueil. J&rsquo;ai un<br \/>\nprojet, c&rsquo;est d&rsquo;\u00eatre famille d&rsquo;accueil. C&rsquo;est la premi\u00e8re fois que<br \/>\nje le dis\u00a0\u00bb, r\u00e9v\u00e8le-t-elle pour la premi\u00e8re fois publiquement.<br \/>\nCette initiative, inspir\u00e9e par sa rencontre avec l&rsquo;\u00eele il y a vingt<br \/>\nans gr\u00e2ce \u00e0 son oncle p\u00e9diatre, t\u00e9moigne de sa volont\u00e9 de<br \/>\ntransformer sa peine en action solidaire.<\/p>\n","protected":false},"excerpt":{"rendered":"Invit\u00e9e de \u00ab\u00a0Un dimanche \u00e0 la campagne\u00a0\u00bb ce 22 juin sur France 2, Julie Ferrier a livr\u00e9 un&hellip;\n","protected":false},"author":2,"featured_media":196428,"comment_status":"","ping_status":"","sticky":false,"template":"","format":"standard","meta":{"footnotes":""},"categories":[1359],"tags":[548,58,59,1011,27,973],"class_list":{"0":"post-196427","1":"post","2":"type-post","3":"status-publish","4":"format-standard","5":"has-post-thumbnail","7":"category-people","8":"tag-article-simple","9":"tag-divertissement","10":"tag-entertainment","11":"tag-fr","12":"tag-france","13":"tag-people"},"share_on_mastodon":{"url":"https:\/\/pubeurope.com\/@fr\/114728455605086600","error":""},"_links":{"self":[{"href":"https:\/\/www.europesays.com\/fr\/wp-json\/wp\/v2\/posts\/196427","targetHints":{"allow":["GET"]}}],"collection":[{"href":"https:\/\/www.europesays.com\/fr\/wp-json\/wp\/v2\/posts"}],"about":[{"href":"https:\/\/www.europesays.com\/fr\/wp-json\/wp\/v2\/types\/post"}],"author":[{"embeddable":true,"href":"https:\/\/www.europesays.com\/fr\/wp-json\/wp\/v2\/users\/2"}],"replies":[{"embeddable":true,"href":"https:\/\/www.europesays.com\/fr\/wp-json\/wp\/v2\/comments?post=196427"}],"version-history":[{"count":0,"href":"https:\/\/www.europesays.com\/fr\/wp-json\/wp\/v2\/posts\/196427\/revisions"}],"wp:featuredmedia":[{"embeddable":true,"href":"https:\/\/www.europesays.com\/fr\/wp-json\/wp\/v2\/media\/196428"}],"wp:attachment":[{"href":"https:\/\/www.europesays.com\/fr\/wp-json\/wp\/v2\/media?parent=196427"}],"wp:term":[{"taxonomy":"category","embeddable":true,"href":"https:\/\/www.europesays.com\/fr\/wp-json\/wp\/v2\/categories?post=196427"},{"taxonomy":"post_tag","embeddable":true,"href":"https:\/\/www.europesays.com\/fr\/wp-json\/wp\/v2\/tags?post=196427"}],"curies":[{"name":"wp","href":"https:\/\/api.w.org\/{rel}","templated":true}]}}